{"id":234795,"date":"2025-07-08T09:36:09","date_gmt":"2025-07-08T09:36:09","guid":{"rendered":"https:\/\/www.europesays.com\/fr\/234795\/"},"modified":"2025-07-08T09:36:09","modified_gmt":"2025-07-08T09:36:09","slug":"direct-metro-rer-trains-lignes-fermees-duree-des-travaux-climatisation-posez-nous-vos-questions-sur-les-transports-en-ile-de-france-cet-ete","status":"publish","type":"post","link":"https:\/\/www.europesays.com\/fr\/234795\/","title":{"rendered":"DIRECT. M\u00e9tro, RER, trains\u00a0: lignes ferm\u00e9es, dur\u00e9e des travaux, climatisation\u2026 Posez-nous vos questions sur les transports en \u00cele-de-France cet \u00e9t\u00e9"},"content":{"rendered":"<p class=\"col subheadline margin_bottom_subheadline\">Les travaux de maintenance sont nombreux cet \u00e9t\u00e9. Les m\u00e9tros sont impact\u00e9s, avec des portions de lignes ferm\u00e9es. Mais aussi les trams et les RER. \u00cates-vous concern\u00e9\u00a0? S\u00e9bastian Compagnon, reporter au service transports en \u00cele-de-France, r\u00e9pond en direct \u00e0 toutes vos questions ce mardi 8\u00a0juillet \u00e0 partir de 12\u00a0heures.<\/p>\n<p>Par <a href=\"https:\/\/www.leparisien.fr\/auteur\/sebastian-compagnon\/\" class=\"author_link\" target=\"_blank\" rel=\"noopener\">S\u00e9bastian Compagnon<\/a>\u00a0<\/p>\n<p>Le 8 juillet 2025 \u00e0 10h40<\/p>\n","protected":false},"excerpt":{"rendered":"Les travaux de maintenance sont nombreux cet \u00e9t\u00e9. Les m\u00e9tros sont impact\u00e9s, avec des portions de lignes ferm\u00e9es.&hellip;\n","protected":false},"author":2,"featured_media":234796,"comment_status":"","ping_status":"","sticky":false,"template":"","format":"standard","meta":{"footnotes":""},"categories":[1592],"tags":[1111,11,1777,674,1011,27,662,820,12,626,25],"class_list":{"0":"post-234795","1":"post","2":"type-post","3":"status-publish","4":"format-standard","5":"has-post-thumbnail","7":"category-ile-de-france","8":"tag-actu","9":"tag-actualites","10":"tag-eu","11":"tag-europe","12":"tag-fr","13":"tag-france","14":"tag-ile-de-france","15":"tag-live","16":"tag-news","17":"tag-paris","18":"tag-republique-francaise"},"share_on_mastodon":{"url":"https:\/\/pubeurope.com\/@fr\/114816941081760897","error":""},"_links":{"self":[{"href":"https:\/\/www.europesays.com\/fr\/wp-json\/wp\/v2\/posts\/234795","targetHints":{"allow":["GET"]}}],"collection":[{"href":"https:\/\/www.europesays.com\/fr\/wp-json\/wp\/v2\/posts"}],"about":[{"href":"https:\/\/www.europesays.com\/fr\/wp-json\/wp\/v2\/types\/post"}],"author":[{"embeddable":true,"href":"https:\/\/www.europesays.com\/fr\/wp-json\/wp\/v2\/users\/2"}],"replies":[{"embeddable":true,"href":"https:\/\/www.europesays.com\/fr\/wp-json\/wp\/v2\/comments?post=234795"}],"version-history":[{"count":0,"href":"https:\/\/www.europesays.com\/fr\/wp-json\/wp\/v2\/posts\/234795\/revisions"}],"wp:featuredmedia":[{"embeddable":true,"href":"https:\/\/www.europesays.com\/fr\/wp-json\/wp\/v2\/media\/234796"}],"wp:attachment":[{"href":"https:\/\/www.europesays.com\/fr\/wp-json\/wp\/v2\/media?parent=234795"}],"wp:term":[{"taxonomy":"category","embeddable":true,"href":"https:\/\/www.europesays.com\/fr\/wp-json\/wp\/v2\/categories?post=234795"},{"taxonomy":"post_tag","embeddable":true,"href":"https:\/\/www.europesays.com\/fr\/wp-json\/wp\/v2\/tags?post=234795"}],"curies":[{"name":"wp","href":"https:\/\/api.w.org\/{rel}","templated":true}]}}