{"id":234799,"date":"2025-07-08T09:38:11","date_gmt":"2025-07-08T09:38:11","guid":{"rendered":"https:\/\/www.europesays.com\/fr\/234799\/"},"modified":"2025-07-08T09:38:11","modified_gmt":"2025-07-08T09:38:11","slug":"la-bourse-de-paris-stable-face-aux-nouveaux-remous-commerciaux-actualites","status":"publish","type":"post","link":"https:\/\/www.europesays.com\/fr\/234799\/","title":{"rendered":"La Bourse de Paris stable face aux nouveaux remous commerciaux : Actualit\u00e9s"},"content":{"rendered":"<p class=\"lead \">La Bourse de Paris \u00e9volue autour de l&rsquo;\u00e9quilibre mardi, les investisseurs \u00e9valuant l&rsquo;actualit\u00e9 sur le front commercial apr\u00e8s l&rsquo;annonce de surtaxes effectives d\u00e8s ao\u00fbt pour certains partenaires commerciaux des Etats-Unis, l&rsquo;UE n&rsquo;\u00e9tant pas vis\u00e9e \u00e0 ce stade.<\/p>\n<p class=\"lead \">Peu apr\u00e8s avoir ouvert dans le vert, l&rsquo;indice vedette de la place de Paris, le CAC 40, c\u00e9dait quelque 0,05% vers 09H50 (heure de Paris), soit une perte de 4,22 points, pour s&rsquo;\u00e9tablir \u00e0 7.719,25 points. La veille, il a termin\u00e9 en hausse de 0,35%, \u00e0 7.723,47 points.<\/p>\n<p class=\"lead \">Donald Trump a promis lundi une surtaxe douani\u00e8re d&rsquo;au moins 25% \u00e0 plusieurs pays, dont le Japon et la Cor\u00e9e du Sud, nouvelle \u00e9tape dans son offensive bouleversant les \u00e9changes \u00e9conomiques internationaux.<\/p>\n<p class=\"lead \">Le pr\u00e9sident am\u00e9ricain a distill\u00e9 pendant la journ\u00e9e, sur sa plateforme Truth Social, 14 lettres quasiment identiques envoy\u00e9es \u00e0 plusieurs capitales, avec un montant de surtaxe qui varie de 25% (Japon, Cor\u00e9e du Sud, Tunisie notamment) \u00e0 40% (Laos et Birmanie).<\/p>\n<p class=\"lead \">\u00ab\u00a0En r\u00e9alit\u00e9, rien n&rsquo;a vraiment chang\u00e9\u00a0\u00bb, note Neil Wilson, analyste chez Saxo Markets, soulignant que finalement, \u00ab\u00a0Trump prolonge la tr\u00eave commerciale, tout en maintenant la pression\u00a0\u00bb sur ses partenaires commerciaux en jouant sur l&rsquo;incertitude.<\/p>\n<p class=\"lead \">Le locataire de la Maison Blanche a en effet repouss\u00e9 l&rsquo;entr\u00e9e en vigueur de ces nouveaux droits de douane au 1er ao\u00fbt via un d\u00e9cret pr\u00e9sidentiel publi\u00e9 lundi, \u00ab\u00a0prolongeant ainsi l&rsquo;actuel taux de 10% et laissant plus de temps aux pays pour r\u00e9pondre aux exigences commerciales des Etats-Unis\u00a0\u00bb, explique Jim Reid, \u00e9conomiste \u00e0 la Deutsche Bank.<\/p>\n<p class=\"lead \">\u00ab\u00a0L&rsquo;Union europ\u00e9enne ne fait pas partie des 14 pays vis\u00e9s\u00a0\u00bb \u00e0 ce stade, souligne M. Wilson.<\/p>\n<p class=\"lead \">L&rsquo;UE a rapport\u00e9 lundi qu&rsquo;un \u00ab\u00a0bon \u00e9change\u00a0\u00bb t\u00e9l\u00e9phonique s&rsquo;\u00e9tait tenu la veille entre la pr\u00e9sidente de la Commission europ\u00e9enne Ursula von der Leyen et Donald Trump.<\/p>\n<p class=\"lead \">De quoi nourrir \u00ab\u00a0l&rsquo;espoir qu&rsquo;un accord &#8211; m\u00eame minimal &#8211; soit conclu d&rsquo;ici mercredi\u00a0\u00bb, estime Neil Wilson.<\/p>\n<p class=\"lead \">Peugeot quitte SPIE<\/p>\n<p class=\"lead \">La holding Peugeot Invest, qui porte la participation de la famille Peugeot dans le groupe automobile Stellantis (+0,14% \u00e0 8,42 euros vers 09H50), a annonc\u00e9 mardi \u00ab\u00a0le succ\u00e8s de la cession du solde de sa participation\u00a0\u00bb dans le groupe de services techniques aux entreprises SPIE (-0,04% \u00e0 47,20 euros), soit environ 2,5% du capital.<\/p>\n<p class=\"lead \">Aramis chute en Bourse<\/p>\n<p class=\"lead \">Le groupe automobile Aramis a revu a la baisse ses objectifs de croissance pour l&rsquo;ann\u00e9e 2025, anticipant \u00ab\u00a0une croissance moins forte qu&rsquo;attendue au second semestre\u00a0\u00bb, d&rsquo;apr\u00e8s un communiqu\u00e9 publi\u00e9 lundi.<\/p>\n<p class=\"lead \">Aramis \u00e9voque notamment \u00ab\u00a0un contexte de march\u00e9 sensiblement ralenti depuis d\u00e9but avril\u00a0\u00bb et le choix de \u00ab\u00a0privil\u00e9gier la rentabilit\u00e9 unitaire dans certains pays\u00a0\u00bb.<\/p>\n<p class=\"lead \">A la Bourse de Paris, le titre Aramis chutait de 14,52% \u00e0 6,71 euros vers 10H00.<\/p>\n<p class=\"lead \"><a href=\"https:\/\/www.euronext.com\/fr\/products\/indices\/FR0003500008-XPAR\" target=\"_blank\" rel=\"noopener\">Euronext CAC40<\/a><\/p>\n<p class=\"small font-weight-bold text-gray3 \"> publi\u00e9 le 8 juillet \u00e0 10h13, AFP<\/p>\n<p>                             Partager<\/p>\n","protected":false},"excerpt":{"rendered":"La Bourse de Paris \u00e9volue autour de l&rsquo;\u00e9quilibre mardi, les investisseurs \u00e9valuant l&rsquo;actualit\u00e9 sur le front commercial apr\u00e8s&hellip;\n","protected":false},"author":2,"featured_media":234800,"comment_status":"","ping_status":"","sticky":false,"template":"","format":"standard","meta":{"footnotes":""},"categories":[1888],"tags":[1111,1928,11,1927,340,1777,674,1011,27,6205,12,1926,626,1925,25],"class_list":{"0":"post-234799","1":"post","2":"type-post","3":"status-publish","4":"format-standard","5":"has-post-thumbnail","7":"category-paris","8":"tag-actu","9":"tag-actu-paris","10":"tag-actualites","11":"tag-actualites-paris","12":"tag-bourse","13":"tag-eu","14":"tag-europe","15":"tag-fr","16":"tag-france","17":"tag-marchs","18":"tag-news","19":"tag-news-paris","20":"tag-paris","21":"tag-paris-news","22":"tag-republique-francaise"},"share_on_mastodon":{"url":"https:\/\/pubeurope.com\/@fr\/114816949073141957","error":""},"_links":{"self":[{"href":"https:\/\/www.europesays.com\/fr\/wp-json\/wp\/v2\/posts\/234799","targetHints":{"allow":["GET"]}}],"collection":[{"href":"https:\/\/www.europesays.com\/fr\/wp-json\/wp\/v2\/posts"}],"about":[{"href":"https:\/\/www.europesays.com\/fr\/wp-json\/wp\/v2\/types\/post"}],"author":[{"embeddable":true,"href":"https:\/\/www.europesays.com\/fr\/wp-json\/wp\/v2\/users\/2"}],"replies":[{"embeddable":true,"href":"https:\/\/www.europesays.com\/fr\/wp-json\/wp\/v2\/comments?post=234799"}],"version-history":[{"count":0,"href":"https:\/\/www.europesays.com\/fr\/wp-json\/wp\/v2\/posts\/234799\/revisions"}],"wp:featuredmedia":[{"embeddable":true,"href":"https:\/\/www.europesays.com\/fr\/wp-json\/wp\/v2\/media\/234800"}],"wp:attachment":[{"href":"https:\/\/www.europesays.com\/fr\/wp-json\/wp\/v2\/media?parent=234799"}],"wp:term":[{"taxonomy":"category","embeddable":true,"href":"https:\/\/www.europesays.com\/fr\/wp-json\/wp\/v2\/categories?post=234799"},{"taxonomy":"post_tag","embeddable":true,"href":"https:\/\/www.europesays.com\/fr\/wp-json\/wp\/v2\/tags?post=234799"}],"curies":[{"name":"wp","href":"https:\/\/api.w.org\/{rel}","templated":true}]}}