{"id":234805,"date":"2025-07-08T09:41:11","date_gmt":"2025-07-08T09:41:11","guid":{"rendered":"https:\/\/www.europesays.com\/fr\/234805\/"},"modified":"2025-07-08T09:41:11","modified_gmt":"2025-07-08T09:41:11","slug":"paris-la-baignade-dans-la-seine-devrait-rouvrir-sans-trop-de-difficultes-mercredi-matin","status":"publish","type":"post","link":"https:\/\/www.europesays.com\/fr\/234805\/","title":{"rendered":"Paris\u00a0: la baignade dans la Seine devrait rouvrir \u00ab\u00a0sans trop de difficult\u00e9s mercredi matin\u00a0\u00bb"},"content":{"rendered":"<p class=\"paragraph text_align_left lp-f-body-02\">Apr\u00e8s les r\u00e9centes interdictions en lien avec les fortes pr\u00e9cipitations qui se sont abattues sur la capitale, les Parisiens vont pouvoir replonger dans le fleuve tr\u00e8s prochainement. Invit\u00e9 ce mardi matin sur Ici Paris \u00cele-de-France, l\u2019adjoint aux Sports de la Ville de Paris, Pierre Rabadan a annonc\u00e9 que la <a href=\"https:\/\/www.leparisien.fr\/paris-75\/paris-pourquoi-la-baignade-dans-la-seine-doit-etre-interdite-apres-des-intemperies-07-07-2025-XNDZE63SWBHK3BTV457FOJUNMA.php\" target=\"_blank\" rel=\"noreferrer nofollow noopener\">baignade dans la Seine<\/a> devrait de nouveau \u00eatre autoris\u00e9e \u00e0 partir de mercredi matin.<\/p>\n<p class=\"paragraph text_align_left lp-f-body-02\">Une belle nouvelle pour les Parisiens et les touristes qui \u00e9taient <a href=\"https:\/\/www.leparisien.fr\/paris-75\/cest-genial-inattendu-avec-les-premiers-baigneurs-au-coeur-des-trois-sites-ouverts-sur-la-seine-05-07-2025-GTKAVTCTUFG5TCZNTQEKQJMOHU.php\" target=\"_blank\" rel=\"noreferrer nofollow noopener\">plus de 2 300 \u00e0 nager dans la Seine samedi<\/a>, faisant de ce premier et unique jour de baignade \u00ab un tr\u00e8s gros succ\u00e8s \u00bb, estime l\u2019\u00e9lu. L\u2019adjoint d\u2019Anne Hidalgo a tout de m\u00eame \u00e9mis quelques r\u00e9serves : \u00ab Comme on a une approche tr\u00e8s prudente, on attend d\u2019avoir les r\u00e9sultats conformes \u00e0 une bonne qualit\u00e9 de l\u2019eau pour rouvrir. De toute mani\u00e8re, que ce soit dimanche ou lundi, la m\u00e9t\u00e9o n\u2019aurait pas attir\u00e9 beaucoup de monde pour aller \u00e0 l\u2019eau\u2026 \u00bb, a-t-il d\u00e9clar\u00e9.<\/p>\n<p>Des r\u00e9sultats attendus mercredi matin<\/p>\n<p class=\"paragraph text_align_left lp-f-body-02\">Les r\u00e9sultats fournis par les laboratoires charg\u00e9s de la surveillance du fleuve sont attendus pour mercredi matin comme chaque jour, \u00ab aux alentours de 7 heures du matin \u00bb, pr\u00e9cise Pierre Rabadan. Pour mesurer la qualit\u00e9 de l\u2019eau du fleuve, trois param\u00e8tres sont utilis\u00e9s : un protocole quotidien qui mesure le d\u00e9bit de pr\u00e9cipitations tomb\u00e9es dans les derniers jours, les relev\u00e9s instantan\u00e9s sur quatre points diff\u00e9rents ainsi que des mesures quotidiennes. \u00ab Au vu de ces trois analyses et la tendance observ\u00e9e ce mardi matin, avec une nette am\u00e9lioration, on pourra rouvrir sans trop de difficult\u00e9s mercredi matin \u00bb, esp\u00e8re l\u2019\u00e9lu.<\/p>\n<p class=\"paragraph text_align_left lp-f-body-02\">Cette r\u00e9ouverture fait suite \u00e0 plusieurs jours d\u2019interdiction, en raison de fortes pluies ayant entra\u00een\u00e9 une d\u00e9gradation de la qualit\u00e9 de l\u2019eau. En effet, si l\u2019adjoint assure qu\u2019 \u00ab il n\u2019y a eu aucun d\u00e9versement d\u2019orages qui, avant que l\u2019on effectue les travaux, faisaient d\u00e9border les \u00e9gouts dans la Seine \u00bb, il pr\u00e9cise n\u00e9anmoins qu\u2019il y a \u00ab encore des rejets en amont qui viennent d\u00e9grader la qualit\u00e9 de l\u2019eau \u00bb.<\/p>\n","protected":false},"excerpt":{"rendered":"Apr\u00e8s les r\u00e9centes interdictions en lien avec les fortes pr\u00e9cipitations qui se sont abattues sur la capitale, les&hellip;\n","protected":false},"author":2,"featured_media":234806,"comment_status":"","ping_status":"","sticky":false,"template":"","format":"standard","meta":{"footnotes":""},"categories":[1888],"tags":[11,1777,674,1011,27,1944,12,626,25],"class_list":{"0":"post-234805","1":"post","2":"type-post","3":"status-publish","4":"format-standard","5":"has-post-thumbnail","7":"category-paris","8":"tag-actualites","9":"tag-eu","10":"tag-europe","11":"tag-fr","12":"tag-france","13":"tag-ma-ville","14":"tag-news","15":"tag-paris","16":"tag-republique-francaise"},"share_on_mastodon":{"url":"https:\/\/pubeurope.com\/@fr\/114816960688625661","error":""},"_links":{"self":[{"href":"https:\/\/www.europesays.com\/fr\/wp-json\/wp\/v2\/posts\/234805","targetHints":{"allow":["GET"]}}],"collection":[{"href":"https:\/\/www.europesays.com\/fr\/wp-json\/wp\/v2\/posts"}],"about":[{"href":"https:\/\/www.europesays.com\/fr\/wp-json\/wp\/v2\/types\/post"}],"author":[{"embeddable":true,"href":"https:\/\/www.europesays.com\/fr\/wp-json\/wp\/v2\/users\/2"}],"replies":[{"embeddable":true,"href":"https:\/\/www.europesays.com\/fr\/wp-json\/wp\/v2\/comments?post=234805"}],"version-history":[{"count":0,"href":"https:\/\/www.europesays.com\/fr\/wp-json\/wp\/v2\/posts\/234805\/revisions"}],"wp:featuredmedia":[{"embeddable":true,"href":"https:\/\/www.europesays.com\/fr\/wp-json\/wp\/v2\/media\/234806"}],"wp:attachment":[{"href":"https:\/\/www.europesays.com\/fr\/wp-json\/wp\/v2\/media?parent=234805"}],"wp:term":[{"taxonomy":"category","embeddable":true,"href":"https:\/\/www.europesays.com\/fr\/wp-json\/wp\/v2\/categories?post=234805"},{"taxonomy":"post_tag","embeddable":true,"href":"https:\/\/www.europesays.com\/fr\/wp-json\/wp\/v2\/tags?post=234805"}],"curies":[{"name":"wp","href":"https:\/\/api.w.org\/{rel}","templated":true}]}}