{"id":234807,"date":"2025-07-08T09:42:10","date_gmt":"2025-07-08T09:42:10","guid":{"rendered":"https:\/\/www.europesays.com\/fr\/234807\/"},"modified":"2025-07-08T09:42:10","modified_gmt":"2025-07-08T09:42:10","slug":"fache-avec-poutine-le-president-americain-donald-trump-reprend-les-livraisons-darmes-defensives-a-kiev-alors-que-la-russie-intensifie-ses-frappes-contre-lukraine","status":"publish","type":"post","link":"https:\/\/www.europesays.com\/fr\/234807\/","title":{"rendered":"F\u00e2ch\u00e9 avec Poutine, le pr\u00e9sident am\u00e9ricain Donald Trump reprend les livraisons d&rsquo;armes \u00ab\u00a0d\u00e9fensives\u00a0\u00bb \u00e0 Kiev alors que la Russie intensifie ses frappes contre l&rsquo;Ukraine"},"content":{"rendered":"<p>Revirement suppl\u00e9mentaire<\/p>\n<p>Frustr\u00e9 par le manque d&rsquo;avanc\u00e9es sur les n\u00e9gociations de paix, Donald Trump semble souffler le chaud et le froid ces derniers jours. Apr\u00e8s avoir interrompu les livraisons d&rsquo;armes \u00e0 l&rsquo;Ukraine il y a quelques jours, le pr\u00e9sident am\u00e9ricain les a reprit \u00e0 la suite d&rsquo;un appel t\u00e9l\u00e9phonique avec Vladimir Poutine duquel il est ressorti \u00ab\u00a0m\u00e9content\u00a0\u00bb contre son homologue russe.<\/p>\n","protected":false},"excerpt":{"rendered":"Revirement suppl\u00e9mentaire Frustr\u00e9 par le manque d&rsquo;avanc\u00e9es sur les n\u00e9gociations de paix, Donald Trump semble souffler le chaud&hellip;\n","protected":false},"author":2,"featured_media":234808,"comment_status":"","ping_status":"","sticky":false,"template":"","format":"standard","meta":{"footnotes":""},"categories":[1591],"tags":[11,75,1887,131,37344,12,1885,1886,132,135],"class_list":{"0":"post-234807","1":"post","2":"type-post","3":"status-publish","4":"format-standard","5":"has-post-thumbnail","7":"category-russie","8":"tag-actualites","9":"tag-donald-trump","10":"tag-federation-de-russie","11":"tag-guerre-en-ukraine","12":"tag-livraisons-d","13":"tag-news","14":"tag-russia","15":"tag-russian-federation","16":"tag-russie","17":"tag-vladimir-poutine"},"share_on_mastodon":{"url":"https:\/\/pubeurope.com\/@fr\/114816964660529300","error":""},"_links":{"self":[{"href":"https:\/\/www.europesays.com\/fr\/wp-json\/wp\/v2\/posts\/234807","targetHints":{"allow":["GET"]}}],"collection":[{"href":"https:\/\/www.europesays.com\/fr\/wp-json\/wp\/v2\/posts"}],"about":[{"href":"https:\/\/www.europesays.com\/fr\/wp-json\/wp\/v2\/types\/post"}],"author":[{"embeddable":true,"href":"https:\/\/www.europesays.com\/fr\/wp-json\/wp\/v2\/users\/2"}],"replies":[{"embeddable":true,"href":"https:\/\/www.europesays.com\/fr\/wp-json\/wp\/v2\/comments?post=234807"}],"version-history":[{"count":0,"href":"https:\/\/www.europesays.com\/fr\/wp-json\/wp\/v2\/posts\/234807\/revisions"}],"wp:featuredmedia":[{"embeddable":true,"href":"https:\/\/www.europesays.com\/fr\/wp-json\/wp\/v2\/media\/234808"}],"wp:attachment":[{"href":"https:\/\/www.europesays.com\/fr\/wp-json\/wp\/v2\/media?parent=234807"}],"wp:term":[{"taxonomy":"category","embeddable":true,"href":"https:\/\/www.europesays.com\/fr\/wp-json\/wp\/v2\/categories?post=234807"},{"taxonomy":"post_tag","embeddable":true,"href":"https:\/\/www.europesays.com\/fr\/wp-json\/wp\/v2\/tags?post=234807"}],"curies":[{"name":"wp","href":"https:\/\/api.w.org\/{rel}","templated":true}]}}