{"id":234814,"date":"2025-07-08T09:46:12","date_gmt":"2025-07-08T09:46:12","guid":{"rendered":"https:\/\/www.europesays.com\/fr\/234814\/"},"modified":"2025-07-08T09:46:12","modified_gmt":"2025-07-08T09:46:12","slug":"trois-semaines-de-cures-payees-par-lassurance-maladie-comment-lallemagne-prend-soin-des-meres-epuisees","status":"publish","type":"post","link":"https:\/\/www.europesays.com\/fr\/234814\/","title":{"rendered":"Trois semaines de cures pay\u00e9es par l\u2019assurance maladie: comment l\u2019Allemagne prend soin des m\u00e8res \u00e9puis\u00e9es"},"content":{"rendered":"<p><strong>Vacances parentales<\/strong><br \/>Le Temps explore cinq lieux pens\u00e9s pour les m\u00e8res et les p\u00e8res en qu\u00eate de soutien, de liens, ou juste d\u2019un moment pour souffler. <a href=\"https:\/\/www.letemps.ch\/dossiers\/vacances-parentales\" rel=\"nofollow noopener\" target=\"_blank\">D\u00e9couvrir la s\u00e9rie<\/a><\/p>\n<p>Les doubles journ\u00e9es, Stefanie conna\u00eet \u00e7a par c\u0153ur. Pendant des ann\u00e9es, cette \u00e9ducatrice \u00e0 plein temps dans un jardin d\u2019enfants, m\u00e8re d\u2019une fille, s\u2019est occup\u00e9e de son p\u00e8re \u00e0 la sant\u00e9 d\u00e9clinante. \u00abJe me levais le matin \u00e0 5h30 pour cuisiner. A la fin de ma journ\u00e9e de travail, je me rendais chez mon papa pour lui apporter son repas et prendre soin de lui. Souvent, je ne rentrais \u00e0 la maison qu\u2019\u00e0 21h.\u00bb Au d\u00e9c\u00e8s de son p\u00e8re, c\u2019est elle qui se charge de vider son logement, rempli de la cave au grenier. En parall\u00e8le, elle change d\u2019emploi pour rejoindre les services commerciaux d\u2019une assurance maladie. Une accumulation d\u2019\u00e9v\u00e9nements qui la laissent \u00abtotalement \u00e0 bout de forces\u00bb.<\/p>\n<p>Nous rencontrons Stefanie \u00e0 la clinique KJF Prinzregent Luitpold, \u00e0 1000 m\u00e8tres d\u2019altitude, au-dessus du village bavarois de Scheidegg. Le lac de Constance est \u00e0 quelques encablures. Dans le lointain, par-dessus les for\u00eats et les champs verdoyants parsem\u00e9s de chapelles, on aper\u00e7oit par beau temps les sommets alpins. C\u2019est dans cet \u00e9tablissement sp\u00e9cialis\u00e9 que la trentenaire de Gunzenhausen, n\u2019en pouvant plus, a choisi de venir faire une Mutter-Kind Kur \u2013 une cure m\u00e8re-enfant. Elle y s\u00e9journe pour trois semaines, accompagn\u00e9e de sa fille de 12\u00a0ans, en pension compl\u00e8te. \u00abIci, je peux oublier les attentes de mon entourage et tout ce qui est accessoire pour enfin m\u2019occuper de moi et passer du temps avec mon enfant\u00bb, r\u00e9sume-t-elle.<\/p>\n","protected":false},"excerpt":{"rendered":"Vacances parentalesLe Temps explore cinq lieux pens\u00e9s pour les m\u00e8res et les p\u00e8res en qu\u00eate de soutien, de&hellip;\n","protected":false},"author":2,"featured_media":234815,"comment_status":"","ping_status":"","sticky":false,"template":"","format":"standard","meta":{"footnotes":""},"categories":[1587],"tags":[11,672,1804,1805,1803,1777,674,1801,12,301,1802,37345],"class_list":{"0":"post-234814","1":"post","2":"type-post","3":"status-publish","4":"format-standard","5":"has-post-thumbnail","7":"category-allemagne","8":"tag-actualites","9":"tag-allemagne","10":"tag-bundesrepublik-deutschland","11":"tag-de","12":"tag-deutschland","13":"tag-eu","14":"tag-europe","15":"tag-germany","16":"tag-news","17":"tag-premium","18":"tag-republique-federale-dallemagne","19":"tag-series-dete"},"share_on_mastodon":{"url":"https:\/\/pubeurope.com\/@fr\/114816980463693672","error":""},"_links":{"self":[{"href":"https:\/\/www.europesays.com\/fr\/wp-json\/wp\/v2\/posts\/234814","targetHints":{"allow":["GET"]}}],"collection":[{"href":"https:\/\/www.europesays.com\/fr\/wp-json\/wp\/v2\/posts"}],"about":[{"href":"https:\/\/www.europesays.com\/fr\/wp-json\/wp\/v2\/types\/post"}],"author":[{"embeddable":true,"href":"https:\/\/www.europesays.com\/fr\/wp-json\/wp\/v2\/users\/2"}],"replies":[{"embeddable":true,"href":"https:\/\/www.europesays.com\/fr\/wp-json\/wp\/v2\/comments?post=234814"}],"version-history":[{"count":0,"href":"https:\/\/www.europesays.com\/fr\/wp-json\/wp\/v2\/posts\/234814\/revisions"}],"wp:featuredmedia":[{"embeddable":true,"href":"https:\/\/www.europesays.com\/fr\/wp-json\/wp\/v2\/media\/234815"}],"wp:attachment":[{"href":"https:\/\/www.europesays.com\/fr\/wp-json\/wp\/v2\/media?parent=234814"}],"wp:term":[{"taxonomy":"category","embeddable":true,"href":"https:\/\/www.europesays.com\/fr\/wp-json\/wp\/v2\/categories?post=234814"},{"taxonomy":"post_tag","embeddable":true,"href":"https:\/\/www.europesays.com\/fr\/wp-json\/wp\/v2\/tags?post=234814"}],"curies":[{"name":"wp","href":"https:\/\/api.w.org\/{rel}","templated":true}]}}