{"id":234830,"date":"2025-07-08T09:55:10","date_gmt":"2025-07-08T09:55:10","guid":{"rendered":"https:\/\/www.europesays.com\/fr\/234830\/"},"modified":"2025-07-08T09:55:10","modified_gmt":"2025-07-08T09:55:10","slug":"kyrgios-et-sabalenka-veulent-recreer-50-ans-plus-tard-une-nouvelle-bataille-des-sexes","status":"publish","type":"post","link":"https:\/\/www.europesays.com\/fr\/234830\/","title":{"rendered":"Kyrgios et Sabalenka veulent recr\u00e9er, 50 ans plus tard, une nouvelle \u00ab bataille des sexes \u00bb"},"content":{"rendered":"<p>                <img decoding=\"async\" src=\"https:\/\/www.europesays.com\/fr\/wp-content\/uploads\/2025\/07\/6s5z.jpg\" alt=\"Kyrgios et Sabalenka veulent recr\u00e9er, 50 ans plus tard, une nouvelle \u00ab bataille des sexes \u00bb\"\/><\/p>\n<p>Au micro de Talksport, Kyrgios a confi\u00e9 qu\u2019il souhaitait organiser un match contre la num\u00e9ro 1 mondiale, Sabalenka, qui aurait lieu en fin d\u2019ann\u00e9e. L\u2019Australien a assur\u00e9 qu\u2019il \u00e9tait en pourparlers avec la Bi\u00e9lorusse pour organiser une partie adapt\u00e9e avec des r\u00e8gles sp\u00e9ciales.<\/p>\n<p>\u00ab\u00a0Je suis vraiment nerveux parce qu\u2019elle est dans le meilleur moment de sa carri\u00e8re en ce moment, mais je suis confiant, je pense que je pourrais la battre\u00a0\u00bb, indique-t-il avec humour.<\/p>\n<p>Pour rappel, cette initiative rappelle le fameux match entre Billie Jean King et Bobby Riggs en 1973. \u00c0 cette \u00e9poque, cette opposition avait fait carton plein avec plus de 90 millions de t\u00e9l\u00e9spectateurs.<\/p>\n","protected":false},"excerpt":{"rendered":"Au micro de Talksport, Kyrgios a confi\u00e9 qu\u2019il souhaitait organiser un match contre la num\u00e9ro 1 mondiale, Sabalenka,&hellip;\n","protected":false},"author":2,"featured_media":234831,"comment_status":"","ping_status":"","sticky":false,"template":"","format":"standard","meta":{"footnotes":""},"categories":[1415],"tags":[1011,27,60,1467],"class_list":{"0":"post-234830","1":"post","2":"type-post","3":"status-publish","4":"format-standard","5":"has-post-thumbnail","7":"category-tennis","8":"tag-fr","9":"tag-france","10":"tag-sports","11":"tag-tennis"},"share_on_mastodon":{"url":"https:\/\/pubeurope.com\/@fr\/114817015683239908","error":""},"_links":{"self":[{"href":"https:\/\/www.europesays.com\/fr\/wp-json\/wp\/v2\/posts\/234830","targetHints":{"allow":["GET"]}}],"collection":[{"href":"https:\/\/www.europesays.com\/fr\/wp-json\/wp\/v2\/posts"}],"about":[{"href":"https:\/\/www.europesays.com\/fr\/wp-json\/wp\/v2\/types\/post"}],"author":[{"embeddable":true,"href":"https:\/\/www.europesays.com\/fr\/wp-json\/wp\/v2\/users\/2"}],"replies":[{"embeddable":true,"href":"https:\/\/www.europesays.com\/fr\/wp-json\/wp\/v2\/comments?post=234830"}],"version-history":[{"count":0,"href":"https:\/\/www.europesays.com\/fr\/wp-json\/wp\/v2\/posts\/234830\/revisions"}],"wp:featuredmedia":[{"embeddable":true,"href":"https:\/\/www.europesays.com\/fr\/wp-json\/wp\/v2\/media\/234831"}],"wp:attachment":[{"href":"https:\/\/www.europesays.com\/fr\/wp-json\/wp\/v2\/media?parent=234830"}],"wp:term":[{"taxonomy":"category","embeddable":true,"href":"https:\/\/www.europesays.com\/fr\/wp-json\/wp\/v2\/categories?post=234830"},{"taxonomy":"post_tag","embeddable":true,"href":"https:\/\/www.europesays.com\/fr\/wp-json\/wp\/v2\/tags?post=234830"}],"curies":[{"name":"wp","href":"https:\/\/api.w.org\/{rel}","templated":true}]}}