{"id":234834,"date":"2025-07-08T09:58:13","date_gmt":"2025-07-08T09:58:13","guid":{"rendered":"https:\/\/www.europesays.com\/fr\/234834\/"},"modified":"2025-07-08T09:58:13","modified_gmt":"2025-07-08T09:58:13","slug":"jorge-martin-devoile-les-coulisses-dun-test-eprouvant-marquant-son-retour","status":"publish","type":"post","link":"https:\/\/www.europesays.com\/fr\/234834\/","title":{"rendered":"Jorge Mart\u00edn d\u00e9voile les coulisses d&rsquo;un test \u00e9prouvant marquant son retour"},"content":{"rendered":"<p>Le retour de <a href=\"https:\/\/fr.motorsport.com\/driver\/jorge-martin\/109391\/\" target=\"_blank\" rel=\"noopener\">Jorge Mart\u00edn<\/a> \u00e0 la comp\u00e9tition se pr\u00e9cise. Le champion du monde en titre va prendre part demain \u00e0 un test en bonne et due forme au guidon de la MotoGP engag\u00e9e par Aprilia en course, profitant en cela d&rsquo;une <a href=\"https:\/\/fr.motorsport.com\/motogp\/news\/reglement-motogp-valide-test-retour-pilotes-blesses\/10720141\/\" target=\"_self\" rel=\"noopener\">r\u00e9cente modification du r\u00e8glement<\/a> autorisant ce type de roulage aux pilotes souhaitant \u00e9valuer leur condition apr\u00e8s une blessure.<\/p>\n<p>Avant cela, l&rsquo;Espagnol a roul\u00e9 durant deux jours sur le circuit de Catalunya, \u00e0 Barcelone, la semaine derni\u00e8re. Accompagn\u00e9 par son p\u00e8re, son fr\u00e8re et quelques-uns de ses m\u00e9caniciens de confiance, il s&rsquo;est montr\u00e9 tr\u00e8s heureux de cette reprise, cal\u00e9e sur le circuit qui avait \u00e9t\u00e9 le th\u00e9\u00e2tre de son titre, \u00e0 l&rsquo;automne dernier.<\/p>\n<p>\u00ab\u00a0\u00c7a fait trois mois et demi que je n&rsquo;ai pas fait \u00e7a, presque quatre mois\u00a0\u00bb, commentait Jorge Mart\u00edn\u00a0au moment de remonter en selle,\u00a0<a href=\"https:\/\/www.youtube.com\/watch?v=VQ2108fdZr4&amp;t=17s\" target=\"_blank\" rel=\"noopener\">dans le vlog qu&rsquo;il tient sur sa cha\u00eene YouTube<\/a>.\u00a0\u00ab\u00a0L&rsquo;ann\u00e9e a \u00e9t\u00e9 compliqu\u00e9e, mais c&rsquo;est ma deuxi\u00e8me pr\u00e9-saison qui commence. Je suis heureux, et \u00e7a vaut plus que tout\u00a0\u00bb.<\/p>\n<p>L&rsquo;Espagnol a pris le guidon d&rsquo;une RSV4, une moto de s\u00e9rie quelque peu adapt\u00e9e \u00e0 l&rsquo;effort qu&rsquo;il voulait fournir.\u00a0\u00ab\u00a0C&rsquo;est une moto de route, mais elle a \u00e9t\u00e9 un peu pr\u00e9par\u00e9e pour se rapprocher un peu plus de ce qu&rsquo;est une MotoGP. Il faut pr\u00e9parer les fourches, les freins sont un peu plus performants que ceux de s\u00e9rie\u00a0\u00bb, a-t-il expliqu\u00e9. \u00ab\u00a0Comme c&rsquo;est une moto plus souple et plus calme que la MotoGP, elle est moins fatigante. Je peux commencer petit \u00e0 petit, pour une prise de contact avant de passer \u00e0 la grosse moto.\u00a0\u00bb<\/p>\n<p><img decoding=\"async\" class=\"sizer\" draggable=\"false\" src=\"data:image\/png;base64,iVBORw0KGgoAAAANSUhEUgAAABAAAAAJCAYAAAA7KqwyAAAAGXRFWHRTb2Z0d2FyZQBBZG9iZSBJbWFnZVJlYWR5ccllPAAAABpJREFUeNpi\/P\/\/PwMlgImBQjBqwLAwACDAAOVfAw9\/ZDvcAAAAAElFTkSuQmCC\" alt=\"\" loading=\"lazy\"\/><\/p>\n<p class=\"title\">VID\u00c9O &#8211; Jorge Mart\u00edn en test priv\u00e9 \u00e0 Barcelone<\/p>\n<p>Ce test priv\u00e9 s&rsquo;est tenu sous un soleil de plomb, ce qui en a fait une \u00e9preuve physique pour le pilote. Depuis qu&rsquo;il s&rsquo;est gravement bless\u00e9 \u00e0 Losail, mi-avril, il n&rsquo;avait effectu\u00e9 que quelques tours en piste \u00e0 l&rsquo;occasion de l&rsquo;\u00e9v\u00e9nement <a href=\"https:\/\/fr.motorsport.com\/motogp\/galleries\/photos-motogp-aprilia-all-stars-2025\/8334\/\" target=\"_self\" rel=\"noopener\">Aprilia All Stars<\/a> il y a un mois. Et apr\u00e8s sa premi\u00e8re sortie en piste, Mart\u00edn n&rsquo;a pas cach\u00e9 l&rsquo;intensit\u00e9 de l&rsquo;exercice. \u00ab\u00a0La vache\u00a0!\u00a0Au bout de quatre tours, j&rsquo;avais l&rsquo;impression d&rsquo;avoir fait une course\u00a0!\u00a0\u00bb, a-t-il l\u00e2ch\u00e9.<\/p>\n<p>\u00ab\u00a0J&rsquo;ai fait huit ou neuf tours dans mon premier run, mais j&rsquo;ai eu l&rsquo;impression qu&rsquo;il y en avait beaucoup plus. J&rsquo;ai un peu mal au dos, mais \u00e7a fait quatre mois que je ne roule pas \u00e0 moto, alors il faut que tout se mette en place. Apr\u00e8s 12 c\u00f4tes cass\u00e9es, \u00e7a fait forc\u00e9ment mal, c&rsquo;est normal. Mais je me sens bien, la vitesse est plus ou moins l\u00e0, alors j&rsquo;avance petit \u00e0 petit et je me remets en route, il y a encore du chemin \u00e0 faire.\u00a0\u00bb<\/p>\n<blockquote>\n<p>J&rsquo;ai fait huit ou neuf tours dans mon premier run, mais j&rsquo;ai eu l&rsquo;impression qu&rsquo;il y en avait beaucoup plus. Apr\u00e8s 12 c\u00f4tes cass\u00e9es, \u00e7a fait forc\u00e9ment mal, c&rsquo;est normal.<\/p>\n<\/blockquote>\n<p>Un test \u00e0 Misano et le retour \u00e0 Brno<\/p>\n<p>Jeudi, Mart\u00edn a fait une pause \u00e0 la mi-journ\u00e9e, pr\u00e9f\u00e9rant doser son effort au vu des conditions extr\u00eames.\u00a0\u00ab\u00a0J&rsquo;ai fait 35 tours\u00a0\u00bb, expliquait-il. \u00ab\u00a0Il fait 38\u00b0C dans l&rsquo;air et presque 60\u00b0C sur la piste. Il est temps d&rsquo;arr\u00eater, car je me sens bien, mais je sais que si je continue, demain je serai mort. Je vais donc m&rsquo;arr\u00eater maintenant et continuer plus tard, pour essayer d&rsquo;atteindre l&rsquo;objectif de 70 tours.\u00a0\u00bb<\/p>\n<p>Il a en effet repris la piste plus tard, et pratiquement atteint cet objectif.\u00a0\u00ab\u00a0Je suis tr\u00e8s heureux, parce qu&rsquo;on est de retour\u00a0\u00bb, t\u00e9moignait-il jeudi soir. \u00ab\u00a0J&rsquo;ai fait 68 tours. On a eu quelques petits probl\u00e8mes et on n&rsquo;a pas pu terminer les 70 tours que je voulais faire, mais je suis heureux, je suis content.\u00a0\u00bb<\/p>\n<p>La prochaine \u00e9tape aura donc lieu demain, \u00e0 Misano, \u00e0 la suite d&rsquo;un contr\u00f4le m\u00e9dical satisfaisant r\u00e9alis\u00e9 hier. Si tout se passe bien, Jorge Mart\u00edn devrait faire son grand retour la semaine prochaine \u00e0 l&rsquo;occasion du GP de R\u00e9publique tch\u00e8que, derni\u00e8re \u00e9preuve avant la pause estivale. Il n&rsquo;a pour le moment disput\u00e9 qu&rsquo;un seul Grand Prix avec Aprilia, celui du Qatar, o\u00f9 il \u00e9tait d\u00e9j\u00e0 apparu diminu\u00e9 physiquement \u00e0 la suite de ses blessures de l&rsquo;intersaison et o\u00f9 il avait \u00e0 nouveau chut\u00e9 lourdement, entra\u00eenant trois mois d&rsquo;absence suppl\u00e9mentaire.<\/p>\n<p>Outre son \u00e9tat physique, Jorge Mart\u00edn d\u00e9fraye la chronique sur un autre sujet, celui de son opposition \u00e0 Aprilia \u00e0 qui il a signifi\u00e9 en mai dernier son souhait de se lib\u00e9rer de son contrat, initialement pr\u00e9vu pour deux ans. La question s&rsquo;est tendue lors du dernier Grand Prix en date, Carmelo Ezpeleta allant jusqu&rsquo;\u00e0 intervenir pour pr\u00e9venir qu&rsquo;il n&rsquo;accepterait pas l&rsquo;inscription de l&rsquo;Espagnol en 2026 si le conflit n&rsquo;est pas r\u00e9gl\u00e9.<\/p>\n<p>Lire aussi :<\/p>\n<p>Dans cet article<\/p>\n<p>    Rub\u00e9n Carballo Rosa\n<\/p>\n<p>    MotoGP\n<\/p>\n<p>    Jorge Mart\u00edn\n<\/p>\n<p>    Aprilia Racing Team\n<\/p>\n<p>Soyez le premier inform\u00e9 et souscrivez aux alertes mails pour recevoir les infos en temps r\u00e9el<\/p>\n<p>    S&rsquo;abonner aux alertes de news<\/p>\n","protected":false},"excerpt":{"rendered":"Le retour de Jorge Mart\u00edn \u00e0 la comp\u00e9tition se pr\u00e9cise. Le champion du monde en titre va prendre&hellip;\n","protected":false},"author":2,"featured_media":234835,"comment_status":"","ping_status":"","sticky":false,"template":"","format":"standard","meta":{"footnotes":""},"categories":[1412],"tags":[3563,25466,1451,1452,1453,1454,1455,1011,27,3564,1458,60,37347],"class_list":{"0":"post-234834","1":"post","2":"type-post","3":"status-publish","4":"format-standard","5":"has-post-thumbnail","7":"category-f1","8":"tag-aprilia-racing-team","9":"tag-circuit-de-barcelona-catalunya","10":"tag-f1","11":"tag-formula-1","12":"tag-formula1","13":"tag-formule-1","14":"tag-formule1","15":"tag-fr","16":"tag-france","17":"tag-jorge-martu00edn","18":"tag-motogp","19":"tag-sports","20":"tag-test-privu00e9-de-jorge-martin-u00e0-barcelone"},"share_on_mastodon":{"url":"https:\/\/pubeurope.com\/@fr\/114817027601593768","error":""},"_links":{"self":[{"href":"https:\/\/www.europesays.com\/fr\/wp-json\/wp\/v2\/posts\/234834","targetHints":{"allow":["GET"]}}],"collection":[{"href":"https:\/\/www.europesays.com\/fr\/wp-json\/wp\/v2\/posts"}],"about":[{"href":"https:\/\/www.europesays.com\/fr\/wp-json\/wp\/v2\/types\/post"}],"author":[{"embeddable":true,"href":"https:\/\/www.europesays.com\/fr\/wp-json\/wp\/v2\/users\/2"}],"replies":[{"embeddable":true,"href":"https:\/\/www.europesays.com\/fr\/wp-json\/wp\/v2\/comments?post=234834"}],"version-history":[{"count":0,"href":"https:\/\/www.europesays.com\/fr\/wp-json\/wp\/v2\/posts\/234834\/revisions"}],"wp:featuredmedia":[{"embeddable":true,"href":"https:\/\/www.europesays.com\/fr\/wp-json\/wp\/v2\/media\/234835"}],"wp:attachment":[{"href":"https:\/\/www.europesays.com\/fr\/wp-json\/wp\/v2\/media?parent=234834"}],"wp:term":[{"taxonomy":"category","embeddable":true,"href":"https:\/\/www.europesays.com\/fr\/wp-json\/wp\/v2\/categories?post=234834"},{"taxonomy":"post_tag","embeddable":true,"href":"https:\/\/www.europesays.com\/fr\/wp-json\/wp\/v2\/tags?post=234834"}],"curies":[{"name":"wp","href":"https:\/\/api.w.org\/{rel}","templated":true}]}}