{"id":234842,"date":"2025-07-08T10:02:11","date_gmt":"2025-07-08T10:02:11","guid":{"rendered":"https:\/\/www.europesays.com\/fr\/234842\/"},"modified":"2025-07-08T10:02:11","modified_gmt":"2025-07-08T10:02:11","slug":"a-lausanne-photo-elysee-expose-un-travail-sur-le-papet-vaudois-rts-ch","status":"publish","type":"post","link":"https:\/\/www.europesays.com\/fr\/234842\/","title":{"rendered":"\u00c0 Lausanne, Photo Elys\u00e9e expose un travail sur le papet vaudois &#8211; rts.ch"},"content":{"rendered":"<p>A Lausanne, Photo Elys\u00e9e accueille l&rsquo;exposition \u00ab\u00a0Enqu\u00eate photographique vaudoise\u00a0\u00bb jusqu&rsquo;au 28 septembre. Parmi les six photographes expos\u00e9s, Romain Mader propose un travail sur le papet vaudois, un plat d\u00e9cortiqu\u00e9 avec humour et passion.<\/p>\n<p>Le photographe Romain Mader est n\u00e9 en 1988 et a grandi dans le Chablais. Pour l&rsquo;enqu\u00eate photographique command\u00e9e par le Canton de Vaud, qui vise \u00e0 apporter une documentation photographique sur les traditions vivantes inscrites \u00e0 l&rsquo;inventaire du patrimoine immat\u00e9riel vaudois, l&rsquo;artiste a choisi d&rsquo;explorer le papet vaudois, son plat pr\u00e9f\u00e9r\u00e9.<\/p>\n<p> &gt;&gt; Voir le sujet du 19h30 consacr\u00e9 \u00e0 l&rsquo;exposition \u00e0 Photo Elys\u00e9e\u00a0:   <img decoding=\"async\" class=\"embed-responsive-item\" loading=\"lazy\" src=\"https:\/\/www.europesays.com\/fr\/wp-content\/uploads\/2025\/07\/ghsv81-28928125.image\" alt=\"\u00c0 Lausanne, le mus\u00e9e de l'Elys\u00e9e expose un travail sur le papet Vaudois\"\/>    \u00c0 Lausanne, le mus\u00e9e de l&rsquo;Elys\u00e9e expose un travail sur le papet vaudois \/ 19h30 \/ 2 min. \/ le 28 juin 2025 Un challenge photographique<\/p>\n<p>Le projet de Romain Mader vise \u00e0 valoriser l&rsquo;artisanat, la production locale et les liens sociaux au sein de son district natal d&rsquo;Aigle. Par l&rsquo;entremise de stages aupr\u00e8s de producteurs et d&rsquo;artisans, le photographe documente avec humour toutes les \u00e9tapes de production des ingr\u00e9dients de la sp\u00e9cialit\u00e9 culinaire, allant de la culture des poireaux et des pommes de terre \u00e0 l&rsquo;\u00e9levage et l&rsquo;abattage des cochons et la confection des saucisses aux choux.<\/p>\n<p>\u00ab\u00a0La saucisse aux choux, et le papet en g\u00e9n\u00e9ral, ce n&rsquo;est pas le plat le plus photog\u00e9nique qui existe (&#8230;) Ce que je trouvais int\u00e9ressant, c&rsquo;est justement le challenge de cr\u00e9er une histoire autour du plat\u00a0\u00bb, souligne Romain Mader dans le 19h30 du 28 juin.<\/p>\n<p> <img decoding=\"async\" src=\"https:\/\/www.europesays.com\/fr\/wp-content\/uploads\/2025\/07\/v8zw5k-28929234.image\" alt=\"Romain Mader, Trois saucisses aux choux, une bouteille de Summum des amis Jaquerod, et un r\u00eave, 2024. [Photo Elys\u00e9e - Romain Mader]\" title=\"Romain Mader, Trois saucisses aux choux, une bouteille de Summum des amis Jaquerod, et un r\u00eave, 2024. [Photo Elys\u00e9e - Romain Mader]\" loading=\"lazy\"\/>  Romain Mader, Trois saucisses aux choux, une bouteille de Summum des amis Jaquerod, et un r\u00eave, 2024. [Photo Elys\u00e9e &#8211; Romain Mader] <\/p>\n<p>Le papet est l&rsquo;une des six enqu\u00eates photographiques \u00e0 voir au Mus\u00e9e Photo Elys\u00e9e, o\u00f9 l&rsquo;on peut aussi d\u00e9couvrir le Cirque Helvetia, les rituels des Jeunesses vaudoises, des bo\u00eetes \u00e0 musique et des automates, la Nouvelle Compagnie des Brigands du Jorat ou encore l&rsquo;Almanach du Messager boiteux. Des travaux originaux, joyeux, dr\u00f4les ou po\u00e9tiques, avec l&rsquo;id\u00e9e de d\u00e9poussi\u00e9rer le patrimoine vaudois.<\/p>\n<p><strong class=\"inline-title\">&gt;&gt; A lire \u00e9galement\u00a0: <\/strong><a href=\"https:\/\/www.rts.ch\/info\/culture\/arts-visuels\/2025\/article\/olga-cafiero-expose-a-photo-elysee-l-almanach-du-messager-boiteux-revisite-28925562.html\" data-item-id=\"richtext_link\" target=\"_blank\" rel=\"noopener\">A Photo Elys\u00e9e, Olga Cafiero propose un travail autour de l&rsquo;almanach du Messager boiteux<\/a><\/p>\n<p class=\"sources\">Sujet TV: Julie Conti<\/p>\n<p class=\"credit\">Adaptation web: ld<\/p>\n<p class=\"article-footnote\">\u00ab\u00a0Enqu\u00eate photographique vaudoise\u00a0\u00bb, Photo Elys\u00e9e, Lausanne, jusqu&rsquo;au 28 septembre 2025.<\/p>\n","protected":false},"excerpt":{"rendered":"A Lausanne, Photo Elys\u00e9e accueille l&rsquo;exposition \u00ab\u00a0Enqu\u00eate photographique vaudoise\u00a0\u00bb jusqu&rsquo;au 28 septembre. Parmi les six photographes expos\u00e9s, Romain&hellip;\n","protected":false},"author":2,"featured_media":234843,"comment_status":"","ping_status":"","sticky":false,"template":"","format":"standard","meta":{"footnotes":""},"categories":[1358],"tags":[1348,1384,1385,1693,2502,37348,251,1386,58,1067,59,37349,1011,27,26705,37350,20528,1756,37351,3067,602],"class_list":{"0":"post-234842","1":"post","2":"type-post","3":"status-publish","4":"format-standard","5":"has-post-thumbnail","7":"category-arts-et-design","8":"tag-arts","9":"tag-arts-and-design","10":"tag-arts-et-design","11":"tag-arts-et-divertissement","12":"tag-arts-visuels","13":"tag-canton-de-vaud","14":"tag-culture","15":"tag-design","16":"tag-divertissement","17":"tag-enquete","18":"tag-entertainment","19":"tag-exposition-artistique","20":"tag-fr","21":"tag-france","22":"tag-lausanne","23":"tag-photo-elysee","24":"tag-photographe","25":"tag-photographie","26":"tag-romain-mader","27":"tag-suisse","28":"tag-tourisme"},"share_on_mastodon":{"url":"https:\/\/pubeurope.com\/@fr\/114817043386971250","error":""},"_links":{"self":[{"href":"https:\/\/www.europesays.com\/fr\/wp-json\/wp\/v2\/posts\/234842","targetHints":{"allow":["GET"]}}],"collection":[{"href":"https:\/\/www.europesays.com\/fr\/wp-json\/wp\/v2\/posts"}],"about":[{"href":"https:\/\/www.europesays.com\/fr\/wp-json\/wp\/v2\/types\/post"}],"author":[{"embeddable":true,"href":"https:\/\/www.europesays.com\/fr\/wp-json\/wp\/v2\/users\/2"}],"replies":[{"embeddable":true,"href":"https:\/\/www.europesays.com\/fr\/wp-json\/wp\/v2\/comments?post=234842"}],"version-history":[{"count":0,"href":"https:\/\/www.europesays.com\/fr\/wp-json\/wp\/v2\/posts\/234842\/revisions"}],"wp:featuredmedia":[{"embeddable":true,"href":"https:\/\/www.europesays.com\/fr\/wp-json\/wp\/v2\/media\/234843"}],"wp:attachment":[{"href":"https:\/\/www.europesays.com\/fr\/wp-json\/wp\/v2\/media?parent=234842"}],"wp:term":[{"taxonomy":"category","embeddable":true,"href":"https:\/\/www.europesays.com\/fr\/wp-json\/wp\/v2\/categories?post=234842"},{"taxonomy":"post_tag","embeddable":true,"href":"https:\/\/www.europesays.com\/fr\/wp-json\/wp\/v2\/tags?post=234842"}],"curies":[{"name":"wp","href":"https:\/\/api.w.org\/{rel}","templated":true}]}}