{"id":234846,"date":"2025-07-08T10:05:11","date_gmt":"2025-07-08T10:05:11","guid":{"rendered":"https:\/\/www.europesays.com\/fr\/234846\/"},"modified":"2025-07-08T10:05:11","modified_gmt":"2025-07-08T10:05:11","slug":"pas-beaucoup-calogero-prend-tout-le-monde-de-court-dans-telematin-flavie-flament-nen-revient-pas","status":"publish","type":"post","link":"https:\/\/www.europesays.com\/fr\/234846\/","title":{"rendered":"\u00ab\u00a0Pas beaucoup\u00a0\u00bb : Calogero prend tout le monde de court dans T\u00e9l\u00e9matin, Flavie Flament n&rsquo;en revient pas"},"content":{"rendered":"<p>Calogero a pris tout le monde de court. Invit\u00e9 le 8 juillet 2025<br \/>\nsur le plateau de T\u00e9l\u00e9matin, le chanteur n&rsquo;a pas h\u00e9sit\u00e9 \u00e0<br \/>\ndire sa v\u00e9rit\u00e9 \u00e0 l&rsquo;antenne. En effet, questionn\u00e9 par <a href=\"https:\/\/www.closermag.fr\/people\/flavie-flament-furieuse-viree-de-telematin-elle-ne-sest-pas-pointee-ce-jeudi-3-juillet-3560586\" target=\"_blank\" rel=\"noopener\"><br \/>\nFlavie Flament<\/a> au sujet de sa longue carri\u00e8re, l&rsquo;interpr\u00e8te de<br \/>\n\u00ab\u00a0Face \u00e0 la mer\u00a0\u00bb a confirm\u00e9 qu&rsquo;il n&rsquo;avait pas la sensation de<br \/>\ntourbillon. Pourtant, c&rsquo;est ce que la journaliste a voulu lui faire<br \/>\ndire. \u00ab\u00a010 opus en 24 ans, \u00e7a donne un peu le vertige quoi<br \/>\n?\u00a0\u00bb a questionn\u00e9 Flavie Flament.<\/p>\n<p>\u00ab\u00a0<strong>Non, pas beaucoup.<\/strong>\u00a0\u00bb a simplement<br \/>\nr\u00e9pondu <a href=\"https:\/\/www.closermag.fr\/people\/ou-la-tete-je-ne-sais-plus-calogero-rentre-trop-dans-les-details-dans-quotidien-et-cest-genant-3489554\" target=\"_blank\" rel=\"noopener\"><br \/>\nCalogero<\/a>. \u00ab\u00a0Hein ? Pas beaucoup ? Attend, excuse-moi c&rsquo;est<br \/>\nquand m\u00eame pas mal non ?\u00a0\u00bb a r\u00e9agi l&rsquo;acolyte de <a href=\"https:\/\/www.closermag.fr\/tv_tele_realite\/coup-de-tonnerre-ecarte-de-telematin-julien-arnaud-claque-la-porte-et-on-sait-deja-ou-il-va-3561562\" target=\"_blank\" rel=\"noopener\"><br \/>\nJulien Arnaud<\/a> apr\u00e8s une remarque de Jean-Baptiste Marteau.<br \/>\n\u00ab\u00a0<strong>C&rsquo;est bien mais ce qui compte c&rsquo;est d&rsquo;avoir fait de<br \/>\nbons albums.<\/strong>\u00a0\u00bb a alors r\u00e9pondu l&rsquo;artiste. \u00ab\u00a0C&rsquo;est<br \/>\nsur, et c&rsquo;est vrai. Est-ce qu&rsquo;il aurait imagin\u00e9 \u00e7a, le petit gar\u00e7on<br \/>\nqui voulait faire de la musique ?\u00a0\u00bb a ensuite demand\u00e9 Flavie<br \/>\nFlament. \u00ab\u00a0Non ! C&rsquo;est quand m\u00eame un m\u00e9tier tr\u00e8s ins\u00e9cure&#8230; On<br \/>\nne sait pas o\u00f9 on met les pieds et c&rsquo;est angoissant pour des<br \/>\nparents. Les miens ont \u00e9t\u00e9 clairvoyants. Il fallait me soutenir<br \/>\nparce qu&rsquo;\u00e0 l&rsquo;\u00e9cole ce n&rsquo;\u00e9tait pas \u00e7a.\u00a0\u00bb assur\u00e9 Calogero.<\/p>\n<p>Calogero : retour sur son immense carri\u00e8re<\/p>\n<p>Pour rappel, c\u2019est dans les ann\u00e9es 1990 que Calogero fait ses<br \/>\npremiers pas dans la musique, aux c\u00f4t\u00e9s de ses fr\u00e8res dans le<br \/>\ngroupe <strong data-start=\"788\" data-end=\"802\">Les Charts<\/strong>.<br \/>\nCe tremplin lui permet de se faire un nom et d\u2019apprivoiser la<br \/>\nsc\u00e8ne. Mais c\u2019est en 2000, avec la sortie de son premier album solo<br \/>\nAu milieu des autres, que Calogero commence \u00e0 \u00e9crire sa<br \/>\npropre histoire. Le v\u00e9ritable tournant arrive en 2004 avec l\u2019album<br \/>\n3, qui contient plusieurs tubes qui restent aujourd\u2019hui<br \/>\nencore dans les m\u00e9moires. Le titre Face \u00e0 la mer, en duo avec le rappeur Passi, m\u00eale<br \/>\nhabilement pop et rap et conquiert le public. Prendre racine devient aussi un hymne,<br \/>\nr\u00e9v\u00e9lant un artiste sensible et engag\u00e9.<\/p>\n<p>En 2007, Calogero frappe fort avec Pomme C, un disque<br \/>\npl\u00e9biscit\u00e9 par la critique et le public. Avec des morceaux comme<br \/>\nYalla ou le titre<br \/>\n\u00e9ponyme Pomme C, il<br \/>\naffirme son style, m\u00e9lange de pop \u00e9l\u00e9gante et de ballades<br \/>\n\u00e9mouvantes. L\u2019album est certifi\u00e9 disque de platine, preuve de<br \/>\nl\u2019attachement du public. En 2014, l\u2019artiste revient avec Les<br \/>\nfeux d\u2019artifice, un album plus mature et introspectif. Les<br \/>\nsingles se succ\u00e8dent, et Calogero continue de s\u00e9duire par ses<br \/>\ntextes poignants, sa voix unique et ses m\u00e9lodies soign\u00e9es. Un<br \/>\nsucc\u00e8s qui confirme sa place parmi les grands noms de la chanson<br \/>\nfran\u00e7aise contemporaine.<\/p>\n<p>Calogero : comment est n\u00e9 son dernier<br \/>\nalbum ?<\/p>\n<p>Apr\u00e8s un album live en 2017, Libert\u00e9 ch\u00e9rie, Calogero<br \/>\nsort en 2018 son disque Centre Ville, plus personnel et<br \/>\nintime. L\u2019artiste y d\u00e9voile ses r\u00e9flexions sur la vie, le temps qui<br \/>\npasse et les changements. Une \u00e9tape nouvelle dans une carri\u00e8re d\u00e9j\u00e0<br \/>\nriche. Aujourd&rsquo;hui, il revient avec son dixi\u00e8me album baptis\u00e9<br \/>\nsimplement X. \u00ab\u00a0Cet album est sorti apr\u00e8s l&rsquo;U Arena \u00e0<br \/>\nNanterre. J&rsquo;ai compos\u00e9 apr\u00e8s le concert.\u00a0\u00bb a-t-il expliqu\u00e9.<\/p>\n","protected":false},"excerpt":{"rendered":"Calogero a pris tout le monde de court. Invit\u00e9 le 8 juillet 2025 sur le plateau de T\u00e9l\u00e9matin,&hellip;\n","protected":false},"author":2,"featured_media":234847,"comment_status":"","ping_status":"","sticky":false,"template":"","format":"standard","meta":{"footnotes":""},"categories":[1355],"tags":[548,58,59,7844,1011,27,1361,873],"class_list":{"0":"post-234846","1":"post","2":"type-post","3":"status-publish","4":"format-standard","5":"has-post-thumbnail","7":"category-musique","8":"tag-article-simple","9":"tag-divertissement","10":"tag-entertainment","11":"tag-flavie-flament","12":"tag-fr","13":"tag-france","14":"tag-music","15":"tag-musique"},"share_on_mastodon":{"url":"https:\/\/pubeurope.com\/@fr\/114817055432325485","error":""},"_links":{"self":[{"href":"https:\/\/www.europesays.com\/fr\/wp-json\/wp\/v2\/posts\/234846","targetHints":{"allow":["GET"]}}],"collection":[{"href":"https:\/\/www.europesays.com\/fr\/wp-json\/wp\/v2\/posts"}],"about":[{"href":"https:\/\/www.europesays.com\/fr\/wp-json\/wp\/v2\/types\/post"}],"author":[{"embeddable":true,"href":"https:\/\/www.europesays.com\/fr\/wp-json\/wp\/v2\/users\/2"}],"replies":[{"embeddable":true,"href":"https:\/\/www.europesays.com\/fr\/wp-json\/wp\/v2\/comments?post=234846"}],"version-history":[{"count":0,"href":"https:\/\/www.europesays.com\/fr\/wp-json\/wp\/v2\/posts\/234846\/revisions"}],"wp:featuredmedia":[{"embeddable":true,"href":"https:\/\/www.europesays.com\/fr\/wp-json\/wp\/v2\/media\/234847"}],"wp:attachment":[{"href":"https:\/\/www.europesays.com\/fr\/wp-json\/wp\/v2\/media?parent=234846"}],"wp:term":[{"taxonomy":"category","embeddable":true,"href":"https:\/\/www.europesays.com\/fr\/wp-json\/wp\/v2\/categories?post=234846"},{"taxonomy":"post_tag","embeddable":true,"href":"https:\/\/www.europesays.com\/fr\/wp-json\/wp\/v2\/tags?post=234846"}],"curies":[{"name":"wp","href":"https:\/\/api.w.org\/{rel}","templated":true}]}}