{"id":234850,"date":"2025-07-08T10:07:16","date_gmt":"2025-07-08T10:07:16","guid":{"rendered":"https:\/\/www.europesays.com\/fr\/234850\/"},"modified":"2025-07-08T10:07:16","modified_gmt":"2025-07-08T10:07:16","slug":"et-si-tout-dependait-du-cote-par-lequel-parkinson-commence","status":"publish","type":"post","link":"https:\/\/www.europesays.com\/fr\/234850\/","title":{"rendered":"Et si tout d\u00e9pendait du c\u00f4t\u00e9 par lequel Parkinson commence ?"},"content":{"rendered":"<p>             <a href=\"https:\/\/ma-sante.news\/wp-content\/uploads\/2025\/07\/atteinte-parkinson-cerveau-cote-gaiche-cote-droit-traitements-prise-en-charge-symptomes-Ma-Sante.jpg\" data-caption=\"\" target=\"_blank\" rel=\"noopener\"><img loading=\"lazy\" decoding=\"async\" width=\"696\" height=\"464\" class=\"entry-thumb td-modal-image\" src=\"data:image\/svg+xml,%3Csvg%20xmlns=\" http:=\"\" data-lazy- data-lazy- alt=\"Un homme atteint de Parkinson du c\u00f4t\u00e9 droit et a donc des probl\u00e8mes moteurs.\" title=\"atteinte parkinson cerveau co\u0302te\u0301 gaiche co\u0302te\u0301 droit traitements prise en charge sympto\u0302mes Ma Sante\u0301\" data-lazy-src=\"https:\/\/www.europesays.com\/fr\/wp-content\/uploads\/2025\/07\/atteinte-parkinson-cerveau-cote-gaiche-cote-droit-traitements-prise-en-charge-symptomes-Ma-Sante-696.jpeg\"\/><\/a>                                    \t\t\t             <a class=\"gofollow\" data-track=\"MjgsMCwxLDYw\" href=\"https:\/\/ma-sante.news\/inscrivez-vous-a-notre-newsletter\/\" target=\"_blank\" rel=\"noopener\"><img loading=\"lazy\" decoding=\"async\" width=\"1068\" height=\"131\" src=\"data:image\/svg+xml,%3Csvg%20xmlns=\" http:=\"\" data-lazy-src=\"https:\/\/www.europesays.com\/fr\/wp-content\/uploads\/2025\/03\/banniere-newsletter.png\"\/><\/a> <\/p>\n<p>On parle <a href=\"https:\/\/ma-sante.news\/parkinson-maladie-le-nombre-de-cas-explose-en-france\/\" target=\"_blank\" rel=\"noopener\">souvent du Parkinson comme d\u2019une maladie \u00ab\u202fmotrice\u202f\u00bb, marqu\u00e9e par des tremblements, une rigidit\u00e9 ou une lenteur de mouvement<\/a>. Mais on oublie parfois qu\u2019elle touche bien plus que les gestes. Elle atteint aussi les \u00e9motions, la m\u00e9moire, le comportement. Et tout d\u00e9pend du c\u00f4t\u00e9 o\u00f9 elle commence.<\/p>\n<p>C\u2019est ce que r\u00e9v\u00e8le une m\u00e9ta-analyse tr\u00e8s s\u00e9rieuse men\u00e9e par les chercheurs de l\u2019Universit\u00e9 de Gen\u00e8ve et des H\u00f4pitaux Universitaires de Gen\u00e8ve (HUG), publi\u00e9e dans la revue scientifique npj Parkinson\u2019s Disease en juin 2025. En analysant pas moins de 80 \u00e9tudes publi\u00e9es au cours des 50 derni\u00e8res ann\u00e9es, les chercheurs ont identifi\u00e9 un lien solide entre la lat\u00e9ralit\u00e9 des sympt\u00f4mes moteurs (c\u2019est-\u00e0-dire leur apparition \u00e0 gauche ou \u00e0 droite du corps) et le type de complications non motrices \u00e0 venir.<\/p>\n<p>En clair, selon que les premiers signes apparaissent du c\u00f4t\u00e9 droit ou du c\u00f4t\u00e9 gauche du corps, l\u2019\u00e9volution de la maladie de Parkinson ne sera pas la m\u00eame.<\/p>\n<p>        Parkinson : c\u00f4t\u00e9 gauche ou c\u00f4t\u00e9, c\u2019est quoi la diff\u00e9rence ?\u00a0    <strong>Parkinson c\u00f4t\u00e9 droit : attention au cerveau gauche\u2026 et \u00e0 la m\u00e9moire<\/strong>    <\/p>\n<p>Quand <a href=\"https:\/\/ma-sante.news\/tremblement-essentiel-difference-parkinson-causes-symptomes-diagnostic\/\" target=\"_blank\" rel=\"noopener\">les premiers tremblements<\/a>, raideurs ou pertes de motricit\u00e9 apparaissent du c\u00f4t\u00e9 droit du corps, cela signifie que c\u2019est l\u2019h\u00e9misph\u00e8re gauche du cerveau qui est le plus touch\u00e9.<\/p>\n<p>Et cette information a toute son importance, car cet h\u00e9misph\u00e8re est notamment impliqu\u00e9 dans :<\/p>\n<ul class=\"wp-block-list\">\n<li>le langage,<\/li>\n<li>le raisonnement logique,<\/li>\n<li>les fonctions ex\u00e9cutives (planification, organisation, attention\u2026).<\/li>\n<\/ul>\n<p>Les personnes chez qui la maladie d\u00e9bute \u00e0 droite ont un risque accru de <a href=\"https:\/\/ma-sante.news\/troubles-cognitifs-et-maintien-a-domicile-quelles-aides-disponibles\/\" target=\"_blank\" rel=\"noopener\">d\u00e9velopper des troubles cognitifs<\/a>, notamment des <a href=\"https:\/\/ma-sante.news\/perte-de-memoire-quels-sont-les-signes-qui-alertent\/\" target=\"_blank\" rel=\"noopener\">troubles de la m\u00e9moire<\/a>, de la concentration ou du langage, et m\u00eame, \u00e0 long terme, <a href=\"https:\/\/ma-sante.news\/la-perte-audition-augmente-le-risque-de-demence\/\" target=\"_blank\" rel=\"noopener\">un risque plus \u00e9lev\u00e9 de d\u00e9mence.<\/a><\/p>\n<p>\u201cL\u2019atteinte de l\u2019h\u00e9misph\u00e8re gauche semble particuli\u00e8rement li\u00e9e au d\u00e9clin cognitif chez les patients parkinsoniens\u201d, explique le Pr Arnaud Saj, neuropsychologue aux HUG et co-auteur de l\u2019\u00e9tude.<\/p>\n<p>        <strong>Parkinson c\u00f4t\u00e9 gauche : gare aux \u00e9motions et \u00e0 la sant\u00e9 mentale<\/strong>    <\/p>\n<p>\u00c0 l\u2019inverse, quand les premiers sympt\u00f4mes se manifestent du c\u00f4t\u00e9 gauche du corps, c\u2019est l\u2019h\u00e9misph\u00e8re droit du cerveau qui est plus atteint.<\/p>\n<p>Ce dernier g\u00e8re des fonctions bien diff\u00e9rentes :<\/p>\n<ul class=\"wp-block-list\">\n<li>la perception des \u00e9motions,<\/li>\n<li>la cr\u00e9ativit\u00e9,<\/li>\n<li>la reconnaissance des visages,<\/li>\n<li>l\u2019orientation dans l\u2019espace.<\/li>\n<\/ul>\n<p>Les patients atteints c\u00f4t\u00e9 gauche sont ainsi plus expos\u00e9s aux troubles psychiatriques :<a href=\"https:\/\/ma-sante.news\/troubles-anxieux-comment-expliquer-cette-anxiete-aigue-qui-envahit-le-quotidien\/\" target=\"_blank\" rel=\"noopener\"> anxi\u00e9t\u00e9<\/a>, <a href=\"https:\/\/ma-sante.news\/et-si-depression-etait-une-question-de-genetique\/\" target=\"_blank\" rel=\"noopener\">d\u00e9pression<\/a>, apathie, voire <a href=\"https:\/\/ma-sante.news\/manque-dempathie-causes-et-consequences\/\" target=\"_blank\" rel=\"noopener\">difficult\u00e9 \u00e0 percevoir les \u00e9motions d\u2019autrui (ce qu\u2019on appelle l\u2019alexithymie)<\/a>.<\/p>\n<p>Cette forme de Parkinson est parfois plus insidieuse. Elle se manifeste moins par des oublis, mais plus par un mal-\u00eatre diffus, une perte de motivation, une forme de repli sur soi qui passe parfois inaper\u00e7ue.<\/p>\n<p>        Pourquoi c\u2019est important de le savoir d\u00e8s le d\u00e9but ?    <\/p>\n<p>On le sait peu, mais la maladie de Parkinson est tr\u00e8s h\u00e9t\u00e9rog\u00e8ne. Deux patients ne vont pas du tout vivre la m\u00eame \u00e9volution, m\u00eame s\u2019ils prennent le m\u00eame traitement. C\u2019est l\u00e0 que cette d\u00e9couverte prend tout son sens.<\/p>\n<p>\u201cConna\u00eetre le c\u00f4t\u00e9 d\u2019apparition des premiers sympt\u00f4mes permettrait de mieux anticiper les complications futures, et donc d\u2019adapter les prises en charge d\u00e8s le diagnostic\u201d, souligne l\u2019\u00e9quipe genevoise.<\/p>\n<p>En pratique, cela pourrait permettre aux neurologues de :<\/p>\n<ul class=\"wp-block-list\">\n<li>renforcer la surveillance cognitive si les signes apparaissent c\u00f4t\u00e9 droit,<\/li>\n<li>proposer un accompagnement psychologique plus pr\u00e9coce si le c\u00f4t\u00e9 gauche est atteint,<\/li>\n<li>personnaliser les exercices de r\u00e9\u00e9ducation, cognitifs comme physiques.<\/li>\n<\/ul>\n<p>        Parkinson : des traitements mieux cibl\u00e9s \u00e0 venir\u202f?    <\/p>\n<p>Si cette piste est encore jeune, elle est prometteuse. La lat\u00e9ralit\u00e9 pourrait devenir un crit\u00e8re de pr\u00e9diction int\u00e9gr\u00e9 dans les parcours de soins.<\/p>\n<p>Les chercheurs appellent d\u00e9sormais \u00e0 d\u00e9velopper :<\/p>\n<ul class=\"wp-block-list\">\n<li>des outils cliniques pour mesurer plus finement l\u2019asym\u00e9trie des sympt\u00f4mes,<\/li>\n<li>et des protocoles de soin diff\u00e9renci\u00e9s selon la lat\u00e9ralit\u00e9.<\/li>\n<\/ul>\n<p>Un peu comme pour les cancers ou <a href=\"https:\/\/ma-sante.news\/academie-nationale-medecine-alerte-inegalites-maladies-cardiovasculaires\/\" target=\"_blank\" rel=\"noopener\">les maladies cardiovasculaires<\/a>, la m\u00e9decine du futur pour Parkinson sera personnalis\u00e9e.<\/p>\n<blockquote class=\"wp-block-quote is-layout-flow wp-block-quote-is-layout-flow\">\n<p><strong>\u00c0 SAVOIR<\/strong><\/p>\n<p>Environ 270 000 personnes vivent avec la maladie de Parkinson en France, selon l\u2019Inserm (2023). Et les traitements actuels, notamment \u00e0 base de dopamine, soulagent les sympt\u00f4mes mais ne ralentissent pas l\u2019\u00e9volution de la maladie.<\/p>\n<\/blockquote>\n<p>  <a class=\"gofollow\" data-track=\"MTIsMCwxLDYw\" href=\"https:\/\/ma-sante.news\/annonceurs\/\" target=\"_blank\" rel=\"noopener\"><img loading=\"lazy\" decoding=\"async\" width=\"2560\" height=\"2133\" src=\"data:image\/svg+xml,%3Csvg%20xmlns=\" http:=\"\" data-lazy-src=\"https:\/\/www.europesays.com\/fr\/wp-content\/uploads\/2025\/03\/pub-annonceurs-4-scaled.jpg\"\/><\/a>    <img loading=\"lazy\" decoding=\"async\" width=\"755\" height=\"495\" src=\"data:image\/svg+xml,%3Csvg%20xmlns=\" http:=\"\" data-lazy-src=\"https:\/\/www.europesays.com\/fr\/wp-content\/uploads\/2025\/03\/Image1.jpg\"\/>Inscrivez-vous \u00e0 notre newsletter <br \/>Ma Sant\u00e9                      <\/p>\n","protected":false},"excerpt":{"rendered":"On parle souvent du Parkinson comme d\u2019une maladie \u00ab\u202fmotrice\u202f\u00bb, marqu\u00e9e par des tremblements, une rigidit\u00e9 ou une lenteur&hellip;\n","protected":false},"author":2,"featured_media":234851,"comment_status":"","ping_status":"","sticky":false,"template":"","format":"standard","meta":{"footnotes":""},"categories":[10],"tags":[37352,1093,1011,27,72,71,37353],"class_list":{"0":"post-234850","1":"post","2":"type-post","3":"status-publish","4":"format-standard","5":"has-post-thumbnail","7":"category-sante","8":"tag-anxiu00e9tu00e9","9":"tag-du00e9mence","10":"tag-fr","11":"tag-france","12":"tag-health","13":"tag-sante","14":"tag-troubles-de-la-mu00e9moire"},"share_on_mastodon":{"url":"https:\/\/pubeurope.com\/@fr\/114817063109528987","error":""},"_links":{"self":[{"href":"https:\/\/www.europesays.com\/fr\/wp-json\/wp\/v2\/posts\/234850","targetHints":{"allow":["GET"]}}],"collection":[{"href":"https:\/\/www.europesays.com\/fr\/wp-json\/wp\/v2\/posts"}],"about":[{"href":"https:\/\/www.europesays.com\/fr\/wp-json\/wp\/v2\/types\/post"}],"author":[{"embeddable":true,"href":"https:\/\/www.europesays.com\/fr\/wp-json\/wp\/v2\/users\/2"}],"replies":[{"embeddable":true,"href":"https:\/\/www.europesays.com\/fr\/wp-json\/wp\/v2\/comments?post=234850"}],"version-history":[{"count":0,"href":"https:\/\/www.europesays.com\/fr\/wp-json\/wp\/v2\/posts\/234850\/revisions"}],"wp:featuredmedia":[{"embeddable":true,"href":"https:\/\/www.europesays.com\/fr\/wp-json\/wp\/v2\/media\/234851"}],"wp:attachment":[{"href":"https:\/\/www.europesays.com\/fr\/wp-json\/wp\/v2\/media?parent=234850"}],"wp:term":[{"taxonomy":"category","embeddable":true,"href":"https:\/\/www.europesays.com\/fr\/wp-json\/wp\/v2\/categories?post=234850"},{"taxonomy":"post_tag","embeddable":true,"href":"https:\/\/www.europesays.com\/fr\/wp-json\/wp\/v2\/tags?post=234850"}],"curies":[{"name":"wp","href":"https:\/\/api.w.org\/{rel}","templated":true}]}}