{"id":234853,"date":"2025-07-08T10:09:12","date_gmt":"2025-07-08T10:09:12","guid":{"rendered":"https:\/\/www.europesays.com\/fr\/234853\/"},"modified":"2025-07-08T10:09:12","modified_gmt":"2025-07-08T10:09:12","slug":"apres-la-diffusion-de-joker-en-prime-time-sur-tf1-larcom-intervient-aupres-de-la-chaine","status":"publish","type":"post","link":"https:\/\/www.europesays.com\/fr\/234853\/","title":{"rendered":"Apr\u00e8s la diffusion de \u00ab\u00a0Joker\u00a0\u00bb en prime time sur TF1, l\u2019Arcom intervient aupr\u00e8s de la cha\u00eene"},"content":{"rendered":"<p>        <img decoding=\"async\" loading=\"lazy\" src=\"https:\/\/www.europesays.com\/fr\/wp-content\/uploads\/2025\/07\/cbdee4f_1658614413877-5d9b4ae2210000b103ab8f1d.jpeg\"  width=\"728\" height=\"485\" alt=\"&quot;Joker&quot; avec Joaquin Phoenix a \u00e9t\u00e9 diffus\u00e9 sur TF1\u00a0en octobre 2024\u00a0mais l\u2019Arcom n\u2019a pas appr\u00e9ci\u00e9 l\u2019horaire de diffusion.\"\/>  <\/p>\n<p>2019 Warner Bros. Entertainment Inc. All Rights Reserved. TM &amp; \u00a9 DC Comics \/ Niko Tavernise<\/p>\n<p>\u00ab\u00a0Joker\u00a0\u00bb avec Joaquin Phoenix a \u00e9t\u00e9 diffus\u00e9 sur TF1\u00a0en octobre 2024\u00a0mais l\u2019Arcom n\u2019a pas appr\u00e9ci\u00e9 l\u2019horaire de diffusion.<\/p>\n<p class=\"asset asset-text\">T\u00c9L\u00c9VISION &#8211; Il ne faut pas recommencer. Voil\u00e0 la mise en garde adress\u00e9e par <a href=\"https:\/\/www.huffingtonpost.fr\/medias\/article\/franceinfo-a-ete-mise-en-garde-par-l-arcom-apres-le-debat-sur-gaza-transformee-en-cote-d-azur_247875.html\" target=\"_blank\" rel=\"noopener\">l\u2019Arcom<\/a>, le gendarme de l\u2019audiovisuel, \u00e0 <a href=\"https:\/\/www.huffingtonpost.fr\/divertissement\/article\/jarry-fait-son-retour-sur-tf1-pour-animer-un-nouveau-jeu-televise-en-prime-time_252268.html\" target=\"_blank\" rel=\"noopener\">TF1<\/a>\u00a0pour un film diffus\u00e9 \u00e0 l\u2019automne. La d\u00e9cision a \u00e9t\u00e9 officialis\u00e9e au d\u00e9but du mois de juillet apr\u00e8s avoir \u00e9t\u00e9 prise le 11\u00a0juin. Le film en question n\u2019est pas n\u2019importe lequel puisqu\u2019il s\u2019agit de <a href=\"https:\/\/www.huffingtonpost.fr\/culture\/article\/le-joker-de-2019-nous-rappelle-que-le-rire-n-est-pas-toujours-drole_169875.html\" target=\"_blank\" rel=\"noopener\">Joker<\/a>, le long m\u00e9trage sorti en 2019\u00a0qui a valu <a href=\"https:\/\/www.huffingtonpost.fr\/culture\/video\/bafta-2020-le-discours-de-joaquin-phoenix-face-au-racisme-qui-perdure_159014.html\" target=\"_blank\" rel=\"noopener\">un Oscar<\/a> \u00e0 <a href=\"https:\/\/www.huffingtonpost.fr\/culture\/article\/pour-joker-folie-a-deux-avec-lady-gaga-joaquin-phoenix-etait-malade-a-l-idee-de-chanter_240159.html\" target=\"_blank\" rel=\"noopener\">Joaquin Phoenix<\/a>\u00a0l\u2019ann\u00e9e suivante.<\/p>\n<p class=\"asset asset-text\">Retour en octobre\u00a02024\u00a0pour comprendre. Pour surfer sur la sortie au cin\u00e9ma du deuxi\u00e8me film <a href=\"https:\/\/www.huffingtonpost.fr\/culture\/article\/joker-folie-a-deux-avec-joaquin-phoenix-et-lady-gaga-tente-le-melange-des-genres-mais-fait-fausse-route_240138.html\" target=\"_blank\" rel=\"noopener\">Joker folie \u00e0 deux<\/a>\u00a0avec Lady Gaga, TF1\u00a0d\u00e9cide de diffuser \u00e0 21h15\u00a0le 13\u00a0octobre le film avec Joaquin Phoenix.<\/p>\n<p class=\"asset asset-text\">La cha\u00eene accompagne le film de la signal\u00e9tique \u00ab\u00a0interdit en salles aux moins de 12\u00a0ans\u00a0\u00bb et du pictogramme \u00ab\u00a0-12\u00a0\u00bb, rappelle l\u2019Arcom. Mais des t\u00e9l\u00e9spectateurs choqu\u00e9s par certaines sc\u00e8nes ont saisi le r\u00e9gulateur qui a donc jug\u00e9 en leur sens. \u00ab\u00a0L\u2019Arcom a estim\u00e9 que le film\u00a0Joker\u00a0constituait un \u201cprogramme de grande violence\u201d\u00a0\u00bb, peut-on lire <a href=\"https:\/\/www.arcom.fr\/se-documenter\/espace-juridique\/decisions\/classification-du-film-joker-diffuse-le-13-octobre-2024-intervention-aupres-de-tf1\" target=\"_blank\" rel=\"noopener\" title=\"Nouvelle fen\u00eatre\">dans le communiqu\u00e9<\/a>.<\/p>\n<p class=\"asset asset-text\">Selon cette d\u00e9nomination, le film aurait d\u00fb \u00eatre class\u00e9 dans la cat\u00e9gorie IV, celle des films qui sont interdits aux moins de 16\u00a0ans et qui ne peuvent pas \u00eatre diffus\u00e9s avant 22h30. Sans aller jusqu\u2019\u00e0 sanctionner TF1, l\u2019Arcom exige que la cha\u00eene ne rediffuse pas le film en prime time.<\/p>\n","protected":false},"excerpt":{"rendered":"2019 Warner Bros. Entertainment Inc. All Rights Reserved. TM &amp; \u00a9 DC Comics \/ Niko Tavernise \u00ab\u00a0Joker\u00a0\u00bb avec&hellip;\n","protected":false},"author":2,"featured_media":234854,"comment_status":"","ping_status":"","sticky":false,"template":"","format":"standard","meta":{"footnotes":""},"categories":[8],"tags":[4690,251,58,59,1011,27,37355,500,37354,199],"class_list":{"0":"post-234853","1":"post","2":"type-post","3":"status-publish","4":"format-standard","5":"has-post-thumbnail","7":"category-divertissement","8":"tag-arcom","9":"tag-culture","10":"tag-divertissement","11":"tag-entertainment","12":"tag-fr","13":"tag-france","14":"tag-joker","15":"tag-medias","16":"tag-oscars-du-cinema","17":"tag-tf1"},"share_on_mastodon":{"url":"https:\/\/pubeurope.com\/@fr\/114817071610252357","error":""},"_links":{"self":[{"href":"https:\/\/www.europesays.com\/fr\/wp-json\/wp\/v2\/posts\/234853","targetHints":{"allow":["GET"]}}],"collection":[{"href":"https:\/\/www.europesays.com\/fr\/wp-json\/wp\/v2\/posts"}],"about":[{"href":"https:\/\/www.europesays.com\/fr\/wp-json\/wp\/v2\/types\/post"}],"author":[{"embeddable":true,"href":"https:\/\/www.europesays.com\/fr\/wp-json\/wp\/v2\/users\/2"}],"replies":[{"embeddable":true,"href":"https:\/\/www.europesays.com\/fr\/wp-json\/wp\/v2\/comments?post=234853"}],"version-history":[{"count":0,"href":"https:\/\/www.europesays.com\/fr\/wp-json\/wp\/v2\/posts\/234853\/revisions"}],"wp:featuredmedia":[{"embeddable":true,"href":"https:\/\/www.europesays.com\/fr\/wp-json\/wp\/v2\/media\/234854"}],"wp:attachment":[{"href":"https:\/\/www.europesays.com\/fr\/wp-json\/wp\/v2\/media?parent=234853"}],"wp:term":[{"taxonomy":"category","embeddable":true,"href":"https:\/\/www.europesays.com\/fr\/wp-json\/wp\/v2\/categories?post=234853"},{"taxonomy":"post_tag","embeddable":true,"href":"https:\/\/www.europesays.com\/fr\/wp-json\/wp\/v2\/tags?post=234853"}],"curies":[{"name":"wp","href":"https:\/\/api.w.org\/{rel}","templated":true}]}}