{"id":234861,"date":"2025-07-08T10:13:08","date_gmt":"2025-07-08T10:13:08","guid":{"rendered":"https:\/\/www.europesays.com\/fr\/234861\/"},"modified":"2025-07-08T10:13:08","modified_gmt":"2025-07-08T10:13:08","slug":"une-femme-de-30-ans-tuee","status":"publish","type":"post","link":"https:\/\/www.europesays.com\/fr\/234861\/","title":{"rendered":"une femme de 30 ans tu\u00e9e"},"content":{"rendered":"<p>            Par<br \/>\n        <strong><br \/>\n            <a href=\"https:\/\/actu.fr\/auteur\/ninon-oget\" title=\"Consulter tous les articles de Ninon Oget\" rel=\"nofollow noopener\" target=\"_blank\">Ninon Oget<\/a><br \/>\n        <\/strong><\/p>\n<p>        Publi\u00e9 le<\/p>\n<p>            8 juil. 2025 \u00e0 9h59        <\/p>\n<p>Dans la nuit du lundi\u00a07 au mardi 8\u00a0juillet 2025, <strong>plusieurs coups de feu ont \u00e9t\u00e9 tir\u00e9s<\/strong> dans la rue des Pins situ\u00e9e dans le quartier <strong>Valli\u00e8res<\/strong> \u00e0 <strong>Metz<\/strong> (Moselle). Une <strong>femme de 30\u00a0ans<\/strong>, vis\u00e9e par les tirs, est <strong>d\u00e9c\u00e9d\u00e9e<\/strong>, selon une information du <a href=\"https:\/\/c.republicain-lorrain.fr\/faits-divers-justice\/2025\/07\/08\/une-femme-de-30-ans-tuee-dans-une-fusillade-cette-nuit-a-metz\" rel=\"nofollow noopener\" target=\"_blank\">R\u00e9publicain Lorrain<\/a> confirm\u00e9e par Lorraine Actu.<\/p>\n<p>    <a href=\"https:\/\/www.google.com\/maps\/embed?pb=!1m18!1m12!1m3!1d1061.6062505198515!2d6.2133293053940175!3d49.132877101160055!2m3!1f0!2f0!3f0!3m2!1i1024!2i768!4f13.1!3m3!1m2!1s0x4794de8a3d38bab7%3A0xdad6208a32b62cd3!2sRue%20des%20Pins%2C%2057070%20Metz!5e1!3m2!1sfr!2sfr!4v1751960942504!5m2!1sfr!2sfr\" title=\"Ouvrie le lien\" rel=\"nofollow noopener\" target=\"_blank\">Cliquez ici pour visualiser le contenu<\/a><\/p>\n<p>Trois personnes devant leur immeuble vis\u00e9es par des tirs<\/p>\n<p class=\" wall-content\">Les faits ont eu lieu \u00e0 2h30. Selon une source polici\u00e8re,<strong> trois individus<\/strong> (une femme, son compagnon et un ami) \u00e9taient pr\u00e9sents dans un square <strong>devant leur immeuble<\/strong>. \u00c0 ce moment-l\u00e0, plusieurs coups de feu ont \u00e9t\u00e9 tir\u00e9s dans leur direction.<\/p>\n<p class=\" wall-content\">La femme a \u00e9t\u00e9 touch\u00e9e dans le dos et son compagnon, du m\u00eame \u00e2ge, \u00e0 la cuisse. Il a pris son v\u00e9hicule pour <strong>conduire sa conjointe \u00e0 l\u2019h\u00f4pital<\/strong> de Mercy o\u00f9 elle est d\u00e9c\u00e9d\u00e9e. En revanche, leur ami n\u2019a pas \u00e9t\u00e9 bless\u00e9.<\/p>\n<p class=\" wall-content\">Une <strong>enqu\u00eate<\/strong> a \u00e9t\u00e9 ouverte et confi\u00e9e \u00e0 la police judiciaire.<\/p>\n<p>Vid\u00e9os : en ce moment sur Actu<\/p>\n<p class=\" wall-content\">Suivez toute l\u2019actualit\u00e9 de vos villes et m\u00e9dias favoris en vous inscrivant \u00e0 <a href=\"https:\/\/moncompte.actu.fr\" title=\"D\u00e9couvez Mon Actu\" rel=\"nofollow noopener\" data-trk=\"{&quot;cta&quot;:{&quot;action&quot;:&quot;https:\\\/\\\/moncompte.actu.fr&quot;,&quot;category&quot;:&quot;mon compte&quot;,&quot;from&quot;:&quot;article footer&quot;,&quot;name&quot;:&quot;Mon actu&quot;,&quot;type&quot;:&quot;cta&quot;}}\" target=\"_blank\">Mon Actu<\/a>.<\/p>\n","protected":false},"excerpt":{"rendered":"Par Ninon Oget Publi\u00e9 le 8 juil. 2025 \u00e0 9h59 Dans la nuit du lundi\u00a07 au mardi 8\u00a0juillet&hellip;\n","protected":false},"author":2,"featured_media":181576,"comment_status":"","ping_status":"","sticky":false,"template":"","format":"standard","meta":{"footnotes":""},"categories":[4],"tags":[11,118,1011,27,303,12,1072,25],"class_list":{"0":"post-234861","1":"post","2":"type-post","3":"status-publish","4":"format-standard","5":"has-post-thumbnail","7":"category-france","8":"tag-actualites","9":"tag-faits-divers","10":"tag-fr","11":"tag-france","12":"tag-justice","13":"tag-news","14":"tag-police","15":"tag-republique-francaise"},"share_on_mastodon":{"url":"https:\/\/pubeurope.com\/@fr\/114817086499338604","error":""},"_links":{"self":[{"href":"https:\/\/www.europesays.com\/fr\/wp-json\/wp\/v2\/posts\/234861","targetHints":{"allow":["GET"]}}],"collection":[{"href":"https:\/\/www.europesays.com\/fr\/wp-json\/wp\/v2\/posts"}],"about":[{"href":"https:\/\/www.europesays.com\/fr\/wp-json\/wp\/v2\/types\/post"}],"author":[{"embeddable":true,"href":"https:\/\/www.europesays.com\/fr\/wp-json\/wp\/v2\/users\/2"}],"replies":[{"embeddable":true,"href":"https:\/\/www.europesays.com\/fr\/wp-json\/wp\/v2\/comments?post=234861"}],"version-history":[{"count":0,"href":"https:\/\/www.europesays.com\/fr\/wp-json\/wp\/v2\/posts\/234861\/revisions"}],"wp:featuredmedia":[{"embeddable":true,"href":"https:\/\/www.europesays.com\/fr\/wp-json\/wp\/v2\/media\/181576"}],"wp:attachment":[{"href":"https:\/\/www.europesays.com\/fr\/wp-json\/wp\/v2\/media?parent=234861"}],"wp:term":[{"taxonomy":"category","embeddable":true,"href":"https:\/\/www.europesays.com\/fr\/wp-json\/wp\/v2\/categories?post=234861"},{"taxonomy":"post_tag","embeddable":true,"href":"https:\/\/www.europesays.com\/fr\/wp-json\/wp\/v2\/tags?post=234861"}],"curies":[{"name":"wp","href":"https:\/\/api.w.org\/{rel}","templated":true}]}}