{"id":234862,"date":"2025-07-08T10:14:10","date_gmt":"2025-07-08T10:14:10","guid":{"rendered":"https:\/\/www.europesays.com\/fr\/234862\/"},"modified":"2025-07-08T10:14:10","modified_gmt":"2025-07-08T10:14:10","slug":"ou-vivent-vraiment-les-riches-a-paris-les-50-micro-quartiers-prises-des-hauts-revenus-dans-la-capitale","status":"publish","type":"post","link":"https:\/\/www.europesays.com\/fr\/234862\/","title":{"rendered":"O\u00f9 vivent vraiment les riches \u00e0 Paris\u00a0? Les 50 \u00abmicro-quartiers\u00bb pris\u00e9s des hauts revenus dans la capitale"},"content":{"rendered":"<p><strong>CLASSEMENT EXCLUSIF <\/strong>&#8211; Nous avons analys\u00e9 les donn\u00e9es de revenus des habitants de la capitale, \u00e0 l\u2019\u00e9chelle la plus fine jamais observ\u00e9e. Voici les 50 \u00abmicro-quartiers\u00bb de Paris o\u00f9 vivent les plus personnes les plus ais\u00e9es.<\/p>\n<p class=\"fig-paragraph\">On croit savoir o\u00f9 vivent les personnes les plus ais\u00e9es \u00e0 Paris. La r\u00e9ponse semble couler de source\u00a0: dans le 16e, le 8e, le 7e&#8230; Mais cette observation reste floue et impr\u00e9cise. Il y a des rues tr\u00e8s hupp\u00e9es, et d\u2019autres qui ne sont pas forc\u00e9ment cot\u00e9es, dans ces arrondissements chics. En r\u00e9alit\u00e9 les personnes les plus ais\u00e9es s\u2019installent souvent dans quelques \u00eelots secrets et r\u00e9serv\u00e9s aux plus riches, des micro-quartiers exceptionnels, des havres de paix \u00e0 l\u2019abri des regards. Ce sont des all\u00e9es priv\u00e9es, des places, des rues, dont on chuchote les noms parmi le gratin de l\u2019\u00e9lite.<\/p>\n<p class=\"fig-paragraph\">Notre analyse est men\u00e9e au niveau le plus fin possible, gr\u00e2ce aux donn\u00e9es de l\u2019INSEE sur les revenus, nous sommes en mesure de pr\u00e9senter un classement des \u00abp\u00e2t\u00e9s de maisons\u00bb les plus selects. D\u00e9couvrez quels sont ces micro-quartiers les plus hupp\u00e9s de la capitale.<\/p>\n<p class=\"fig-premium-paywall__infos\">\n        Cet article est r\u00e9serv\u00e9 aux abonn\u00e9s.        Il vous reste 82% \u00e0 d\u00e9couvrir.\n    <\/p>\n<p>                <img  data- alt=\"Le Figaro\" class=\"fig-img--complete fig-img\"\/><\/p>\n<p class=\"fig-premium-paywall__title\">Vous avez envie de lire la suite ?<\/p>\n<p class=\"fig-premium-paywall__subtitle\">D\u00e9bloquez tous les articles imm\u00e9diatement.<\/p>\n<p class=\"fig-premium-paywall__connect\">\n                D\u00e9j\u00e0 abonn\u00e9\u00a0?                <a class=\"fig-premium-paywall__connect-link\" href=\"https:\/\/connect.lefigaro.fr\/login?client=horizon_web&amp;type=main&amp;redirect_uri=https%3A%2F%2Fwww.lefigaro.fr%2Fconjoncture%2Fou-vivent-vraiment-les-riches-a-paris-les-50-micro-quartiers-prises-des-hauts-revenus-dans-la-capitale-20250708\" data-js-gtm=\"{&quot;customCategorie&quot;: &quot;conversion&quot;, &quot;customAction&quot;: &quot;before_Landing_Connexion_paywall_manuel&quot;, &quot;customLabel&quot;: &quot;bGVmaWdhcm8uZnJfXzFmMDU2NTdlLTkzNjQtNjU2NC05YjE0LTI1MDhkMjMzMmVlZV9fQXJ0aWNsZQ==_O\u00f9 vivent vraiment les riches \u00e0 Paris\u00a0? Les 50 \u00abmicro-quartiers\u00bb pris\u00e9s des hauts revenus dans la capitale_273&quot;, &quot;customIDSPE&quot;: &quot;bGVmaWdhcm8uZnJfXzFmMDU2NTdlLTkzNjQtNjU2NC05YjE0LTI1MDhkMjMzMmVlZV9fQXJ0aWNsZQ==&quot;, &quot;event&quot;: &quot;customEventSPE&quot;}\" rel=\"nofollow noopener\" target=\"_blank\"><br \/>\n                    Connectez-vous<br \/>\n                <\/a>\n            <\/p>\n","protected":false},"excerpt":{"rendered":"CLASSEMENT EXCLUSIF &#8211; Nous avons analys\u00e9 les donn\u00e9es de revenus des habitants de la capitale, \u00e0 l\u2019\u00e9chelle la&hellip;\n","protected":false},"author":2,"featured_media":234863,"comment_status":"","ping_status":"","sticky":false,"template":"","format":"standard","meta":{"footnotes":""},"categories":[2],"tags":[11,1261,1011,27,12,17786],"class_list":{"0":"post-234862","1":"post","2":"type-post","3":"status-publish","4":"format-standard","5":"has-post-thumbnail","7":"category-actualites","8":"tag-actualites","9":"tag-argent","10":"tag-fr","11":"tag-france","12":"tag-news","13":"tag-richesse"},"share_on_mastodon":{"url":"https:\/\/pubeurope.com\/@fr\/114817090597667140","error":""},"_links":{"self":[{"href":"https:\/\/www.europesays.com\/fr\/wp-json\/wp\/v2\/posts\/234862","targetHints":{"allow":["GET"]}}],"collection":[{"href":"https:\/\/www.europesays.com\/fr\/wp-json\/wp\/v2\/posts"}],"about":[{"href":"https:\/\/www.europesays.com\/fr\/wp-json\/wp\/v2\/types\/post"}],"author":[{"embeddable":true,"href":"https:\/\/www.europesays.com\/fr\/wp-json\/wp\/v2\/users\/2"}],"replies":[{"embeddable":true,"href":"https:\/\/www.europesays.com\/fr\/wp-json\/wp\/v2\/comments?post=234862"}],"version-history":[{"count":0,"href":"https:\/\/www.europesays.com\/fr\/wp-json\/wp\/v2\/posts\/234862\/revisions"}],"wp:featuredmedia":[{"embeddable":true,"href":"https:\/\/www.europesays.com\/fr\/wp-json\/wp\/v2\/media\/234863"}],"wp:attachment":[{"href":"https:\/\/www.europesays.com\/fr\/wp-json\/wp\/v2\/media?parent=234862"}],"wp:term":[{"taxonomy":"category","embeddable":true,"href":"https:\/\/www.europesays.com\/fr\/wp-json\/wp\/v2\/categories?post=234862"},{"taxonomy":"post_tag","embeddable":true,"href":"https:\/\/www.europesays.com\/fr\/wp-json\/wp\/v2\/tags?post=234862"}],"curies":[{"name":"wp","href":"https:\/\/api.w.org\/{rel}","templated":true}]}}