{"id":234865,"date":"2025-07-08T10:16:17","date_gmt":"2025-07-08T10:16:17","guid":{"rendered":"https:\/\/www.europesays.com\/fr\/234865\/"},"modified":"2025-07-08T10:16:17","modified_gmt":"2025-07-08T10:16:17","slug":"une-nouvelle-decision-prise-par-la-mairie","status":"publish","type":"post","link":"https:\/\/www.europesays.com\/fr\/234865\/","title":{"rendered":"une nouvelle d\u00e9cision prise par la mairie"},"content":{"rendered":"<p>            Par<br \/>\n        <strong><br \/>\n            <a href=\"https:\/\/actu.fr\/auteur\/mathias-souteyrat\" title=\"Consulter tous les articles de Mathias Souteyrat\" target=\"_blank\" rel=\"noopener\">Mathias Souteyrat<\/a><br \/>\n        <\/strong><\/p>\n<p>        Publi\u00e9 le<\/p>\n<p>            8 juil. 2025 \u00e0 11h55        <\/p>\n<p>Fermetures des <a href=\"https:\/\/actu.fr\/auvergne-rhone-alpes\/saint-etienne_42218\/saint-etienne-la-fermeture-des-halles-mazerat-avancee-voici-la-nouvelle-date_62342863.html\" target=\"_blank\" rel=\"noopener\">Halles<\/a>, ins\u00e9curit\u00e9, stationnements payants\u2026 Laurent Pelletier, patron du Lo\u2019BeauBar et du Parci Parla, a souhait\u00e9 r\u00e9veiller le commerce de centre-ville \u00e0 <a href=\"https:\/\/actu.fr\/auvergne-rhone-alpes\/saint-etienne_42218\" target=\"_blank\" rel=\"noopener\">Saint-Etienne<\/a>. Son <a href=\"https:\/\/actu.fr\/auvergne-rhone-alpes\/saint-etienne_42218\/saint-etienne-halles-fermees-insecurite-pv-le-gros-coup-de-gueule-de-ce-commercant_62301087.html\" target=\"_blank\" rel=\"noopener\">coup de gueule<\/a> en f\u00e9vrier\u00a02025 a port\u00e9 ses fruits.<\/p>\n<p class=\" wall-content\">Depuis le 28\u00a0mars 2025 et jusqu\u2019au 22\u00a0juillet 2025, <a href=\"https:\/\/actu.fr\/auvergne-rhone-alpes\/saint-etienne_42218\/saint-etienne-les-commercants-font-plier-la-mairie-de-grandes-mesures-sont-prises_62421808.html\" target=\"_blank\" rel=\"noopener\">plusieurs mesures ont \u00e9t\u00e9 annonc\u00e9es par la mairie<\/a>, dont la gratuit\u00e9 du stationnement \u00e0 partir du vendredi midi, retour de l\u2019\u00e9clairage public en ville, un programme d\u2019animations financ\u00e9 par la ville, etc.<\/p>\n<p>Stationnement gratuit, retour de l\u2019\u00e9clairage public\u2026<\/p>\n<p class=\" wall-content\">\u00ab\u2009\u00c0 l\u2019\u00e9coute des habitants et des commer\u00e7ants, l\u2019\u00e9quipe municipale vient de prendre cinq d\u00e9cisions pour am\u00e9liorer l\u2019attractivit\u00e9 du centre-ville dans un contexte national anxiog\u00e8ne, alors que des dizaines d\u2019enseignes c\u00e9l\u00e8bres et appr\u00e9ci\u00e9es disparaissent et que les modes de consommation \u00e9voluent\u2009\u00bb, expliquait \u00e0 l\u2019\u00e9poque le maire Ga\u00ebl Perdriau.<\/p>\n<p>Le d\u00e9tail des mesures prises<\/p>\n<p>Dans le d\u00e9tail, les mesures prises sont la gratuit\u00e9 du stationnement en surface (zones jaune et verte), soit 8 000 places au total, chaque fin de semaine, du vendredi 12h jusqu\u2019au lundi 8h30, le retour de l\u2019\u00e9clairage public sur toute la ville, ou encore la r\u00e9alisation par les commer\u00e7ants d\u2019un programme d\u2019animations financ\u00e9 par la ville de Saint-Etienne pour un montant de 100 000 euros. <br \/>\u00c0 cela s\u2019ajoutaient le maintien des 2 heures gratuites dans les parkings souterrains et le forfait soir\u00e9e \u00e0 3 euros, toujours dans les parkings souterrains.<br \/>Le maire avait \u00e9galement indiqu\u00e9 de nouvelles mesures concernant la propret\u00e9 et la tranquillit\u00e9 publique, avec le renforcement de l\u2019\u00e9quipe de cantonniers municipaux, de 12 agents suppl\u00e9mentaires, l\u2019achat de neuf nouveaux \u00e9quipements de nettoyage haute-pression (type balayeuse), efficaces sur les trottoirs, et une pr\u00e9sence renforc\u00e9e des policiers municipaux aupr\u00e8s des commer\u00e7ants avec davantage de patrouilles p\u00e9destres.<\/p>\n<p>Voir tout<\/p>\n<p class=\" wall-content\">Un nouveau point d\u2019\u00e9tape vient d\u2019\u00eatre fait entre le collectif de commer\u00e7ants et la municipalit\u00e9.<\/p>\n<p>Un premier bilan<\/p>\n<p class=\" wall-content\">Ga\u00ebl Perdriau, Pascale Lacour, adjointe au commerce, Marie-Jo Perez, adjointe \u00e0 la tranquillit\u00e9 publique, et Catherine Groussson, conseill\u00e8re municipale d\u00e9l\u00e9gu\u00e9e, ont rencontr\u00e9, lundi apr\u00e8s-midi, le collectif des commer\u00e7ants st\u00e9phanois, pour faire un bilan des mesures prises.<\/p>\n<blockquote class=\"ac-article-quote wall-content\">\n<p>Dans un contexte difficile tant pour le commerce que budg\u00e9tairement o\u00f9 toutes les villes recherchent des solutions pour soutenir et d\u00e9velopper l\u2019attractivit\u00e9 commerciale, la ville de Saint-Etienne est aux c\u00f4t\u00e9s de ses commer\u00e7ants et les accompagne tout au long de l\u2019ann\u00e9e. C\u2019est une r\u00e9elle satisfaction d\u2019avoir su \u00e0 Saint-Etienne gr\u00e2ce \u00e0 un travail partenarial avec le collectif des commer\u00e7ants st\u00e9phanois, mettre en place des mesures concr\u00e8tes et efficaces pour offrir un environnement encore plus propice \u00e0 l\u2019activit\u00e9 de nos commer\u00e7ants locaux et \u00e0 terme au b\u00e9n\u00e9fice de tous nos concitoyens.<\/p>\n<p>    <strong>Ga\u00ebl Perdriau<\/strong><br \/>\n        Maire de la ville    <\/p><\/blockquote>\n<p class=\" wall-content\">Ga\u00ebl Perdriau, Pascale Lacour, adjointe au commerce, Marie-Jo Perez, adjointe \u00e0 la tranquillit\u00e9 publique, et Catherine Groussson, conseill\u00e8re municipale d\u00e9l\u00e9gu\u00e9e, ont rencontr\u00e9, lundi apr\u00e8s-midi, le collectif des commer\u00e7ants st\u00e9phanois, pour faire un bilan des mesures prises.<\/p>\n<p>    <img   decoding=\"async\" loading=\"lazy\" src=\"https:\/\/www.europesays.com\/fr\/wp-content\/uploads\/2025\/07\/20250313-121908-960x640.jpg\" alt=\"commerce-saint-etienne\" width=\"960\" height=\"640\"\/><br \/>\n    Ce 8\u00a0juillet, la municipalit\u00e9 nous apprend que les mesures pour le commerce sont reconduites pour un an. (\u00a9archives \/ Mathias Souteyrat \/ actu.fr)<\/p>\n<p class=\" wall-content\">Ce 8\u00a0juillet, la municipalit\u00e9 nous apprend que les mesures pour le commerce sont reconduites pour un an, <strong>\u00e0 partir du 1er\u00a0septembre 2025<\/strong>.<\/p>\n<p class=\" wall-content\">Suivez toute l\u2019actualit\u00e9 de vos villes et m\u00e9dias favoris en vous inscrivant \u00e0 <a href=\"https:\/\/moncompte.actu.fr\" title=\"D\u00e9couvez Mon Actu\" rel=\"nofollow noopener\" data-trk=\"{&quot;cta&quot;:{&quot;action&quot;:&quot;https:\\\/\\\/moncompte.actu.fr&quot;,&quot;category&quot;:&quot;mon compte&quot;,&quot;from&quot;:&quot;article footer&quot;,&quot;name&quot;:&quot;Mon actu&quot;,&quot;type&quot;:&quot;cta&quot;}}\" target=\"_blank\">Mon Actu<\/a>.<\/p>\n","protected":false},"excerpt":{"rendered":"Par Mathias Souteyrat Publi\u00e9 le 8 juil. 2025 \u00e0 11h55 Fermetures des Halles, ins\u00e9curit\u00e9, stationnements payants\u2026 Laurent Pelletier,&hellip;\n","protected":false},"author":2,"featured_media":234866,"comment_status":"","ping_status":"","sticky":false,"template":"","format":"standard","meta":{"footnotes":""},"categories":[9653],"tags":[1111,11,2430,215,33,1777,674,1011,27,12,25,4001,6173],"class_list":{"0":"post-234865","1":"post","2":"type-post","3":"status-publish","4":"format-standard","5":"has-post-thumbnail","7":"category-saint-etienne","8":"tag-actu","9":"tag-actualites","10":"tag-auvergne-rhone-alpes","11":"tag-commerce","12":"tag-economie","13":"tag-eu","14":"tag-europe","15":"tag-fr","16":"tag-france","17":"tag-news","18":"tag-republique-francaise","19":"tag-saint-etienne","20":"tag-stationnement"},"share_on_mastodon":{"url":"https:\/\/pubeurope.com\/@fr\/114817098320877340","error":""},"_links":{"self":[{"href":"https:\/\/www.europesays.com\/fr\/wp-json\/wp\/v2\/posts\/234865","targetHints":{"allow":["GET"]}}],"collection":[{"href":"https:\/\/www.europesays.com\/fr\/wp-json\/wp\/v2\/posts"}],"about":[{"href":"https:\/\/www.europesays.com\/fr\/wp-json\/wp\/v2\/types\/post"}],"author":[{"embeddable":true,"href":"https:\/\/www.europesays.com\/fr\/wp-json\/wp\/v2\/users\/2"}],"replies":[{"embeddable":true,"href":"https:\/\/www.europesays.com\/fr\/wp-json\/wp\/v2\/comments?post=234865"}],"version-history":[{"count":0,"href":"https:\/\/www.europesays.com\/fr\/wp-json\/wp\/v2\/posts\/234865\/revisions"}],"wp:featuredmedia":[{"embeddable":true,"href":"https:\/\/www.europesays.com\/fr\/wp-json\/wp\/v2\/media\/234866"}],"wp:attachment":[{"href":"https:\/\/www.europesays.com\/fr\/wp-json\/wp\/v2\/media?parent=234865"}],"wp:term":[{"taxonomy":"category","embeddable":true,"href":"https:\/\/www.europesays.com\/fr\/wp-json\/wp\/v2\/categories?post=234865"},{"taxonomy":"post_tag","embeddable":true,"href":"https:\/\/www.europesays.com\/fr\/wp-json\/wp\/v2\/tags?post=234865"}],"curies":[{"name":"wp","href":"https:\/\/api.w.org\/{rel}","templated":true}]}}