{"id":234869,"date":"2025-07-08T10:18:16","date_gmt":"2025-07-08T10:18:16","guid":{"rendered":"https:\/\/www.europesays.com\/fr\/234869\/"},"modified":"2025-07-08T10:18:16","modified_gmt":"2025-07-08T10:18:16","slug":"nancy-et-toul-les-nominations-diocesaines","status":"publish","type":"post","link":"https:\/\/www.europesays.com\/fr\/234869\/","title":{"rendered":"Nancy et Toul : les nominations dioc\u00e9saines"},"content":{"rendered":"<p>\t\t\t<img width=\"960\" height=\"1280\" class=\"attachment-goodlife-post-style1 size-goodlife-post-style1 thb-lazyload lazyload wp-post-image\" alt=\"\" decoding=\"async\" fetchpriority=\"high\"  src=\"https:\/\/www.europesays.com\/fr\/wp-content\/uploads\/2025\/07\/img-20210630-224435-049.jpg\" data- \/>\t\t\t\t\t  <\/p>\n<p>Voici les <a href=\"https:\/\/www.catholique-nancy.fr\/accueil\/94020-nominations-du-diocese-de-nancy-et-toul-pour-la-rentree-2025\/\" target=\"_blank\" rel=\"noopener\">nominations<\/a> dioc\u00e9saines de Nancy, effectives en septembre :<\/p>\n<p><strong>Message de Monseigneur Pierre-Yves Michel,<\/strong><br \/>\n<strong>\u00e9v\u00eaque de Nancy et Toul<\/strong><\/p>\n<p>Chers amis,<\/p>\n<p>Voici les nominations qui prendront effet au 1er\u00a0septembre 2025. Je remercie chacun et chacune pour leur disponibilit\u00e9 et j\u2019appelle l\u2019Esprit Saint pour cette p\u00e9riode de passage de relais. D\u2019autres nominations sont en pr\u00e9paration, en particulier pour plusieurs la\u00efcs. Elles seront toutes publi\u00e9es de mani\u00e8re officielle dans l\u2019\u00e9dition du\u00a0De vive voix\u00a0qui para\u00eetra d\u00e9but juillet.<\/p>\n<p>\nSecteurs pastoraux\n<\/p>\n<p><strong> <img loading=\"lazy\" decoding=\"async\" class=\"size-medium wp-image-168506 alignleft lazyload\" src=\"https:\/\/www.europesays.com\/fr\/wp-content\/uploads\/2025\/07\/st-maur-luneville-wiki-300x300.jpg\" alt=\"\" width=\"300\" height=\"300\" data-  \/><\/strong><strong>LUN\u00c9VILLOIS<\/strong><\/p>\n<ul>\n<li>L\u2019abb\u00e9\u00a0<strong>Alexandre THOMASSIN<\/strong>\u00a0recevra la mission de pr\u00eatre coop\u00e9rateur au service du secteur pastoral du Lun\u00e9villois, ainsi que le service d\u2019aum\u00f4nier de la communaut\u00e9 des gens du voyage.<\/li>\n<\/ul>\n<p><strong>NANCY-EST<\/strong><\/p>\n<ul>\n<li>L\u2019abb\u00e9\u00a0<strong>Georges ARNOULD<\/strong>\u00a0prendra sa retraite en restant disponible pour des services dans le secteur pastoral de Nancy-Est. C\u2019est l\u2019abb\u00e9\u00a0<strong>Pierre DEMENOIS<\/strong>\u00a0qui deviendra cur\u00e9 mod\u00e9rateur du secteur pastoral de Nancy-Est.<\/li>\n<\/ul>\n<p><strong>NANCY-OUEST<\/strong><\/p>\n<ul>\n<li>L\u2019abb\u00e9\u00a0<strong>Beno\u00eet G\u00c9RARDIN<\/strong>, du dioc\u00e8se de Paris, assurera la charge de cur\u00e9 mod\u00e9rateur du secteur pastoral de Nancy-Ouest. Il s\u2019installera au presbyt\u00e8re de Saint-Fiacre de Villers-l\u00e8s-Nancy<strong>.<\/strong><\/li>\n<li>L\u2019abb\u00e9\u00a0<strong>\u00c9tienne d\u2019HAUSEN<\/strong>\u00a0deviendra cur\u00e9\u00a0in solidum\u00a0dans le secteur pastoral de Nancy-Ouest. Par ailleurs, il fera partie de l\u2019\u00e9quipe du s\u00e9minaire Saint-Paul-VI (formation des futurs pr\u00eatres en alternance). Il s\u2019installera au presbyt\u00e8re de Saint-Fiacre de Villers-l\u00e8s-Nancy<strong>.<\/strong><\/li>\n<li><strong>Stanislas et Marie-Aude de JAVEL<\/strong>\u00a0recevront la mission de foyer d\u2019accueil au c\u0153ur du secteur pastoral de Nancy-Ouest. Ils habiteront avec leurs enfants au presbyt\u00e8re de Sainte-Th\u00e9r\u00e8se de Villers-l\u00e8s-Nancy.<\/li>\n<\/ul>\n<p><strong>NANCY SUD<\/strong><\/p>\n<ul>\n<li>L\u2019abb\u00e9\u00a0<strong>Raj\u00a0Kumar SAMPATH KUMAR<\/strong>, du dioc\u00e8se de Vellore (Inde), rejoindra Paris pour une mission d\u2019\u00e9tudes \u00e0 temps plein, \u00e0 la demande de son nouvel \u00e9v\u00eaque.<\/li>\n<\/ul>\n<p><strong><img loading=\"lazy\" decoding=\"async\" class=\"size-medium wp-image-193054 alignleft lazyload\" src=\"https:\/\/www.europesays.com\/fr\/wp-content\/uploads\/2025\/07\/nancy-cathedrale-300x300.jpg\" alt=\"\" width=\"300\" height=\"300\" data-  \/>NANCY \u2013 VILLE<\/strong><\/p>\n<ul>\n<li>L\u2019abb\u00e9\u00a0<strong>Arun Kumar CHRISTU RAJ<\/strong>, du dioc\u00e8se de Vellore (Inde), poursuivra sa mission dans la paroisse Saint-Jean-Bosco, tout en d\u00e9gageant du temps pour une mission d\u2019\u00e9tudes \u00e0 mi-temps \u00e0 l\u2019Institut catholique de Paris.<\/li>\n<\/ul>\n<p><strong>PAYS MUSSIPONTAIN<\/strong><\/p>\n<ul>\n<li>L\u2019abb\u00e9\u00a0<strong>Onesphore MBONIHANKUY<\/strong>E, du dioc\u00e8se de Gitega (Burundi) quittera le Pays-Haut pour devenir cur\u00e9\u00a0in solidum\u00a0au service du secteur pastoral du Pays Mussipontain, ainsi que pr\u00eatre envoy\u00e9 \u00e0 l\u2019ensemble scolaire Notre-Dame \u00e0 Pont-\u00e0-Mousson.<\/li>\n<\/ul>\n<p><strong>PAYS-HAUT\u00a0<\/strong><\/p>\n<ul>\n<li>Nous nous r\u00e9jouissons de l\u2019arriv\u00e9e d\u2019une communaut\u00e9 de\u00a0<strong>quatre s\u0153urs Bene Tereziya<\/strong>, qui r\u00e9sidera dans une maison \u00e0 Lexy et sera au service de la mission dans les paroisses du secteur pastoral du Pays-Haut. Cette congr\u00e9gation fond\u00e9e au Burundi est d\u00e9j\u00e0 pr\u00e9sente dans le dioc\u00e8se, au Centre spirituel dioc\u00e9sain et \u00e0 Pont-\u00e0-Mousson. La pr\u00e9sence des communaut\u00e9s religieuses est toujours un cadeau.<\/li>\n<\/ul>\n<p><strong>TOULOIS<\/strong><\/p>\n<ul>\n<li>Fr\u00e8re\u00a0<strong>Anoh Donnadieu Ranchin<\/strong>\u00a0<strong>N\u2019DOUBA<\/strong>\u00a0sera pr\u00eatre coop\u00e9rateur et rejoindra fr\u00e8re<strong>\u00a0F\u00e9lix<\/strong>\u00a0<strong>KABRAN\u00a0<\/strong>(communaut\u00e9 M\u00e8re du Divin Amour) au service des deux paroisses Saint-L\u00e9on du Toulois et Saint-Gauzelin du Toulois Sud. Ils r\u00e9sideront au presbyt\u00e8re Saint-Evre \u00e0 Toul.<\/li>\n<li>Le P\u00e8re<strong>\u00a0Roger TSHIMANGA<\/strong>\u00a0(lazariste) demeure\u00a0cur\u00e9 in solidum\u00a0au service du secteur pastoral du Toulois, plus particuli\u00e8rement charg\u00e9 de la paroisse Saint-G\u00e9rard du Toulois Nord. Il sera \u00e9galement responsable de la pastorale de la sant\u00e9 des \u00e9tablissements \u00e0 Toul.<\/li>\n<\/ul>\n<p><img loading=\"lazy\" decoding=\"async\" class=\"size-medium wp-image-160405 lazyload\" src=\"https:\/\/www.europesays.com\/fr\/wp-content\/uploads\/2025\/07\/img-20210630-230248-005-300x300.jpg\" alt=\"\" width=\"300\" height=\"300\" data-  \/>Cath\u00e9drale de Toul<br \/>\nMissions dioc\u00e9saines<\/p>\n<ul>\n<li>Le diacre\u00a0<strong>Philippe DEMANGE et son \u00e9pouse Gis\u00e8le<\/strong>\u00a0assureront le service de l\u2019aum\u00f4nerie de la d\u00e9l\u00e9gation du Secours catholique\u00a0des Hauts-de-Lorraine.<\/li>\n<li>Le diacre\u00a0<strong>Christian HAAN et son \u00e9pouse Odile<\/strong>\u00a0deviendront adjoints au d\u00e9l\u00e9gu\u00e9 \u00e9piscopal au diaconat, prenant le relais de Christian CH\u00c9RY que nous remercions.<\/li>\n<li>Le diacre\u00a0<strong>Thierry LEGRAND<\/strong>\u00a0recevra la mission de d\u00e9l\u00e9gu\u00e9 \u00e9piscopal \u00e0 la protection et \u00e0 la lutte contre les abus.<\/li>\n<li>L\u2019abb\u00e9\u00a0<strong>Dr\u00e8ge VIRDELLAT BEMBA<\/strong>, pr\u00eatre coop\u00e9rateur \u00e0 Saint-Jean de la Commanderie et pr\u00eatre envoy\u00e9 au lyc\u00e9e Marie-Immacul\u00e9e de Nancy, succ\u00e8dera \u00e0 l\u2019abb\u00e9\u00a0<strong>Raj Kumar SAMPATH KUMAR<\/strong>\u00a0comme accompagnateur de la pastorale des jeunes.<\/li>\n<li>L\u2019abb\u00e9\u00a0<strong>Alexandre-Marie VALDER<\/strong>\u00a0succ\u00e8dera \u00e0 l\u2019abb\u00e9 \u00c9tienne d\u2019HAUSEN comme responsable de l\u2019aum\u00f4nerie des \u00e9tudiants.<\/li>\n<li>Une nouvelle \u00e9quipe pour le service dioc\u00e9sain des vocations va se constituer et sera anim\u00e9e par l\u2019abb\u00e9\u00a0<strong>Florent HUSSON<\/strong>\u00a0et l\u2019abb\u00e9\u00a0<strong>Onesphore MBONIHANKUYE<\/strong>.<\/li>\n<\/ul>\n<p>\n\t\t\t\tAucun article plus r\u00e9cent\t\t\t<\/p>\n<p>\t\t\t8 juillet 2025<\/p>\n","protected":false},"excerpt":{"rendered":"Voici les nominations dioc\u00e9saines de Nancy, effectives en septembre : Message de Monseigneur Pierre-Yves Michel, \u00e9v\u00eaque de Nancy&hellip;\n","protected":false},"author":2,"featured_media":234870,"comment_status":"","ping_status":"","sticky":false,"template":"","format":"standard","meta":{"footnotes":""},"categories":[9635],"tags":[1111,11,37356,1777,674,1011,27,775,1702,12,9350,25],"class_list":{"0":"post-234869","1":"post","2":"type-post","3":"status-publish","4":"format-standard","5":"has-post-thumbnail","7":"category-nancy","8":"tag-actu","9":"tag-actualites","10":"tag-diocese-de-nancy-et-de-toul","11":"tag-eu","12":"tag-europe","13":"tag-fr","14":"tag-france","15":"tag-grand-est","16":"tag-nancy","17":"tag-news","18":"tag-nominations","19":"tag-republique-francaise"},"share_on_mastodon":{"url":"https:\/\/pubeurope.com\/@fr\/114817106302924905","error":""},"_links":{"self":[{"href":"https:\/\/www.europesays.com\/fr\/wp-json\/wp\/v2\/posts\/234869","targetHints":{"allow":["GET"]}}],"collection":[{"href":"https:\/\/www.europesays.com\/fr\/wp-json\/wp\/v2\/posts"}],"about":[{"href":"https:\/\/www.europesays.com\/fr\/wp-json\/wp\/v2\/types\/post"}],"author":[{"embeddable":true,"href":"https:\/\/www.europesays.com\/fr\/wp-json\/wp\/v2\/users\/2"}],"replies":[{"embeddable":true,"href":"https:\/\/www.europesays.com\/fr\/wp-json\/wp\/v2\/comments?post=234869"}],"version-history":[{"count":0,"href":"https:\/\/www.europesays.com\/fr\/wp-json\/wp\/v2\/posts\/234869\/revisions"}],"wp:featuredmedia":[{"embeddable":true,"href":"https:\/\/www.europesays.com\/fr\/wp-json\/wp\/v2\/media\/234870"}],"wp:attachment":[{"href":"https:\/\/www.europesays.com\/fr\/wp-json\/wp\/v2\/media?parent=234869"}],"wp:term":[{"taxonomy":"category","embeddable":true,"href":"https:\/\/www.europesays.com\/fr\/wp-json\/wp\/v2\/categories?post=234869"},{"taxonomy":"post_tag","embeddable":true,"href":"https:\/\/www.europesays.com\/fr\/wp-json\/wp\/v2\/tags?post=234869"}],"curies":[{"name":"wp","href":"https:\/\/api.w.org\/{rel}","templated":true}]}}