{"id":234879,"date":"2025-07-08T10:23:11","date_gmt":"2025-07-08T10:23:11","guid":{"rendered":"https:\/\/www.europesays.com\/fr\/234879\/"},"modified":"2025-07-08T10:23:11","modified_gmt":"2025-07-08T10:23:11","slug":"la-grande-mosquee-de-rouen-sagrandit-pour-passer-dune-capacite-daccueil-de-700-a-1-800-fideles","status":"publish","type":"post","link":"https:\/\/www.europesays.com\/fr\/234879\/","title":{"rendered":"La Grande mosqu\u00e9e de Rouen s&rsquo;agrandit pour passer d&rsquo;une capacit\u00e9 d&rsquo;accueil de 700 \u00e0 1 800 fid\u00e8les"},"content":{"rendered":"<p>            Par<br \/>\n        <strong><br \/>\n            <a href=\"https:\/\/actu.fr\/auteur\/fmass\" title=\"Consulter tous les articles de Fabien Massin\" rel=\"nofollow noopener\" target=\"_blank\">Fabien Massin<\/a><br \/>\n        <\/strong><\/p>\n<p>        Publi\u00e9 le<\/p>\n<p>            8 juil. 2025 \u00e0 12h06        <\/p>\n<p>C\u2019est <strong>la plus ancienne mosqu\u00e9e de l\u2019ex Haute-Normandie<\/strong>, la Grande mosqu\u00e9e de <a href=\"https:\/\/actu.fr\/normandie\/rouen_76540\" rel=\"nofollow noopener\" target=\"_blank\">Rouen (Seine-Maritime)<\/a>. En effet, la<strong> mosqu\u00e9e Al Kaouthar <\/strong>a \u00e9t\u00e9 cr\u00e9\u00e9e en 1982. Elle fait actuellement l\u2019objet d\u2019importants travaux d\u2019agrandissement, qui vont augmenter significativement sa capacit\u00e9 d\u2019accueil.<\/p>\n<p>Des maisons et un terrain rachet\u00e9s<\/p>\n<p class=\" wall-content\">\u00ab\u2009Au d\u00e9part il s\u2019agissait d\u2019une ancienne \u00e9picerie, rachet\u00e9e par quelques musulmans qui, pour cela, avaient organis\u00e9 une collecte, rapporte <strong>Bachar El Sayadi<\/strong>, vice-pr\u00e9sident de la Grande mosqu\u00e9e de Rouen, pr\u00e9sident du conseil des imams de la Seine-Maritime, qui rassemble une vingtaine d\u2019imams dans le d\u00e9partement. Au d\u00e9part les moyens \u00e9taient tr\u00e8s limit\u00e9s, la mosqu\u00e9e n\u2019accueillait qu\u2019une trentaine de fid\u00e8les.\u2009\u00bb<\/p>\n<p class=\" wall-content\">Ce chiffre est pass\u00e9 \u00e0 plus de 200 dans les ann\u00e9es 1990 et a continu\u00e9 \u00e0 cro\u00eetre, motivant des travaux d\u2019am\u00e9nagement et d\u2019agrandissement, d\u00e9j\u00e0 en 2001 puis \u00e0 partir de 2017. Au cours de la nouvelle phase, en cours d\u2019ach\u00e8vement, c\u2019est un b\u00e2timent neuf qui a \u00e9t\u00e9 ajout\u00e9 \u00e0 celui existant. Pour cela <strong>un terrain et deux maisons ont \u00e9t\u00e9 rachet\u00e9s<\/strong>, pour laisser place \u00e0 la construction neuve.<\/p>\n<p>    <img   decoding=\"async\" loading=\"lazy\" src=\"https:\/\/www.europesays.com\/fr\/wp-content\/uploads\/2025\/07\/imam-rouen-grande-mosqueee-petit-quevilly-islam-musulmans-960x640.jpg\" alt=\"Bachar El Sayadi, vice-pr\u00e9sident de la Grande mosqu\u00e9e de Rouen, pr\u00e9sident du conseil des imams de la Seine-Maritime\" width=\"960\" height=\"640\"\/><br \/>\n    Bachar El Sayadi, vice-pr\u00e9sident de la Grande mosqu\u00e9e de Rouen, pr\u00e9sident du conseil des imams de la Seine-Maritime (\u00a9FM\/76actu)<\/p>\n<p class=\" wall-content\">Au passage, quand les nouveaux locaux seront ouverts au public, la capacit\u00e9 d\u2019accueil totale de la mosqu\u00e9e passera de 700 \u00e0 1\u2009800 fid\u00e8les. Co\u00fbt de l\u2019investissement\u2009: <strong>1,5\u00a0million d\u2019euros<\/strong>. \u00ab\u2009Tout est financ\u00e9 par la collecte aupr\u00e8s des fid\u00e8les de la mosqu\u00e9e et par l\u2019organisation d\u2019\u00e9v\u00e9nements caritatifs\u2009\u00bb, indique Bachar El Sayadi.<\/p>\n<p class=\" wall-content\">\u00ab<strong>\u2009C\u2019est quasiment la seule mosqu\u00e9e de Rouen<\/strong>, avec celle des Hauts-de-Rouen, plus petite, explique Bachar El Sayadi. Dans l\u2019agglo il y a \u00e9galement celles de Canteleu, Saint-\u00c9tienne-du-Rouvray, Grand-Couronne, Elbeuf ou Oissel, celles aussi plus petites de Maromme, Grand-Quevilly et Petit-Couronne. Ici ce n\u2019est pas une mosqu\u00e9e de quartier, il y a des fid\u00e8les qui viennent de Petit-Quevilly et Sotteville, mais c\u2019est vraiment la mosqu\u00e9e de la rive droite et de la rive gauche de Rouen, <strong>qui accueille \u00e9galement des gens de passage<\/strong>.\u2009\u00bb<\/p>\n<blockquote class=\"ac-article-quote wall-content\">\n<p>Soulignons \u00e9galement que notre mosqu\u00e9e est ind\u00e9pendante de toute f\u00e9d\u00e9ration et de toute origine. Elle a une vision moderne et pr\u00f4ne un islam ouvert \u00e0 tous, qui laisse une large place aux femmes et aux jeunes. Elle met en avant la langue fran\u00e7aise dans le processus \u00e9ducatif et agit en faveur du dialogue interreligieux, aux c\u00f4t\u00e9s des chr\u00e9tiens et des juifs.<\/p>\n<p>    <strong>Bachar El Sayadi<\/strong>\n            <\/p><\/blockquote>\n<p>Un quartier bien desservi en transports<\/p>\n<p class=\" wall-content\">D\u2019o\u00f9 les travaux d\u2019agrandissement. Quand les nouveaux espaces auront re\u00e7u l\u2019aval des autorit\u00e9s <strong>\u2014 la commission s\u00e9curit\u00e9 doit passer prochainement \u2014<\/strong>, les fid\u00e8les pourront profiter d\u2019une salle de pri\u00e8re \u00e9tendue au rez-de-chauss\u00e9e, et de nouvelles salles \u00e0 l\u2019\u00e9tage et en sous-sol (qui sera la derni\u00e8re partie de l\u2019extension \u00e0 ouvrir ses portes au public).<\/p>\n<p class=\" wall-content\">Un parking, o\u00f9 se trouve actuellement un chapiteau provisoire, accueillera une trentaine de voitures. \u00ab\u2009On est tr\u00e8s bien desservi en transports en commun, avec le Teor, la ligne fast et le m\u00e9tro, c\u2019est essentiel, sans \u00e7a, nous n\u2019aurions pas pu nous \u00e9tendre comme cela\u2009\u00bb, souligne Bachar El Sayadi.<\/p>\n<p>Suivez l\u2019actualit\u00e9 de Rouen sur notre <a href=\"https:\/\/www.whatsapp.com\/channel\/0029VaKfnf99hXF2ddApFB1D\" rel=\"nofollow noopener\" target=\"_blank\">cha\u00eene WhatsApp<\/a> et sur notre <a href=\"https:\/\/www.tiktok.com\/@76actu.fr?lang=fr\" rel=\"nofollow noopener\" target=\"_blank\">compte TikTok<\/a><\/p>\n<p class=\" wall-content\">Suivez toute l\u2019actualit\u00e9 de vos villes et m\u00e9dias favoris en vous inscrivant \u00e0 <a href=\"https:\/\/moncompte.actu.fr\" title=\"D\u00e9couvez Mon Actu\" rel=\"nofollow noopener\" data-trk=\"{&quot;cta&quot;:{&quot;action&quot;:&quot;https:\\\/\\\/moncompte.actu.fr&quot;,&quot;category&quot;:&quot;mon compte&quot;,&quot;from&quot;:&quot;article footer&quot;,&quot;name&quot;:&quot;Mon actu&quot;,&quot;type&quot;:&quot;cta&quot;}}\" target=\"_blank\">Mon Actu<\/a>.<\/p>\n<p>                    <script async src=\"\/\/www.tiktok.com\/embed.js\"><\/script><\/p>\n","protected":false},"excerpt":{"rendered":"Par Fabien Massin Publi\u00e9 le 8 juil. 2025 \u00e0 12h06 C\u2019est la plus ancienne mosqu\u00e9e de l\u2019ex Haute-Normandie,&hellip;\n","protected":false},"author":2,"featured_media":234880,"comment_status":"","ping_status":"","sticky":false,"template":"","format":"standard","meta":{"footnotes":""},"categories":[9587],"tags":[1111,11,1777,674,1011,27,5318,12,5161,4020,25,9590,104],"class_list":{"0":"post-234879","1":"post","2":"type-post","3":"status-publish","4":"format-standard","5":"has-post-thumbnail","7":"category-rouen","8":"tag-actu","9":"tag-actualites","10":"tag-eu","11":"tag-europe","12":"tag-fr","13":"tag-france","14":"tag-islam","15":"tag-news","16":"tag-normandie","17":"tag-religion","18":"tag-republique-francaise","19":"tag-rouen","20":"tag-societe"},"share_on_mastodon":{"url":"https:\/\/pubeurope.com\/@fr\/114817126016521600","error":""},"_links":{"self":[{"href":"https:\/\/www.europesays.com\/fr\/wp-json\/wp\/v2\/posts\/234879","targetHints":{"allow":["GET"]}}],"collection":[{"href":"https:\/\/www.europesays.com\/fr\/wp-json\/wp\/v2\/posts"}],"about":[{"href":"https:\/\/www.europesays.com\/fr\/wp-json\/wp\/v2\/types\/post"}],"author":[{"embeddable":true,"href":"https:\/\/www.europesays.com\/fr\/wp-json\/wp\/v2\/users\/2"}],"replies":[{"embeddable":true,"href":"https:\/\/www.europesays.com\/fr\/wp-json\/wp\/v2\/comments?post=234879"}],"version-history":[{"count":0,"href":"https:\/\/www.europesays.com\/fr\/wp-json\/wp\/v2\/posts\/234879\/revisions"}],"wp:featuredmedia":[{"embeddable":true,"href":"https:\/\/www.europesays.com\/fr\/wp-json\/wp\/v2\/media\/234880"}],"wp:attachment":[{"href":"https:\/\/www.europesays.com\/fr\/wp-json\/wp\/v2\/media?parent=234879"}],"wp:term":[{"taxonomy":"category","embeddable":true,"href":"https:\/\/www.europesays.com\/fr\/wp-json\/wp\/v2\/categories?post=234879"},{"taxonomy":"post_tag","embeddable":true,"href":"https:\/\/www.europesays.com\/fr\/wp-json\/wp\/v2\/tags?post=234879"}],"curies":[{"name":"wp","href":"https:\/\/api.w.org\/{rel}","templated":true}]}}