{"id":234881,"date":"2025-07-08T10:24:21","date_gmt":"2025-07-08T10:24:21","guid":{"rendered":"https:\/\/www.europesays.com\/fr\/234881\/"},"modified":"2025-07-08T10:24:21","modified_gmt":"2025-07-08T10:24:21","slug":"les-pronos-de-nos-journalistes-pour-la-quatrieme-etape","status":"publish","type":"post","link":"https:\/\/www.europesays.com\/fr\/234881\/","title":{"rendered":"les pronos de nos journalistes pour la quatri\u00e8me \u00e9tape"},"content":{"rendered":"<p>            Par<br \/>\n        <strong><br \/>\n            <a href=\"https:\/\/actu.fr\/auteur\/julien-bouteiller\" title=\"Consulter tous les articles de Julien Bouteiller\" rel=\"nofollow noopener\" target=\"_blank\">Julien Bouteiller<\/a><br \/>\n        <\/strong><\/p>\n<p>        Publi\u00e9 le<\/p>\n<p>            8 juil. 2025 \u00e0 11h49        <\/p>\n<p><strong>C\u2019est une \u00e9tape intense<\/strong> qui s\u2019annonce pour les coureurs du <a href=\"https:\/\/actu.fr\/tag\/tour-de-france-2025\" rel=\"nofollow noopener\" target=\"_blank\">Tour de France 2025<\/a> ce mardi 8\u00a0juillet 2025. Une \u00e9tape qui s\u2019ach\u00e8vera dans un finish <strong>que l\u2019on esp\u00e8re spectaculaire \u00e0 Rouen.<\/strong> Mobilis\u00e9s <a href=\"https:\/\/actu.fr\/normandie\/rouen_76540\/le-tour-de-france-arrive-a-rouen-la-fete-et-les-coulisses-a-suivre-en-direct_62875764.html\" rel=\"nofollow noopener\" target=\"_blank\">pour suivre en direct cette journ\u00e9e<\/a>, nos journalistes d\u2019actu.fr amateurs de la Grande Boucle <strong>donnent leurs pronostics<\/strong> pour cette partie de la course.<\/p>\n<p>Les pronostics de nos journalistes pour la quatri\u00e8me \u00e9tape du Tour \u00e0 Rouen<\/p>\n<p class=\" wall-content\"><strong>\u2022 Thomas Rideau\u2009: <\/strong>\u00ab\u2009Arriv\u00e9e en bosses tr\u00e8s compliqu\u00e9e. C\u2019est un excellent puncheur qui va lever les bras. On peut \u00eatre chauvin et esp\u00e9rer que Vauquelin arrache cette \u00e9tape, mais c\u2019est probable que les favoris s\u2019expliquent dans les c\u00f4tes rouennaises. Dans ce cas, difficile d\u2019imaginer un coureur passer devant Pogacar.\u2009\u00bb<\/p>\n<p class=\" wall-content\"><strong>\u2022 Adrien Tisserand\u2009:<\/strong> \u00ab\u2009Je vois une nouvelle victoire de Mathieu Van der Poel, port\u00e9 par le maillot jaune. Il est en tr\u00e8s bonne forme et le profil de l\u2019\u00e9tape lui convient bien. \u00c0 voir si il peut \u00e0 nouveau r\u00e9sister \u00e0 Pogacar et Vingegaard mais il en a la capacit\u00e9. C\u00f4t\u00e9 fran\u00e7ais, K\u00e9vin Vauquelin aura une carte \u00e0 jouer.\u2009\u00bb<\/p>\n<p class=\" wall-content\"><strong>\u2022 Adrien Filoche\u2009: <\/strong>\u00ab\u2009Victoire de Julian Alaphilippe, sp\u00e9cialiste des \u00e9tapes de moyenne montagne et qui sera port\u00e9 par la ferveur rouennaise.\u2009\u00bb<\/p>\n<p class=\" wall-content\"><strong>\u2022 Jean-Baptiste Morel\u2009: <\/strong>\u00ab\u2009Van der Poel imbattable sur la rampe Saint-Hilaire. \u00c7a monte fort et pas longtemps, c\u2019est pile pour lui. Vous l\u2019aurez lu ici en premier.\u2009\u00bb<\/p>\n<p>Vid\u00e9os : en ce moment sur Actu<\/p>\n<p class=\" wall-content\"><strong>\u2022 Christopher Lebranchu\u2009:<\/strong> \u00ab\u2009Pour cette quatri\u00e8me \u00e9tape, j\u2019imagine encore une arriv\u00e9e disput\u00e9e, au forceps. Je mets une petite pi\u00e8ce sur le coureur de la Visma, Wout van Aert. Le Belge peut se montrer le plus costaud m\u00eame s\u2019il aura fort \u00e0 faire. C\u2019est son \u00e9tape. Il va se montrer.\u2009\u00bb<\/p>\n<p class=\" wall-content\"><strong>\u2022\u00a0Maxime T\u2019sjoen\u2009: <\/strong>\u00ab\u2009Je pense que c\u2019est Romain Gr\u00e9goire qui va gagner. C\u2019est un jeune coureur qui a d\u00e9j\u00e0 remport\u00e9 une \u00e9tape de Suisse il y a quelques semaines. Il a \u00e9t\u00e9 tr\u00e8s fort dimanche \u00e0 Boulogne-sur-Mer en arrivant quatri\u00e8me. Il est bien en jambe et il est tr\u00e8s motiv\u00e9 pour cette \u00e9tape, il l\u2019avait dit avant le Tour.\u2009\u00bb<\/p>\n<p class=\" wall-content\"><strong>\u2022\u00a0Nicolas Demollien\u2009: <\/strong>\u00ab\u2009Je mets une pi\u00e8ce sur une victoire fran\u00e7aise avec Julian Alaphilippe sur cette \u00e9tape. Les bosses sont tr\u00e8s courtes, il va pouvoir faire parler son explosivit\u00e9 et son exp\u00e9rience.\u2009\u00bb<\/p>\n<p class=\" wall-content\">Les moins amateurs de cyclisme de la r\u00e9dac\u2019 ne se mouillent pas trop\u2026<\/p>\n<p class=\" wall-content\"><strong>\u2022 Yann Rivallan\u2009: <\/strong>\u00ab\u2009Franchement, je suis un nobody question cyclisme. On va dire victoire de Pogacar parce qu\u2019il est cens\u00e9 allumer la concurrence.\u2009\u00bb<\/p>\n<p class=\" wall-content\"><strong>\u2022 Fabien Massin\u2009: <\/strong>\u00ab\u2009Pas mieux que les autres. Laurent Fignon, peut-\u00eatre\u2026\u2009\u00bb \u00c7a risque d\u2019\u00eatre compliqu\u00e9.<\/p>\n<p class=\" wall-content\">Et vous, vous misez sur qui pour cette \u00e9tape\u2009?<\/p>\n<p>Suivez l\u2019actualit\u00e9 de Rouen <a href=\"https:\/\/www.whatsapp.com\/channel\/0029VaKfnf99hXF2ddApFB1D\" rel=\"nofollow noopener\" target=\"_blank\">sur notre cha\u00eene WhatsApp<\/a> et <a href=\"https:\/\/www.tiktok.com\/@76actu.fr?lang=fr\" rel=\"nofollow noopener\" target=\"_blank\">sur notre compte TikTok<\/a><\/p>\n<p class=\" wall-content\">Suivez toute l\u2019actualit\u00e9 de vos villes et m\u00e9dias favoris en vous inscrivant \u00e0 <a href=\"https:\/\/moncompte.actu.fr\" title=\"D\u00e9couvez Mon Actu\" rel=\"nofollow noopener\" data-trk=\"{&quot;cta&quot;:{&quot;action&quot;:&quot;https:\\\/\\\/moncompte.actu.fr&quot;,&quot;category&quot;:&quot;mon compte&quot;,&quot;from&quot;:&quot;article footer&quot;,&quot;name&quot;:&quot;Mon actu&quot;,&quot;type&quot;:&quot;cta&quot;}}\" target=\"_blank\">Mon Actu<\/a>.<\/p>\n<ul class=\"ac-article-tag wall-content\">\n<li><a href=\"https:\/\/actu.fr\/tag\/tour-de-france\" data-trk=\"{&quot;cta&quot;:{&quot;action&quot;:&quot;Tour de France&quot;,&quot;category&quot;:&quot;tag&quot;,&quot;from&quot;:&quot;article footer&quot;,&quot;name&quot;:&quot;Tour de France&quot;,&quot;type&quot;:&quot;cta&quot;}}\" rel=\"nofollow noopener\" target=\"_blank\">#Tour de France<\/a><\/li>\n<li><a href=\"https:\/\/actu.fr\/tag\/tour-de-france-2025\" data-trk=\"{&quot;cta&quot;:{&quot;action&quot;:&quot;Tour de France 2025&quot;,&quot;category&quot;:&quot;tag&quot;,&quot;from&quot;:&quot;article footer&quot;,&quot;name&quot;:&quot;Tour de France 2025&quot;,&quot;type&quot;:&quot;cta&quot;}}\" rel=\"nofollow noopener\" target=\"_blank\">#Tour de France 2025<\/a><\/li>\n<\/ul>\n<p>                    <script async src=\"\/\/www.tiktok.com\/embed.js\"><\/script><\/p>\n","protected":false},"excerpt":{"rendered":"Par Julien Bouteiller Publi\u00e9 le 8 juil. 2025 \u00e0 11h49 C\u2019est une \u00e9tape intense qui s\u2019annonce pour les&hellip;\n","protected":false},"author":2,"featured_media":234882,"comment_status":"","ping_status":"","sticky":false,"template":"","format":"standard","meta":{"footnotes":""},"categories":[9587],"tags":[1111,11,207,1777,674,1011,27,12,5161,25,9590,60,210,2116],"class_list":{"0":"post-234881","1":"post","2":"type-post","3":"status-publish","4":"format-standard","5":"has-post-thumbnail","7":"category-rouen","8":"tag-actu","9":"tag-actualites","10":"tag-cyclisme","11":"tag-eu","12":"tag-europe","13":"tag-fr","14":"tag-france","15":"tag-news","16":"tag-normandie","17":"tag-republique-francaise","18":"tag-rouen","19":"tag-sports","20":"tag-tour-de-france","21":"tag-tour-de-france-2025"},"share_on_mastodon":{"url":"https:\/\/pubeurope.com\/@fr\/114817129802907850","error":""},"_links":{"self":[{"href":"https:\/\/www.europesays.com\/fr\/wp-json\/wp\/v2\/posts\/234881","targetHints":{"allow":["GET"]}}],"collection":[{"href":"https:\/\/www.europesays.com\/fr\/wp-json\/wp\/v2\/posts"}],"about":[{"href":"https:\/\/www.europesays.com\/fr\/wp-json\/wp\/v2\/types\/post"}],"author":[{"embeddable":true,"href":"https:\/\/www.europesays.com\/fr\/wp-json\/wp\/v2\/users\/2"}],"replies":[{"embeddable":true,"href":"https:\/\/www.europesays.com\/fr\/wp-json\/wp\/v2\/comments?post=234881"}],"version-history":[{"count":0,"href":"https:\/\/www.europesays.com\/fr\/wp-json\/wp\/v2\/posts\/234881\/revisions"}],"wp:featuredmedia":[{"embeddable":true,"href":"https:\/\/www.europesays.com\/fr\/wp-json\/wp\/v2\/media\/234882"}],"wp:attachment":[{"href":"https:\/\/www.europesays.com\/fr\/wp-json\/wp\/v2\/media?parent=234881"}],"wp:term":[{"taxonomy":"category","embeddable":true,"href":"https:\/\/www.europesays.com\/fr\/wp-json\/wp\/v2\/categories?post=234881"},{"taxonomy":"post_tag","embeddable":true,"href":"https:\/\/www.europesays.com\/fr\/wp-json\/wp\/v2\/tags?post=234881"}],"curies":[{"name":"wp","href":"https:\/\/api.w.org\/{rel}","templated":true}]}}