{"id":234889,"date":"2025-07-08T10:28:09","date_gmt":"2025-07-08T10:28:09","guid":{"rendered":"https:\/\/www.europesays.com\/fr\/234889\/"},"modified":"2025-07-08T10:28:09","modified_gmt":"2025-07-08T10:28:09","slug":"olivier-cloarec-devient-le-nouveau-president-du-toulouse-fc-neuf-mois-apres-son-depart-de-rennes","status":"publish","type":"post","link":"https:\/\/www.europesays.com\/fr\/234889\/","title":{"rendered":"Olivier Cloarec devient le nouveau pr\u00e9sident du Toulouse FC, neuf mois apr\u00e8s son d\u00e9part de Rennes"},"content":{"rendered":"<p>La nomination \u00e9tait <a href=\"https:\/\/www.letelegramme.fr\/sports\/football\/le-finisterien-olivier-cloarec-passe-par-le-stade-rennais-et-brest-pressenti-pour-presider-le-toulouse-football-club-6836558.php\" target=\"_blank\" rel=\"nofollow noopener\">pressentie<\/a>, c\u2019est d\u00e9sormais officiel : Olivier Cloarec est devenu, ce mardi 8 juillet 2025, le nouveau pr\u00e9sident du Toulouse FC. L\u2019ancien dirigeant du Stade Rennais a \u00e9t\u00e9 pr\u00e9sent\u00e9 par le club, devant les m\u00e9dias, en compagnie de Neil Chugani (RedBird Capital Partners).<\/p>\n<p>Parti du Stade Rennais en octobre 2024, Olivier Cloarec succ\u00e8de, \u00e0 Toulouse, \u00e0 Damien Comolli, dont le d\u00e9part a \u00e9t\u00e9 prononc\u00e9 en fin de saison, fin mai. Le Finist\u00e9rien de Pont-l\u2019Abb\u00e9 va y conna\u00eetre sa troisi\u00e8me exp\u00e9rience de dirigeant, apr\u00e8s Dijon et Rennes.<\/p>\n<p>\u00ab Du succ\u00e8s partout o\u00f9 il est pass\u00e9 \u00bb<\/p>\n<p>\u00ab Il a rencontr\u00e9 du succ\u00e8s partout o\u00f9 il est pass\u00e9 \u00e0 la fois sur et en dehors du terrain \u00bb, a soulign\u00e9 le repr\u00e9sentant des investisseurs britanniques Neil Chugani.<\/p>\n<p>\u00ab Ce qui m\u2019a convaincu de rejoindre Toulouse, ce sont les qualit\u00e9s humaines de Neil (Chugani) et la dynamique du T\u00e9f\u00e9c\u00e9 depuis cinq ans, depuis que RedBird est arriv\u00e9. Damien Comolli et ses collaborateurs ont fait, de mon point de vue, en tant que Breton, un travail assez remarquable, \u00e0 la fois sur le terrain, mais aussi en dehors. \u00bb<\/p>\n","protected":false},"excerpt":{"rendered":"La nomination \u00e9tait pressentie, c\u2019est d\u00e9sormais officiel : Olivier Cloarec est devenu, ce mardi 8 juillet 2025, le&hellip;\n","protected":false},"author":2,"featured_media":234890,"comment_status":"","ping_status":"","sticky":false,"template":"","format":"standard","meta":{"footnotes":""},"categories":[2821],"tags":[1111,11,829,3166,1777,674,63,1011,27,66,12,584,25,60,3087],"class_list":{"0":"post-234889","1":"post","2":"type-post","3":"status-publish","4":"format-standard","5":"has-post-thumbnail","7":"category-rennes","8":"tag-actu","9":"tag-actualites","10":"tag-bretagne","11":"tag-en-continu-sports","12":"tag-eu","13":"tag-europe","14":"tag-football","15":"tag-fr","16":"tag-france","17":"tag-ligue-1","18":"tag-news","19":"tag-rennes","20":"tag-republique-francaise","21":"tag-sports","22":"tag-stade-rennais"},"share_on_mastodon":{"url":"https:\/\/pubeurope.com\/@fr\/114817145679429904","error":""},"_links":{"self":[{"href":"https:\/\/www.europesays.com\/fr\/wp-json\/wp\/v2\/posts\/234889","targetHints":{"allow":["GET"]}}],"collection":[{"href":"https:\/\/www.europesays.com\/fr\/wp-json\/wp\/v2\/posts"}],"about":[{"href":"https:\/\/www.europesays.com\/fr\/wp-json\/wp\/v2\/types\/post"}],"author":[{"embeddable":true,"href":"https:\/\/www.europesays.com\/fr\/wp-json\/wp\/v2\/users\/2"}],"replies":[{"embeddable":true,"href":"https:\/\/www.europesays.com\/fr\/wp-json\/wp\/v2\/comments?post=234889"}],"version-history":[{"count":0,"href":"https:\/\/www.europesays.com\/fr\/wp-json\/wp\/v2\/posts\/234889\/revisions"}],"wp:featuredmedia":[{"embeddable":true,"href":"https:\/\/www.europesays.com\/fr\/wp-json\/wp\/v2\/media\/234890"}],"wp:attachment":[{"href":"https:\/\/www.europesays.com\/fr\/wp-json\/wp\/v2\/media?parent=234889"}],"wp:term":[{"taxonomy":"category","embeddable":true,"href":"https:\/\/www.europesays.com\/fr\/wp-json\/wp\/v2\/categories?post=234889"},{"taxonomy":"post_tag","embeddable":true,"href":"https:\/\/www.europesays.com\/fr\/wp-json\/wp\/v2\/tags?post=234889"}],"curies":[{"name":"wp","href":"https:\/\/api.w.org\/{rel}","templated":true}]}}