{"id":234891,"date":"2025-07-08T10:29:11","date_gmt":"2025-07-08T10:29:11","guid":{"rendered":"https:\/\/www.europesays.com\/fr\/234891\/"},"modified":"2025-07-08T10:29:11","modified_gmt":"2025-07-08T10:29:11","slug":"strasbourg-avec-lensemble-linea-le-percussionniste-marin-lambert-voyage-en-ameriques","status":"publish","type":"post","link":"https:\/\/www.europesays.com\/fr\/234891\/","title":{"rendered":"Strasbourg. Avec l&rsquo;ensemble Linea, le percussionniste Marin Lambert voyage en \u00ab\u00a0Am\u00e9riques\u00a0\u00bb"},"content":{"rendered":"<p>Apr\u00e8s 25 ans d\u2019existence, <a href=\"https:\/\/www.dna.fr\/culture-loisirs\/2025\/02\/04\/trois-ensembles-alsaciens-participent-au-festival-de-radio-france-a-partir-de-ce-mardi\" target=\"_blank\" rel=\"nofollow noopener\">l\u2019ensemble strasbourgeois de musique, Linea<\/a> renouvelle sa gouvernance. C\u2019est d\u00e9sormais une direction partag\u00e9e entre le chef d\u2019orchestre, <a href=\"https:\/\/www.dna.fr\/actualite\/2014\/08\/27\/interview-sonore-la-1ere-academie-de-l-ensemble-linea-a-strasbourg\" target=\"_blank\" rel=\"nofollow noopener\">Jean-Philippe Wurtz<\/a> et les musiciens qui anime la vie de l\u2019ensemble.<\/p>\n<p>L\u2019objectif\u00a0: r\u00e9inventer le rapport aux publics \u00e0 travers des formats de concerts diff\u00e9rents, pluridisciplinaires en liant avec d\u2019autres disciplines. Plus inclusifs aussi. L\u2019id\u00e9e est aussi de sortir <a href=\"https:\/\/www.ensemble-linea.com\/les-musiciens\" target=\"_blank\" rel=\"nofollow noopener\"> Linea<\/a> des seuls lieux de concerts et d\u2019investir d\u2019autres espaces. Le solo du percussionniste Marin Lambert ouvre cette nouvelle \u00e8re. Repr\u00e9sentatif d\u2019une g\u00e9n\u00e9ration form\u00e9e \u00e0 la crois\u00e9e des styles, de la musique classique au contemporain, en passant par les musiques traditionnelles, le percussionniste d\u00e9veloppe des projets pluridisciplinaires.<\/p>\n<p>Marin Lambert fait partie de l\u2019orchestre de la com\u00e9die musicale Le Roi Lion  toujours \u00e0 l\u2019affiche du th\u00e9\u00e2tre Mogador \u00e0 Paris. Toujours \u00e0 la recherche de nourrir sa curiosit\u00e9, le percussionniste collabore avec <a href=\"https:\/\/www.dna.fr\/insolite\/2025\/06\/28\/a-strasbourg-l-opera-national-du-rhin-vend-une-partie-de-sa-collection-de-costumes\" target=\"_blank\" rel=\"nofollow noopener\">l\u2019Op\u00e9ra du Rhin<\/a> , l\u2019orchestre national de Mulhouse, le Sinfonia Pop orchestra, tout en menant un projet solo pour percussions et \u00e9lectronique.<\/p>\n<p>\u00c0 la Maison de l\u2019Am\u00e9rique, Marin Lambert joue un programme fort \u00e0 propos\u00a0: un panorama choisi de diff\u00e9rentes facettes du continent am\u00e9ricain, du Sud au Nord. Un stimulant voyage \u00e0 travers les pays, les esth\u00e9tiques et les sonorit\u00e9s, avec un instrumentarium vari\u00e9 allant du marimba aux maracas llaneras. C\u00e9l\u00e9brant une alliance entre musique traditionnelle et folklorique, h\u00e9ritage et cr\u00e9ation.<\/p>\n<p class=\"note\">Le 11\u00a0juillet \u00e0 20h30, \u00e0 la Maison de l\u2019Am\u00e9rique latine, \u00e0 Strasbourg. www.ensemble-linea.com<\/p>\n","protected":false},"excerpt":{"rendered":"Apr\u00e8s 25 ans d\u2019existence, l\u2019ensemble strasbourgeois de musique, Linea renouvelle sa gouvernance. C\u2019est d\u00e9sormais une direction partag\u00e9e entre&hellip;\n","protected":false},"author":2,"featured_media":234892,"comment_status":"","ping_status":"","sticky":false,"template":"","format":"standard","meta":{"footnotes":""},"categories":[2820],"tags":[1111,11,1687,2880,1777,674,107,1011,27,775,873,12,25,3140,640,2879],"class_list":{"0":"post-234891","1":"post","2":"type-post","3":"status-publish","4":"format-standard","5":"has-post-thumbnail","7":"category-strasbourg","8":"tag-actu","9":"tag-actualites","10":"tag-culture-loisirs","11":"tag-edition-strasbourg","12":"tag-eu","13":"tag-europe","14":"tag-fil-info","15":"tag-fr","16":"tag-france","17":"tag-grand-est","18":"tag-musique","19":"tag-news","20":"tag-republique-francaise","21":"tag-spectacle","22":"tag-strasbourg","23":"tag-strasbourg-ville"},"share_on_mastodon":{"url":"https:\/\/pubeurope.com\/@fr\/114817149443069587","error":""},"_links":{"self":[{"href":"https:\/\/www.europesays.com\/fr\/wp-json\/wp\/v2\/posts\/234891","targetHints":{"allow":["GET"]}}],"collection":[{"href":"https:\/\/www.europesays.com\/fr\/wp-json\/wp\/v2\/posts"}],"about":[{"href":"https:\/\/www.europesays.com\/fr\/wp-json\/wp\/v2\/types\/post"}],"author":[{"embeddable":true,"href":"https:\/\/www.europesays.com\/fr\/wp-json\/wp\/v2\/users\/2"}],"replies":[{"embeddable":true,"href":"https:\/\/www.europesays.com\/fr\/wp-json\/wp\/v2\/comments?post=234891"}],"version-history":[{"count":0,"href":"https:\/\/www.europesays.com\/fr\/wp-json\/wp\/v2\/posts\/234891\/revisions"}],"wp:featuredmedia":[{"embeddable":true,"href":"https:\/\/www.europesays.com\/fr\/wp-json\/wp\/v2\/media\/234892"}],"wp:attachment":[{"href":"https:\/\/www.europesays.com\/fr\/wp-json\/wp\/v2\/media?parent=234891"}],"wp:term":[{"taxonomy":"category","embeddable":true,"href":"https:\/\/www.europesays.com\/fr\/wp-json\/wp\/v2\/categories?post=234891"},{"taxonomy":"post_tag","embeddable":true,"href":"https:\/\/www.europesays.com\/fr\/wp-json\/wp\/v2\/tags?post=234891"}],"curies":[{"name":"wp","href":"https:\/\/api.w.org\/{rel}","templated":true}]}}