{"id":234893,"date":"2025-07-08T10:30:17","date_gmt":"2025-07-08T10:30:17","guid":{"rendered":"https:\/\/www.europesays.com\/fr\/234893\/"},"modified":"2025-07-08T10:30:17","modified_gmt":"2025-07-08T10:30:17","slug":"strasbourg-dans-le-top-3-des-villes-ou-il-est-le-plus-facile-de-vivre-sans-voiture-selon-ce-classement","status":"publish","type":"post","link":"https:\/\/www.europesays.com\/fr\/234893\/","title":{"rendered":"Strasbourg dans le top 3 des villes o\u00f9 il est le plus facile de vivre sans voiture, selon ce classement"},"content":{"rendered":"<p>            Par<br \/>\n        <strong><br \/>\n            <a href=\"https:\/\/actu.fr\/auteur\/olivia-kouassi\" title=\"Consulter tous les articles de Olivia Kouassi\" rel=\"nofollow noopener\" target=\"_blank\">Olivia Kouassi<\/a><br \/>\n        <\/strong><\/p>\n<p>        Publi\u00e9 le<\/p>\n<p>            8 juil. 2025 \u00e0 11h28        <\/p>\n<p><strong>Strasbourg<\/strong> (<a href=\"https:\/\/actu.fr\/strasbourg\/\" rel=\"nofollow noopener\" target=\"_blank\">Bas-Rhin<\/a>) est une ville cyclable, ce n\u2019est un secret pour personne. <a href=\"https:\/\/www.leparisien.fr\/societe\/vivre-sans-voiture-notre-classement-exclusif-des-villes-les-plus-adaptees-05-07-2025-BGKD5FJUGZEWFFWUZJWALE4XWI.php\" rel=\"nofollow noopener\" target=\"_blank\">Le Parisien<\/a>, dans un classement publi\u00e9 le 5\u00a0juillet, confirme ce statut et la place dans son<strong> palmar\u00e8s des villes les plus adapt\u00e9es<\/strong> \u00e0 une vie <strong>sans voiture.<\/strong><\/p>\n<p>Strasbourg en haut du classement avec une note de 16,94<\/p>\n<p class=\" wall-content\">\u00c0 partir d\u2019une trentaine de crit\u00e8res, Le Parisien a donc dress\u00e9 le classement des villes de plus de 10\u2009000\u00a0habitants qui sont en th\u00e9orie les moins d\u00e9pendants de l\u2019automobile et o\u00f9 il est le plus facile de vivre sans voiture.<\/p>\n<p class=\" wall-content\">Strasbourg se hisse en<strong> troisi\u00e8me position<\/strong> avec une note de 16,94, derri\u00e8re <a href=\"https:\/\/actu.fr\/bordeaux\/\" rel=\"nofollow noopener\" target=\"_blank\">Bordeaux<\/a> et <a href=\"https:\/\/actu.fr\/paris\/\" rel=\"nofollow noopener\" target=\"_blank\">Paris<\/a>. Comme le pr\u00e9cise l\u2019article, les tr\u00e8s grandes villes sont logiquement privil\u00e9gi\u00e9es du fait de leur densit\u00e9 et de la n\u00e9cessit\u00e9 plus faible de circuler en voiture.<\/p>\n<p class=\" wall-content\">Strasbourg parvient tout de m\u00eame \u00e0 devancer <a href=\"https:\/\/actu.fr\/lyon\/\" rel=\"nofollow noopener\" target=\"_blank\">Lyon<\/a> (en 6e position) ou encore <a href=\"https:\/\/actu.fr\/marseille\/\" rel=\"nofollow noopener\" target=\"_blank\">Marseille<\/a> (Bouches-du-Rh\u00f4ne) qui ne se hisse qu\u2019\u00e0 la 27e place derri\u00e8re <a href=\"https:\/\/actu.fr\/lorraine\/\" rel=\"nofollow noopener\" target=\"_blank\">Metz<\/a> (Moselle).<\/p>\n<p class=\" wall-content\">Suivez toute l\u2019actualit\u00e9 de vos villes et m\u00e9dias favoris en vous inscrivant \u00e0 <a href=\"https:\/\/moncompte.actu.fr\" title=\"D\u00e9couvez Mon Actu\" rel=\"nofollow noopener\" data-trk=\"{&quot;cta&quot;:{&quot;action&quot;:&quot;https:\\\/\\\/moncompte.actu.fr&quot;,&quot;category&quot;:&quot;mon compte&quot;,&quot;from&quot;:&quot;article footer&quot;,&quot;name&quot;:&quot;Mon actu&quot;,&quot;type&quot;:&quot;cta&quot;}}\" target=\"_blank\">Mon Actu<\/a>.<\/p>\n","protected":false},"excerpt":{"rendered":"Par Olivia Kouassi Publi\u00e9 le 8 juil. 2025 \u00e0 11h28 Strasbourg (Bas-Rhin) est une ville cyclable, ce n\u2019est&hellip;\n","protected":false},"author":2,"featured_media":234894,"comment_status":"","ping_status":"","sticky":false,"template":"","format":"standard","meta":{"footnotes":""},"categories":[2820],"tags":[1111,11,646,1777,674,1011,27,775,12,25,104,640],"class_list":{"0":"post-234893","1":"post","2":"type-post","3":"status-publish","4":"format-standard","5":"has-post-thumbnail","7":"category-strasbourg","8":"tag-actu","9":"tag-actualites","10":"tag-automobile","11":"tag-eu","12":"tag-europe","13":"tag-fr","14":"tag-france","15":"tag-grand-est","16":"tag-news","17":"tag-republique-francaise","18":"tag-societe","19":"tag-strasbourg"},"share_on_mastodon":{"url":"https:\/\/pubeurope.com\/@fr\/114817153446006829","error":""},"_links":{"self":[{"href":"https:\/\/www.europesays.com\/fr\/wp-json\/wp\/v2\/posts\/234893","targetHints":{"allow":["GET"]}}],"collection":[{"href":"https:\/\/www.europesays.com\/fr\/wp-json\/wp\/v2\/posts"}],"about":[{"href":"https:\/\/www.europesays.com\/fr\/wp-json\/wp\/v2\/types\/post"}],"author":[{"embeddable":true,"href":"https:\/\/www.europesays.com\/fr\/wp-json\/wp\/v2\/users\/2"}],"replies":[{"embeddable":true,"href":"https:\/\/www.europesays.com\/fr\/wp-json\/wp\/v2\/comments?post=234893"}],"version-history":[{"count":0,"href":"https:\/\/www.europesays.com\/fr\/wp-json\/wp\/v2\/posts\/234893\/revisions"}],"wp:featuredmedia":[{"embeddable":true,"href":"https:\/\/www.europesays.com\/fr\/wp-json\/wp\/v2\/media\/234894"}],"wp:attachment":[{"href":"https:\/\/www.europesays.com\/fr\/wp-json\/wp\/v2\/media?parent=234893"}],"wp:term":[{"taxonomy":"category","embeddable":true,"href":"https:\/\/www.europesays.com\/fr\/wp-json\/wp\/v2\/categories?post=234893"},{"taxonomy":"post_tag","embeddable":true,"href":"https:\/\/www.europesays.com\/fr\/wp-json\/wp\/v2\/tags?post=234893"}],"curies":[{"name":"wp","href":"https:\/\/api.w.org\/{rel}","templated":true}]}}