{"id":234897,"date":"2025-07-08T10:32:11","date_gmt":"2025-07-08T10:32:11","guid":{"rendered":"https:\/\/www.europesays.com\/fr\/234897\/"},"modified":"2025-07-08T10:32:11","modified_gmt":"2025-07-08T10:32:11","slug":"jo-2030-on-en-sait-plus-sur-le-futur-village-olympique-a-nice-la-consultation-est-lancee","status":"publish","type":"post","link":"https:\/\/www.europesays.com\/fr\/234897\/","title":{"rendered":"JO 2030. On en sait plus sur le futur village olympique \u00e0 Nice\u00a0: la consultation est lanc\u00e9e"},"content":{"rendered":"<p>La consultation pour r\u00e9aliser le village olympique et paralympique \u00e0 Nice est lanc\u00e9e <a href=\"https:\/\/www.ledauphine.com\/d\/les-jeux-olympiques-d-hiver-2030-dans-les-alpes-779e57e0-6644-4b33-942b-714b6147495b\" target=\"_blank\" rel=\"noopener\">en vue des\u00a0JOP d\u2019hiver Alpes 2030<\/a>. C\u2019est l\u2019\u00e9tablissement public Solideo qui est \u00e0 la man\u0153uvre\u00a0: \u00ab\u00a0Situ\u00e9 dans la plaine du Var au pied d\u2019une station de tramway, \u00e0 proximit\u00e9 imm\u00e9diate de l\u2019Allianz Riviera et de la future patinoire, le village olympique h\u00e9bergera pendant les jeux pr\u00e8s de 1\u00a0500 athl\u00e8tes et leurs accompagnants.\u00a0\u00bb Sur le plan, on peut voir, au nord du site, neuf b\u00e2timents de hauteur diff\u00e9rente (de 2 \u00e0 8 \u00e9tages). Un boisement est pr\u00e9vu autour. Et plus au sud, une structure plus importante, en forme de V \u00e0 l\u2019envers, est pr\u00e9vue avec des espaces collectifs. Au total, il y aura environ 25\u00a0000 m\u00e8tres carr\u00e9s de plancher construits sur un \u00ab\u00a0t\u00e8nement foncier de pr\u00e8s de 2 hectares\u00a0\u00bb.<\/p>\n<p><a href=\"https:\/\/www.ledauphine.com\/jeux-olympiques\/2025\/04\/13\/amenager-un-territoire-tout-en-le-menageant\" target=\"_blank\" rel=\"noopener\">Solideo Alpes 2030<\/a> rappelle que ces h\u00e9bergements ne seront pas provisoires, \u00e9voquant, apr\u00e8s les Jeux et paralympiques de f\u00e9vrier et mars\u00a02030, \u00ab\u00a0des programmes diversifi\u00e9s dont une majorit\u00e9 de logements respectueux des enjeux de mixit\u00e9 sociale pour la ville de Nice avec 30\u00a0% de logements locatifs sociaux, 20\u00a0% de logements en bail r\u00e9el solidaire et une r\u00e9sidence \u00e9tudiante notamment\u00a0\u00bb. La Ville de Nice est partie prenante aux c\u00f4t\u00e9s de l\u2019\u00e9tablissement public pour ce projet. Celui-ci \u00ab\u00a0aura \u00e0 se montrer \u00e0 la hauteur des ambitions environnementales, sociales, architecturales et urbaines\u00a0\u00bb.\u00a0Une autre contrainte sera le temps pour les candidats\u00a0: la livraison de \u00ab\u00a0l\u2019ensemble \u00bb est \u00ab\u00a0imp\u00e9rative \u00e0 l\u2019\u00e9t\u00e9 2029\u00a0\u00bb.<\/p>\n<p>Ce contenu est bloqu\u00e9 car vous n&rsquo;avez pas accept\u00e9 les cookies et autres traceurs.<\/p>\n<p>En cliquant sur \u00ab J\u2019accepte \u00bb, les cookies et autres traceurs seront d\u00e9pos\u00e9s et vous pourrez visualiser les contenus  (<a href=\"\" class=\"consentModule_policy\" target=\"_blank\" title=\"Consulter la politique de protection des donn\u00e9es du fournisseur\">plus d&rsquo;informations<\/a>).<\/p>\n<p>En cliquant sur \u00ab J\u2019accepte tous les cookies \u00bb, vous autorisez des d\u00e9p\u00f4ts de cookies et autres traceurs pour le stockage de vos donn\u00e9es sur nos sites et applications \u00e0 des fins de personnalisation et de ciblage publicitaire.<\/p>\n<p class=\"consentModule_secondaryText\">Vous gardez la possibilit\u00e9 de retirer votre consentement \u00e0 tout moment en consultant notre <a href=\"https:\/\/www.ledauphine.com\/protection-des-donnees\" target=\"_blank\" title=\"Consulter notre politique de protection des donn\u00e9es\" rel=\"noopener\">politique de protection des donn\u00e9es<\/a>. <br \/>&#13;<br \/>\n            <a href=\"https:\/\/www.ledauphine.com\/societe\/2025\/07\/08\/javascript:Didomi.notice.show()\" class=\"consentModule_cmp\" target=\"_blank\" rel=\"noopener\">G\u00e9rer mes choix<\/a>&#13;\n        <\/p>\n<p>&#13;<br \/>\n                        J&rsquo;accepte&#13;<br \/>\n            J&rsquo;accepte tous les cookies&#13;\n        <\/p>\n<p>  Quatre villages olympiques<\/p>\n<p>Pour ces JO, quatre villages olympiques sont, au total, pr\u00e9vus\u00a0: un pour chaque p\u00f4le (ou \u00ab\u00a0cluster\u00a0\u00bb pour employer le jargon technique). Outre Nice (sports de glace hors patinage de vitesse), il devrait y avoir Saint-Jean-de-Sixt en Haute-Savoie (ski de fond et biathlon), Bozel en Savoie (ski alpin, saut, combin\u00e9 nordique, bobsleigh, luge et skeleton) et Brian\u00e7on avec le Fort des t\u00eates (snowboard et ski freestyle). Rien n\u2019est encore act\u00e9 officiellement d\u2019autant que les implantations de ces villages ne seront pas d\u00e9voil\u00e9es dans la fameuse carte des sites dont l\u2019officialisation pourrait avoir lieu d\u2019ici la fin du mois de juillet.<\/p>\n","protected":false},"excerpt":{"rendered":"La consultation pour r\u00e9aliser le village olympique et paralympique \u00e0 Nice est lanc\u00e9e en vue des\u00a0JOP d\u2019hiver Alpes&hellip;\n","protected":false},"author":2,"featured_media":234898,"comment_status":"","ping_status":"","sticky":false,"template":"","format":"standard","meta":{"footnotes":""},"categories":[2819],"tags":[1111,11,4749,37130,33,1777,674,107,1795,1011,27,4638,881,108,21243,5324,12,2401,882,25,5508,517],"class_list":{"0":"post-234897","1":"post","2":"type-post","3":"status-publish","4":"format-standard","5":"has-post-thumbnail","7":"category-nice","8":"tag-actu","9":"tag-actualites","10":"tag-btp-et-chantiers","11":"tag-cap-2030","12":"tag-economie","13":"tag-eu","14":"tag-europe","15":"tag-fil-info","16":"tag-fil-web","17":"tag-fr","18":"tag-france","19":"tag-haute-savoie","20":"tag-hautes-alpes","21":"tag-isere","22":"tag-jeux-olympiques-dhiver","23":"tag-montagne","24":"tag-news","25":"tag-nice","26":"tag-provence-alpes-cote-dazur","27":"tag-republique-francaise","28":"tag-savoie","29":"tag-sport"},"share_on_mastodon":{"url":"https:\/\/pubeurope.com\/@fr\/114817161170720067","error":""},"_links":{"self":[{"href":"https:\/\/www.europesays.com\/fr\/wp-json\/wp\/v2\/posts\/234897","targetHints":{"allow":["GET"]}}],"collection":[{"href":"https:\/\/www.europesays.com\/fr\/wp-json\/wp\/v2\/posts"}],"about":[{"href":"https:\/\/www.europesays.com\/fr\/wp-json\/wp\/v2\/types\/post"}],"author":[{"embeddable":true,"href":"https:\/\/www.europesays.com\/fr\/wp-json\/wp\/v2\/users\/2"}],"replies":[{"embeddable":true,"href":"https:\/\/www.europesays.com\/fr\/wp-json\/wp\/v2\/comments?post=234897"}],"version-history":[{"count":0,"href":"https:\/\/www.europesays.com\/fr\/wp-json\/wp\/v2\/posts\/234897\/revisions"}],"wp:featuredmedia":[{"embeddable":true,"href":"https:\/\/www.europesays.com\/fr\/wp-json\/wp\/v2\/media\/234898"}],"wp:attachment":[{"href":"https:\/\/www.europesays.com\/fr\/wp-json\/wp\/v2\/media?parent=234897"}],"wp:term":[{"taxonomy":"category","embeddable":true,"href":"https:\/\/www.europesays.com\/fr\/wp-json\/wp\/v2\/categories?post=234897"},{"taxonomy":"post_tag","embeddable":true,"href":"https:\/\/www.europesays.com\/fr\/wp-json\/wp\/v2\/tags?post=234897"}],"curies":[{"name":"wp","href":"https:\/\/api.w.org\/{rel}","templated":true}]}}