{"id":234899,"date":"2025-07-08T10:33:12","date_gmt":"2025-07-08T10:33:12","guid":{"rendered":"https:\/\/www.europesays.com\/fr\/234899\/"},"modified":"2025-07-08T10:33:12","modified_gmt":"2025-07-08T10:33:12","slug":"de-faux-billets-vendus-pour-un-spectacle-une-commune-alerte","status":"publish","type":"post","link":"https:\/\/www.europesays.com\/fr\/234899\/","title":{"rendered":"de faux billets vendus pour un spectacle, une commune alerte"},"content":{"rendered":"<p>            Par<br \/>\n        <strong><br \/>\n            <a href=\"https:\/\/actu.fr\/auteur\/laure-gentil\" title=\"Consulter tous les articles de Laure Gentil\" rel=\"nofollow noopener\" target=\"_blank\">Laure Gentil<\/a><br \/>\n        <\/strong><\/p>\n<p>        Publi\u00e9 le<\/p>\n<p>            8 juil. 2025 \u00e0 11h31        <\/p>\n<p>Le nouveau spectacle de la compagnie <strong>Royal de Luxe<\/strong> va bient\u00f4t avoir lieu \u00e0 <strong>Orvault<\/strong> (Loire-Atlantique)\u2009: Apesanteur se d\u00e9roulera les<strong> 19 et 20\u00a0juillet,<\/strong> au parc de la Gobini\u00e8re de 18\u2009h \u00e0 19\u2009h\u200920. Or, la Ville d\u2019Orvault a communiqu\u00e9 sur un risque d\u2019arnaque.<\/p>\n<p>Une entr\u00e9e gratuite<\/p>\n<p class=\" wall-content\">Selon la municipalit\u00e9, des \u00ab\u2009publications sur les r\u00e9seaux sociaux\u2009\u00bb proposent \u00e0 la revente des places pour le spectacle. Or, <strong>l\u2019entr\u00e9e est gratuite<\/strong> bien qu\u2019une <strong>billetterie<\/strong> ait \u00e9t\u00e9 mise en place pour <strong>r\u00e9server<\/strong> sa place.<\/p>\n<p class=\" wall-content\">\u00ab\u2009La revente de place est strictement interdite. De plus, ces annonces sont souvent publi\u00e9es par de faux comptes et rel\u00e8vent tr\u00e8s probablement d\u2019arnaques en ligne\u2009\u00bb, rappelle la Ville d\u2019Orvault.<\/p>\n<p>Le spectacle Apesanteur<\/p>\n<p class=\" wall-content\">Le spectacle Apesanteur, a \u00e9t\u00e9 \u00e9crit et mis en sc\u00e8ne par Jean-Luc Courcoult. Il raconte une histoire polici\u00e8re\u2009: une \u00e9quipe de tournage de s\u00e9rie t\u00e9l\u00e9vis\u00e9e \u00e0 petit budget doit s\u2019adapter au sc\u00e9nario qu\u2019elle d\u00e9couvre. Le r\u00e9alisateur est absent, le cameraman a rat\u00e9 son train et le producteur, occup\u00e9 sur un autre tournage, s\u2019est fait remplacer par un confr\u00e8re \u00e0 la derni\u00e8re minute. Seuls la scripte et le com\u00e9dien principal ont une id\u00e9e approximative de l\u2019enqu\u00eate que doit mener un commissaire venu du futur pour r\u00e9soudre l\u2019\u00e9nigme d\u2019assassinats commis de p\u00e8re en fille et fils depuis les ann\u00e9es 1960 dans un magasin de droguerie-quincaillerie.<\/p>\n<p>Vid\u00e9os : en ce moment sur ActuSi vous tombez sur ce type de publication\u2009: ne contactez pas le compte concern\u00e9 et signalez-le sur <a href=\"https:\/\/actu.fr\/cdn-cgi\/l\/email-protection\" class=\"__cf_email__\" data-cfemail=\"22514b454c434e624d505443574e560c4450\" rel=\"nofollow noopener\" target=\"_blank\">[email\u00a0protected]<\/a>.<\/p>\n<p class=\" wall-content\">Suivez toute l\u2019actualit\u00e9 de vos villes et m\u00e9dias favoris en vous inscrivant \u00e0 <a href=\"https:\/\/moncompte.actu.fr\" title=\"D\u00e9couvez Mon Actu\" rel=\"nofollow noopener\" data-trk=\"{&quot;cta&quot;:{&quot;action&quot;:&quot;https:\\\/\\\/moncompte.actu.fr&quot;,&quot;category&quot;:&quot;mon compte&quot;,&quot;from&quot;:&quot;article footer&quot;,&quot;name&quot;:&quot;Mon actu&quot;,&quot;type&quot;:&quot;cta&quot;}}\" target=\"_blank\">Mon Actu<\/a>.<\/p>\n","protected":false},"excerpt":{"rendered":"Par Laure Gentil Publi\u00e9 le 8 juil. 2025 \u00e0 11h31 Le nouveau spectacle de la compagnie Royal de&hellip;\n","protected":false},"author":2,"featured_media":234900,"comment_status":"","ping_status":"","sticky":false,"template":"","format":"standard","meta":{"footnotes":""},"categories":[2818],"tags":[1111,11,3514,1777,674,118,1011,27,766,12,2636,25,853],"class_list":{"0":"post-234899","1":"post","2":"type-post","3":"status-publish","4":"format-standard","5":"has-post-thumbnail","7":"category-nantes","8":"tag-actu","9":"tag-actualites","10":"tag-arnaque","11":"tag-eu","12":"tag-europe","13":"tag-faits-divers","14":"tag-fr","15":"tag-france","16":"tag-nantes","17":"tag-news","18":"tag-pays-de-la-loire","19":"tag-republique-francaise","20":"tag-spectacles"},"share_on_mastodon":{"url":"https:\/\/pubeurope.com\/@fr\/114817165169347258","error":""},"_links":{"self":[{"href":"https:\/\/www.europesays.com\/fr\/wp-json\/wp\/v2\/posts\/234899","targetHints":{"allow":["GET"]}}],"collection":[{"href":"https:\/\/www.europesays.com\/fr\/wp-json\/wp\/v2\/posts"}],"about":[{"href":"https:\/\/www.europesays.com\/fr\/wp-json\/wp\/v2\/types\/post"}],"author":[{"embeddable":true,"href":"https:\/\/www.europesays.com\/fr\/wp-json\/wp\/v2\/users\/2"}],"replies":[{"embeddable":true,"href":"https:\/\/www.europesays.com\/fr\/wp-json\/wp\/v2\/comments?post=234899"}],"version-history":[{"count":0,"href":"https:\/\/www.europesays.com\/fr\/wp-json\/wp\/v2\/posts\/234899\/revisions"}],"wp:featuredmedia":[{"embeddable":true,"href":"https:\/\/www.europesays.com\/fr\/wp-json\/wp\/v2\/media\/234900"}],"wp:attachment":[{"href":"https:\/\/www.europesays.com\/fr\/wp-json\/wp\/v2\/media?parent=234899"}],"wp:term":[{"taxonomy":"category","embeddable":true,"href":"https:\/\/www.europesays.com\/fr\/wp-json\/wp\/v2\/categories?post=234899"},{"taxonomy":"post_tag","embeddable":true,"href":"https:\/\/www.europesays.com\/fr\/wp-json\/wp\/v2\/tags?post=234899"}],"curies":[{"name":"wp","href":"https:\/\/api.w.org\/{rel}","templated":true}]}}