{"id":234915,"date":"2025-07-08T10:41:09","date_gmt":"2025-07-08T10:41:09","guid":{"rendered":"https:\/\/www.europesays.com\/fr\/234915\/"},"modified":"2025-07-08T10:41:09","modified_gmt":"2025-07-08T10:41:09","slug":"une-nonagenaire-agressee-chez-elle-a-marseille-deux-suspects-recherches","status":"publish","type":"post","link":"https:\/\/www.europesays.com\/fr\/234915\/","title":{"rendered":"Une nonag\u00e9naire agress\u00e9e chez elle \u00e0 Marseille, deux suspects recherch\u00e9s"},"content":{"rendered":"<p>Une violente agression \u00e0 domicile a eu lieu ce dimanche 6\u00a0juillet, \u00e0 <a href=\"https:\/\/www.laprovence.com\/bouches-du-rhone\/marseille-13055\" target=\"_blank\" rel=\"noopener\">Marseille<\/a>. Selon une information r\u00e9v\u00e9l\u00e9e par <a href=\"https:\/\/www.bfmtv.com\/marseille\/info-bfm-marseille-provence-une-femme-de-90-ans-violemment-agressee-a-son-domicile_AN-202507070429.html\" target=\"_blank\" rel=\"noopener\">BFM Marseille Provence<\/a>, une femme de 90\u00a0ans se trouvait chez elle lorsqu\u2019elle a entendu sonner \u00e0 sa porte, aux alentours de 14\u00a0heures.<\/p>\n<p>La femme s\u2019est alors retrouv\u00e9e face \u00e0 deux hommes, qui sont entr\u00e9s chez elle. Les suspects l\u2019auraient alors menac\u00e9 \u00e0 l\u2019aide d\u2019une arme blanche, avant de l\u2019\u00e9trangler, de la violenter et de l\u2019arroser d\u2019eau.<\/p>\n<p>Les suspects en fuite<\/p>\n<p>La victime a \u00e9t\u00e9 prise en charge par les <a href=\"https:\/\/www.laprovence.com\/article\/faits-divers-justice\/25965017686970\/le-bataillon-des-marins-pompiers-de-marseille-pourrait-inspirer-la-securite-civile\" target=\"_blank\" rel=\"noopener\">marins-pompiers<\/a>, en \u00e9tat de choc. Ses jours ne sont pas en danger.<\/p>\n<p>Les deux hommes auraient r\u00e9ussi \u00e0 s\u2019emparer de bijoux avant de prendre la fuite. Ils sont toujours recherch\u00e9s par les forces de l\u2019ordre.<\/p>\n<p>Selon nos confr\u00e8res, une enqu\u00eate est ouverte et confi\u00e9e au Quart sud de la police de Marseille.<\/p>\n","protected":false},"excerpt":{"rendered":"Une violente agression \u00e0 domicile a eu lieu ce dimanche 6\u00a0juillet, \u00e0 Marseille. Selon une information r\u00e9v\u00e9l\u00e9e par&hellip;\n","protected":false},"author":2,"featured_media":234916,"comment_status":"","ping_status":"","sticky":false,"template":"","format":"standard","meta":{"footnotes":""},"categories":[2814],"tags":[17,1111,11,35831,1102,4070,15335,1777,674,274,1011,27,884,12,21740,882,25,3711,96],"class_list":{"0":"post-234915","1":"post","2":"type-post","3":"status-publish","4":"format-standard","5":"has-post-thumbnail","7":"category-marseille","8":"tag-17","9":"tag-actu","10":"tag-actualites","11":"tag-agressee","12":"tag-breakingnews","13":"tag-deux","14":"tag-domicile","15":"tag-eu","16":"tag-europe","17":"tag-faits-divers-justice","18":"tag-fr","19":"tag-france","20":"tag-marseille","21":"tag-news","22":"tag-nonagenaire","23":"tag-provence-alpes-cote-dazur","24":"tag-republique-francaise","25":"tag-son","26":"tag-une"},"share_on_mastodon":{"url":"https:\/\/pubeurope.com\/@fr\/114817196609446792","error":""},"_links":{"self":[{"href":"https:\/\/www.europesays.com\/fr\/wp-json\/wp\/v2\/posts\/234915","targetHints":{"allow":["GET"]}}],"collection":[{"href":"https:\/\/www.europesays.com\/fr\/wp-json\/wp\/v2\/posts"}],"about":[{"href":"https:\/\/www.europesays.com\/fr\/wp-json\/wp\/v2\/types\/post"}],"author":[{"embeddable":true,"href":"https:\/\/www.europesays.com\/fr\/wp-json\/wp\/v2\/users\/2"}],"replies":[{"embeddable":true,"href":"https:\/\/www.europesays.com\/fr\/wp-json\/wp\/v2\/comments?post=234915"}],"version-history":[{"count":0,"href":"https:\/\/www.europesays.com\/fr\/wp-json\/wp\/v2\/posts\/234915\/revisions"}],"wp:featuredmedia":[{"embeddable":true,"href":"https:\/\/www.europesays.com\/fr\/wp-json\/wp\/v2\/media\/234916"}],"wp:attachment":[{"href":"https:\/\/www.europesays.com\/fr\/wp-json\/wp\/v2\/media?parent=234915"}],"wp:term":[{"taxonomy":"category","embeddable":true,"href":"https:\/\/www.europesays.com\/fr\/wp-json\/wp\/v2\/categories?post=234915"},{"taxonomy":"post_tag","embeddable":true,"href":"https:\/\/www.europesays.com\/fr\/wp-json\/wp\/v2\/tags?post=234915"}],"curies":[{"name":"wp","href":"https:\/\/api.w.org\/{rel}","templated":true}]}}