{"id":234917,"date":"2025-07-08T10:42:13","date_gmt":"2025-07-08T10:42:13","guid":{"rendered":"https:\/\/www.europesays.com\/fr\/234917\/"},"modified":"2025-07-08T10:42:13","modified_gmt":"2025-07-08T10:42:13","slug":"un-violent-incendie-ravage-pres-de-cinq-hectares-aux-portes-de-marseille","status":"publish","type":"post","link":"https:\/\/www.europesays.com\/fr\/234917\/","title":{"rendered":"un violent incendie ravage pr\u00e8s de cinq hectares aux portes de Marseille"},"content":{"rendered":"<p>Alors que les pompiers \u00e9taient en alerte maximum en raison de la s\u00e9cheresse des sols et d\u2019un fort mistral, un feu s\u2019est d\u00e9clar\u00e9 en bordure d\u2019autoroute aux Pennes-Mirabeau. L\u2019incendie se dirige vers Marseille. Pr\u00e8s de cinq hectares ont \u00e9t\u00e9 br\u00fbl\u00e9s en une heure.<\/p>\n<p class=\"fig-paragraph\">C\u2019\u00e9tait le scenario redout\u00e9 par les<a href=\"http:\/\/www.lefigaro.fr\/marseille\/on-vit-ici-avec-la-peur-de-l-incendie-dans-les-calanques-de-marseille-les-pompiers-s-entrainent-a-lutter-contre-des-feux-extremes-20250608\" data-fig-type=\"NewsFlash\" data-gtm-custom-categorie=\"navigation\" data-gtm-custom-action=\"crossclick\" data-gtm-custom-label=\"Contextuel\" data-gtm-event=\"customEventSPE\" data-fig-domain=\"LEFIGARO\" target=\"_blank\" rel=\"noopener\">\u00a0sapeurs-pompiers<\/a>\u00a0des Bouches-du-Rh\u00f4ne ce mardi. Un violent\u00a0<a href=\"http:\/\/www.lefigaro.fr\/international\/2300-hectares-brules-armee-mobilisee-et-habitants-confines-les-images-de-l-incendie-devastateur-pres-de-tarragone-en-espagne-20250708\" data-fig-type=\"NewsFlash\" data-gtm-custom-categorie=\"navigation\" data-gtm-custom-action=\"crossclick\" data-gtm-custom-label=\"Contextuel\" data-gtm-event=\"customEventSPE\" data-fig-domain=\"LEFIGARO\" target=\"_blank\" rel=\"noopener\">feu\u00a0<\/a>s\u2019est d\u00e9clar\u00e9 ce matin \u00e0 10h50 en bordure de l\u2019autoroute A552, sur la commune des Pennes-Mirabeau, pr\u00e8s de Marseille. L\u2019incendie s\u2019est propag\u00e9 tr\u00e8s rapidement jusqu\u2019\u00e0 menacer les quartiers nord de la cit\u00e9 phoc\u00e9enne, ont annonc\u00e9 les sapeurs-pompiers des Bouches-du-Rh\u00f4ne.<\/p>\n<p>Une habitation prot\u00e9g\u00e9e<\/p>\n<p class=\"fig-paragraph\">Les flammes sont parties \u00e0 proximit\u00e9 du tunnel des quatre vents en raison d\u2019un feu de v\u00e9hicule sur l\u2019autoroute. Elles se dirigent d\u00e9sormais sous l\u2019effet du fort mistral qui souffle dans la zone vers les quartiers sud des Pennes-Mirabeau et les quartiers nord de Marseille.\u00a0Selon les pompiers, entre 4 et cinq hectares sont partis en fum\u00e9e en une heure.<\/p>\n<p>                                    <a class=\"fig-a11y-skip a11y-hidden\" href=\"#fig-a11y-skip-main-inarticle\"><br \/>\n        Passer la publicit\u00e9<br \/>\n    <\/a><\/p>\n<p class=\"fig-paragraph\">\u00abPour l\u2019instant, aucune habitation n\u2019est impact\u00e9e\u00bb, font savoir les sapeurs-pompiers des Bouches-du-Rh\u00f4ne, qui pr\u00e9cisent toutefois avoir prot\u00e9g\u00e9 une habitation par mesure de s\u00e9curit\u00e9. Pr\u00e8s de 125 pompiers sont mobilis\u00e9s sur le sinistre avec 50 engins, dont un h\u00e9licopt\u00e8re bombardier d\u2019eau et un Dash.<\/p>\n","protected":false},"excerpt":{"rendered":"Alors que les pompiers \u00e9taient en alerte maximum en raison de la s\u00e9cheresse des sols et d\u2019un fort&hellip;\n","protected":false},"author":2,"featured_media":234918,"comment_status":"","ping_status":"","sticky":false,"template":"","format":"standard","meta":{"footnotes":""},"categories":[2814],"tags":[1111,11,6955,1777,674,1011,27,1310,884,12,882,25],"class_list":{"0":"post-234917","1":"post","2":"type-post","3":"status-publish","4":"format-standard","5":"has-post-thumbnail","7":"category-marseille","8":"tag-actu","9":"tag-actualites","10":"tag-autoroute","11":"tag-eu","12":"tag-europe","13":"tag-fr","14":"tag-france","15":"tag-incendie","16":"tag-marseille","17":"tag-news","18":"tag-provence-alpes-cote-dazur","19":"tag-republique-francaise"},"share_on_mastodon":{"url":"https:\/\/pubeurope.com\/@fr\/114817200677010219","error":""},"_links":{"self":[{"href":"https:\/\/www.europesays.com\/fr\/wp-json\/wp\/v2\/posts\/234917","targetHints":{"allow":["GET"]}}],"collection":[{"href":"https:\/\/www.europesays.com\/fr\/wp-json\/wp\/v2\/posts"}],"about":[{"href":"https:\/\/www.europesays.com\/fr\/wp-json\/wp\/v2\/types\/post"}],"author":[{"embeddable":true,"href":"https:\/\/www.europesays.com\/fr\/wp-json\/wp\/v2\/users\/2"}],"replies":[{"embeddable":true,"href":"https:\/\/www.europesays.com\/fr\/wp-json\/wp\/v2\/comments?post=234917"}],"version-history":[{"count":0,"href":"https:\/\/www.europesays.com\/fr\/wp-json\/wp\/v2\/posts\/234917\/revisions"}],"wp:featuredmedia":[{"embeddable":true,"href":"https:\/\/www.europesays.com\/fr\/wp-json\/wp\/v2\/media\/234918"}],"wp:attachment":[{"href":"https:\/\/www.europesays.com\/fr\/wp-json\/wp\/v2\/media?parent=234917"}],"wp:term":[{"taxonomy":"category","embeddable":true,"href":"https:\/\/www.europesays.com\/fr\/wp-json\/wp\/v2\/categories?post=234917"},{"taxonomy":"post_tag","embeddable":true,"href":"https:\/\/www.europesays.com\/fr\/wp-json\/wp\/v2\/tags?post=234917"}],"curies":[{"name":"wp","href":"https:\/\/api.w.org\/{rel}","templated":true}]}}