{"id":234921,"date":"2025-07-08T10:44:12","date_gmt":"2025-07-08T10:44:12","guid":{"rendered":"https:\/\/www.europesays.com\/fr\/234921\/"},"modified":"2025-07-08T10:44:12","modified_gmt":"2025-07-08T10:44:12","slug":"reseau-tcl-une-nouvelle-station-en-service-a-chassieu-sur-la-ligne-t5","status":"publish","type":"post","link":"https:\/\/www.europesays.com\/fr\/234921\/","title":{"rendered":"R\u00e9seau TCL. Une nouvelle station en service \u00e0 Chassieu sur la ligne T5"},"content":{"rendered":"<p><img loading=\"lazy\" decoding=\"async\" alt=\"\u00a9 Photo fournie par Sytral mobilit\u00e9s - Depuis la nouvelle station &quot;Chassieu ZAC du Ch\u00eane&quot;, les usagers de la ligne de tramway T5 peuvent rejoindre Grange Blanche en 17 minutes.\" data-zoom-src=\"https:\/\/www.europesays.com\/fr\/wp-content\/uploads\/2025\/07\/initial-sytral-tram-t5-nouvelle-station-chassieu-zac-du-chene.jpg\" data-zoomable=\"\" height=\"702\" src=\"https:\/\/www.europesays.com\/fr\/wp-content\/uploads\/2025\/07\/initial-sytral-tram-t5-nouvelle-station-chassieu-zac-du-chene.jpg\" width=\"1248\"\/>  <\/p>\n<p class=\"article-desc\">\u00a9 Photo fournie par Sytral mobilit\u00e9s &#8211; Depuis la nouvelle station \u00ab\u00a0Chassieu ZAC du Ch\u00eane\u00a0\u00bb, les usagers de la ligne de tramway T5 peuvent rejoindre Grange Blanche en 17 minutes. <\/p>\n<p>Le secteur de la <strong>Zac du Ch\u00eane \u00e0 Chassieu<\/strong> compte quelque 170 entreprises qui emploient environ 4 000 employ\u00e9s. Pour mieux desservir ce site \u00e9conomique majeur, <strong>Sytral mobilit\u00e9s <\/strong>a cr\u00e9\u00e9 une <strong>nouvelle station de tramway <\/strong>\u00ab\u00a0Chassieu ZAC du Ch\u00eane\u00a0\u00bb, entre les arr\u00eats \u00ab\u00a0Parc du Ch\u00eane\u00a0\u00bb et \u00ab\u00a0Eurexpo\u00a0\u00bb sur la<strong> ligne T5<\/strong> qui enregistre 8 000 voyages chaque jour. <\/p>\n<p>Nouvelle station \u00ab\u00a0Chassieu ZAC du Ch\u00eane\u00a0\u00bb : les usagers de TCL peuvent rejoindre Grange-Blanche en moins de 20 minutes <\/p>\n<p>\u00ab\u00a0D\u00e9velopper un r\u00e9seau multimodal, attractif et maill\u00e9 est essentiel pour permettre l&rsquo;usage des transports en commun et offrir une r\u00e9elle alternative \u00e0 la voiture individuelle. Mais il s&rsquo;agit aussi d&rsquo;accompagner le d\u00e9veloppement \u00e9conomique des zones d&rsquo;activit\u00e9 majeures en offrant une desserte adapt\u00e9e et performante aux salari\u00e9s\u00a0\u00bb, explique Bruno Bernard, pr\u00e9sident de Sytral mobilit\u00e9s. <\/p>\n<p>D\u00e9sormais, les usagers peuvent r<strong>ejoindre Grange Blanche en 17 minutes <\/strong>avec un <strong>tramway toutes les 13 minutes en heures de pointe<\/strong>. Le montant des travaux d&rsquo;implantation de cette nouvelle station s&rsquo;\u00e9l\u00e8ve \u00e0<strong> 1,2 million d&rsquo;euros<\/strong>. <\/p>\n<p>Poste de commandement du Carr\u00e9 de Soie : un r\u00e9gulateur d\u00e9di\u00e9 aux lignes fortes C3 et C23 <img decoding=\"async\" alt=\"\" class=\"img-size-full\" data-zoomable=\"\" height=\"1185\" loading=\"lazy\" src=\"https:\/\/www.europesays.com\/fr\/wp-content\/uploads\/2025\/07\/sytral-pc-bus.jpg\" width=\"2000\"\/> \u00a9 Photo fournie par Sytral mobilit\u00e9s &#8211; Le nouveau poste de commandement pour superviser la circulation des bus est actif tous les jours de 4h \u00e0 1h30. <\/p>\n<p>Pour am\u00e9liorer l&rsquo;exploitation des bus, un <strong>nouveau poste de commandement<\/strong>, op\u00e9r\u00e9 par Keolis bus Lyon, a \u00e9t\u00e9 mis en service mi-juin dans le <strong>quartier du Carr\u00e9 de Soie \u00e0 Villeurbanne<\/strong>.<\/p>\n<p>Dans cette installation op\u00e9rationnelle <strong>tous les jours de 4h \u00e0 1h30<\/strong>, une quarantaine de personnes se relaie pour <strong>superviser la circulation des bus<\/strong> et r\u00e9agir aux al\u00e9as, gr\u00e2ce \u00e0 un mur \u00e9quip\u00e9 de sept \u00e9crans diffusant des cartographies et informations d&rsquo;exploitation.<\/p>\n<p>La nouvelle organisation repose sur un superviseur, avec trois agents d\u00e9di\u00e9s, en lien op\u00e9rationnel avec 23 r\u00e9gulateurs qui tiennent sept postes de r\u00e9gulation en temps r\u00e9el. A noter que les<strong> lignes fortes C3 et C23<\/strong> b\u00e9n\u00e9ficient d&rsquo;un<strong> r\u00e9gulateur d\u00e9di\u00e9<\/strong>. <\/p>\n<p>Pour garantir la bonne marche du r\u00e9seau bus, les r\u00e9gulateurs sont en contact par radiot\u00e9l\u00e9phone avec les conducteurs de bus, le personnel sur le terrain et dans les d\u00e9p\u00f4ts. Deux op\u00e9rateurs d&rsquo;Information Voyageurs sont charg\u00e9s de communiquer en direct aupr\u00e8s des usagers via diff\u00e9rents outils : messages sonores, \u00e9crans dans les bus, bornes d&rsquo;informations aux arr\u00eats et application TCL. <\/p>\n<p>D\u00e9placements dans la m\u00e9tropole lyonnaise : une grande enqu\u00eate mobilit\u00e9 aupr\u00e8s de 30 000 personnes <\/p>\n<p>Sytral mobilit\u00e9s s&rsquo;appr\u00eate aussi \u00e0 lancer une <strong>grande enqu\u00eate mobilit\u00e9<\/strong>, en partenariat avec une vingtaine de territoires et d&rsquo;acteurs publics dans <strong>564 communes des territoires lyonnais <\/strong>et des <strong>d\u00e9partements de l&rsquo;Ain et de l&rsquo;Is\u00e8re<\/strong>.<\/p>\n<p>Objectif : <strong>comprendre les d\u00e9placements quotidiens <\/strong>de quelque 2,5 millions d&rsquo;habitants pour mieux <strong>r\u00e9pondre \u00e0 leurs besoins<\/strong>. Cette enqu\u00eate d&rsquo;utilit\u00e9 publique, r\u00e9alis\u00e9e tous les dix ans, permettra d&rsquo;interroger en face \u00e0 face ou par t\u00e9l\u00e9phone 30 000 personnes, soit 1 \u00e0 2 % des habitants de chaque secteur. <\/p>\n<p>Les m\u00e9nages concern\u00e9s sont<strong> tir\u00e9s au sort<\/strong>, \u00e0 partir d&rsquo;une base de donn\u00e9es de la Direction g\u00e9n\u00e9rale des finances publiques, et tous les membres du foyer seront questionn\u00e9s sur l&rsquo;ensemble de leurs d\u00e9placements de la veille (origine, destination, mode et motif de d\u00e9placement\u2026). <\/p>\n<p>La collecte des donn\u00e9es aura lieu<strong> entre novembre 2025 et avril 2026<\/strong>. Les premiers r\u00e9sultats seront disponibles fin 2026, avec une publication compl\u00e8te au premier semestre 2027.<\/p>\n","protected":false},"excerpt":{"rendered":"\u00a9 Photo fournie par Sytral mobilit\u00e9s &#8211; Depuis la nouvelle station \u00ab\u00a0Chassieu ZAC du Ch\u00eane\u00a0\u00bb, les usagers de&hellip;\n","protected":false},"author":2,"featured_media":234922,"comment_status":"","ping_status":"","sticky":false,"template":"","format":"standard","meta":{"footnotes":""},"categories":[1889],"tags":[1111,11,2430,1777,674,1011,27,2428,7690,12,25,32563,10213,2216],"class_list":{"0":"post-234921","1":"post","2":"type-post","3":"status-publish","4":"format-standard","5":"has-post-thumbnail","7":"category-lyon","8":"tag-actu","9":"tag-actualites","10":"tag-auvergne-rhone-alpes","11":"tag-eu","12":"tag-europe","13":"tag-fr","14":"tag-france","15":"tag-lyon","16":"tag-mobilitu00e9","17":"tag-news","18":"tag-republique-francaise","19":"tag-sytral-mobilitu00e9s","20":"tag-tcl","21":"tag-transports-en-commun"},"share_on_mastodon":{"url":"https:\/\/pubeurope.com\/@fr\/114817208490317805","error":""},"_links":{"self":[{"href":"https:\/\/www.europesays.com\/fr\/wp-json\/wp\/v2\/posts\/234921","targetHints":{"allow":["GET"]}}],"collection":[{"href":"https:\/\/www.europesays.com\/fr\/wp-json\/wp\/v2\/posts"}],"about":[{"href":"https:\/\/www.europesays.com\/fr\/wp-json\/wp\/v2\/types\/post"}],"author":[{"embeddable":true,"href":"https:\/\/www.europesays.com\/fr\/wp-json\/wp\/v2\/users\/2"}],"replies":[{"embeddable":true,"href":"https:\/\/www.europesays.com\/fr\/wp-json\/wp\/v2\/comments?post=234921"}],"version-history":[{"count":0,"href":"https:\/\/www.europesays.com\/fr\/wp-json\/wp\/v2\/posts\/234921\/revisions"}],"wp:featuredmedia":[{"embeddable":true,"href":"https:\/\/www.europesays.com\/fr\/wp-json\/wp\/v2\/media\/234922"}],"wp:attachment":[{"href":"https:\/\/www.europesays.com\/fr\/wp-json\/wp\/v2\/media?parent=234921"}],"wp:term":[{"taxonomy":"category","embeddable":true,"href":"https:\/\/www.europesays.com\/fr\/wp-json\/wp\/v2\/categories?post=234921"},{"taxonomy":"post_tag","embeddable":true,"href":"https:\/\/www.europesays.com\/fr\/wp-json\/wp\/v2\/tags?post=234921"}],"curies":[{"name":"wp","href":"https:\/\/api.w.org\/{rel}","templated":true}]}}