{"id":234923,"date":"2025-07-08T10:46:13","date_gmt":"2025-07-08T10:46:13","guid":{"rendered":"https:\/\/www.europesays.com\/fr\/234923\/"},"modified":"2025-07-08T10:46:13","modified_gmt":"2025-07-08T10:46:13","slug":"valerie-pecresse-cest-de-la-non-assistance-a-francilien-en-danger","status":"publish","type":"post","link":"https:\/\/www.europesays.com\/fr\/234923\/","title":{"rendered":"Val\u00e9rie P\u00e9cresse : \u201cC\u2019est de la non-assistance \u00e0 Francilien en danger\u201d"},"content":{"rendered":"<p><img loading=\"lazy\" decoding=\"async\" alt=\"\u00a9 AP - Val\u00e9rie P\u00e9cresse a re\u00e7u le soutien de Bruno Retailleau, notamment.\u00a0\" data-zoom-src=\"https:\/\/www.europesays.com\/fr\/wp-content\/uploads\/2025\/07\/initial-bruno-retailleau-valerie-pecresse.jpg\" data-zoomable=\"\" height=\"702\" src=\"https:\/\/www.europesays.com\/fr\/wp-content\/uploads\/2025\/07\/initial-bruno-retailleau-valerie-pecresse.jpg\" width=\"1248\"\/>  <\/p>\n<p class=\"article-desc\">\u00a9 AP &#8211; Val\u00e9rie P\u00e9cresse a re\u00e7u le soutien de Bruno Retailleau, notamment.\u00a0 <\/p>\n<p>\u201cNous sommes la R\u00e9gion de toutes les violences. Nous sommes la r\u00e9gion des \u00e9meutes urbaines. Nous sommes la r\u00e9gion dans laquelle il y a 84 % des rixes de bandes de France\u2026\u201d Lors de l\u2019inauguration du nouvel h\u00f4tel de police de <strong>Saint-Quentin-en-Yvelines<\/strong>, notamment financ\u00e9 par la R\u00e9gion, <a href=\"https:\/\/mesinfos.fr\/ile-de-france\/valerie-pecresse-je-serai-de-la-bataille-pour-2027-217987.html\" rel=\"noopener nofollow\" target=\"_blank\">Val\u00e9rie P\u00e9cresse<\/a> est revenue sur le recours lanc\u00e9 devant la <strong>justice administrative<\/strong>\u00a0par le groupe d\u2019opposition communiste pour faire <strong>annuler le \u201cbouclier de s\u00e9curit\u00e9\u201d<\/strong>. Quelques heures plus t\u00f4t, elle avait r\u00e9uni <strong>150 maires franciliens de droite<\/strong> au Conseil r\u00e9gional pour pousser un premier cri d\u2019alarme.\u00a0 <\/p>\n<p>Le \u201cbouclier de s\u00e9curit\u00e9\u201d initi\u00e9 en 2016 <\/p>\n<p><strong>Gilets pare-balles, v\u00e9hicules, cam\u00e9ras embarqu\u00e9es\u2026<\/strong> Initi\u00e9 en 2016, \u201cBouclier de s\u00e9curit\u00e9\u201d a \u00e9t\u00e9 cr\u00e9\u00e9 pour \u201cmoderniser les forces de <a href=\"https:\/\/mesinfos.fr\/75000-paris\/securite-la-police-municipale-patrouille-desormais-dans-les-transports-221053.html\" rel=\"noopener nofollow\" target=\"_blank\">police municipale <\/a>d&rsquo;\u00cele-de-France et participer \u00e0 la s\u00e9curisation des espaces publics\u201d.\u00a0 <\/p>\n<p>Rappelant que la R\u00e9gion et les d\u00e9partements apportaient traditionnellement leur soutien aux communes, notamment en mati\u00e8re de s\u00e9curit\u00e9, la pr\u00e9sidente a \u00e9voqu\u00e9 une disposition du Code des collectivit\u00e9s territoriales permettant une intervention \u00e0 titre compl\u00e9mentaire. \u201cL\u2019intention du l\u00e9gislateur \u00e9tait claire : permettre \u00e0 la R\u00e9gion d\u2019agir au b\u00e9n\u00e9fice des habitants, m\u00eame sur des comp\u00e9tences qui ne rel\u00e8vent pas directement d\u2019elle, comme la s\u00e9curit\u00e9\u201d, a-t-elle estim\u00e9.\u00a0<\/p>\n<p>L\u2019enjeu est de taille. Pr\u00e8s de <strong>200 projets municipaux<\/strong> r\u00e9cemment vot\u00e9s pourraient, selon la pr\u00e9sidente, \u00eatre remis en cause si le tribunal donnait raison aux requ\u00e9rants. <\/p>\n<p>Val\u00e9rie P\u00e9cresse repousse un cri <\/p>\n<p>\u201cJe repousse mon cri. Nous avons fait une note en d\u00e9lib\u00e9r\u00e9 au juge pour plaider notre cause, pour montrer que l&rsquo;intention du l\u00e9gislateur, c&rsquo;\u00e9tait vraiment que la R\u00e9gion puisse intervenir en soutien des communes pour tous les <strong>services service public de proximit\u00e9<\/strong> et \u00e9videmment pour la s\u00e9curit\u00e9. C\u2019est le premier service de proximit\u00e9 dont les Franciliens ont besoin et dont d\u00e9coulent les autres\u201d, a poursuivi <strong>Val\u00e9rie P\u00e9cresse<\/strong>, appelant Bruno Retailleau \u00e0 la soutenir.\u00a0 <\/p>\n<p>Selon elle, l&rsquo;\u00c9tat ne pourra pas, dans la p\u00e9riode actuelle, se substituer \u201caux <strong>40 millions d&rsquo;euros<\/strong> que la R\u00e9gion met chaque ann\u00e9e sur les lignes s\u00e9curit\u00e9\u201d.\u00a0<\/p>\n<p>Allant dans le sens de la pr\u00e9sidente, le ministre de l\u2019Int\u00e9rieur a dit ne pas conna\u00eetre de R\u00e9gion en France qui contribue autant \u00e0 la s\u00e9curit\u00e9. \u201cS\u2019il n&rsquo;y a pas un coude \u00e0 coude entre les <strong>forces de s\u00e9curit\u00e9 int\u00e9rieure<\/strong>, l&rsquo;\u00c9tat, les collectivit\u00e9s et la justice, chacun au bon endroit, mais chacun main dans la main, cela n&rsquo;est plus possible. On ne ram\u00e8nera pas l\u2019ordre public en France sans ce c<strong>ontinuum de s\u00e9curit\u00e9<\/strong>\u201d, a-t-il appuy\u00e9.\u00a0 <\/p>\n<p>Comme le ministre l&rsquo;a expliqu\u00e9, si le tribunal administratif venait \u00e0 annuler le dispositif, une disposition l\u00e9gislative pourrait \u00eatre introduite \u00e0 l&rsquo;automne pour permettre aux collectivit\u00e9s de cofinancer des actions de s\u00e9curit\u00e9 aux c\u00f4t\u00e9s de l\u2019\u00c9tat. \u201cAu del\u00e0 des arguties juridiques, c&rsquo;est de la non-assistance \u00e0 Francilien en danger\u201d, a finalement point\u00e9 <a href=\"https:\/\/mesinfos.fr\/77190-dammarie-les-lys\/valerie-pecresse-vient-defendre-son-action-en-seine-et-marne-217968.html\" rel=\"noopener nofollow\" target=\"_blank\">Val\u00e9rie P\u00e9cresse<\/a>.\u00a0<\/p>\n","protected":false},"excerpt":{"rendered":"\u00a9 AP &#8211; Val\u00e9rie P\u00e9cresse a re\u00e7u le soutien de Bruno Retailleau, notamment.\u00a0 \u201cNous sommes la R\u00e9gion de&hellip;\n","protected":false},"author":2,"featured_media":234924,"comment_status":"","ping_status":"","sticky":false,"template":"","format":"standard","meta":{"footnotes":""},"categories":[1592],"tags":[1111,11,1777,674,1011,27,662,12,626,2872,4843,25],"class_list":{"0":"post-234923","1":"post","2":"type-post","3":"status-publish","4":"format-standard","5":"has-post-thumbnail","7":"category-ile-de-france","8":"tag-actu","9":"tag-actualites","10":"tag-eu","11":"tag-europe","12":"tag-fr","13":"tag-france","14":"tag-ile-de-france","15":"tag-news","16":"tag-paris","17":"tag-police-municipale","18":"tag-police-nationale","19":"tag-republique-francaise"},"share_on_mastodon":{"url":"https:\/\/pubeurope.com\/@fr\/114817216280523743","error":""},"_links":{"self":[{"href":"https:\/\/www.europesays.com\/fr\/wp-json\/wp\/v2\/posts\/234923","targetHints":{"allow":["GET"]}}],"collection":[{"href":"https:\/\/www.europesays.com\/fr\/wp-json\/wp\/v2\/posts"}],"about":[{"href":"https:\/\/www.europesays.com\/fr\/wp-json\/wp\/v2\/types\/post"}],"author":[{"embeddable":true,"href":"https:\/\/www.europesays.com\/fr\/wp-json\/wp\/v2\/users\/2"}],"replies":[{"embeddable":true,"href":"https:\/\/www.europesays.com\/fr\/wp-json\/wp\/v2\/comments?post=234923"}],"version-history":[{"count":0,"href":"https:\/\/www.europesays.com\/fr\/wp-json\/wp\/v2\/posts\/234923\/revisions"}],"wp:featuredmedia":[{"embeddable":true,"href":"https:\/\/www.europesays.com\/fr\/wp-json\/wp\/v2\/media\/234924"}],"wp:attachment":[{"href":"https:\/\/www.europesays.com\/fr\/wp-json\/wp\/v2\/media?parent=234923"}],"wp:term":[{"taxonomy":"category","embeddable":true,"href":"https:\/\/www.europesays.com\/fr\/wp-json\/wp\/v2\/categories?post=234923"},{"taxonomy":"post_tag","embeddable":true,"href":"https:\/\/www.europesays.com\/fr\/wp-json\/wp\/v2\/tags?post=234923"}],"curies":[{"name":"wp","href":"https:\/\/api.w.org\/{rel}","templated":true}]}}