{"id":234929,"date":"2025-07-08T10:49:10","date_gmt":"2025-07-08T10:49:10","guid":{"rendered":"https:\/\/www.europesays.com\/fr\/234929\/"},"modified":"2025-07-08T10:49:10","modified_gmt":"2025-07-08T10:49:10","slug":"three-days-grace-nouvelle-date-parisienne-au-bataclan-en-decembre-2025-news-rockurlife","status":"publish","type":"post","link":"https:\/\/www.europesays.com\/fr\/234929\/","title":{"rendered":"Three Days Grace : nouvelle date parisienne au Bataclan en d\u00e9cembre 2025 ! &#8211; News &#8211; RockUrLife"},"content":{"rendered":"<p>Les fans fran\u00e7ais de\u00a0<strong>Three Days Grace<\/strong>\u00a0ont r\u00e9pondu pr\u00e9sents\u2026 et m\u00eame au-del\u00e0 des esp\u00e9rances ! Alors que la premi\u00e8re date parisienne du groupe canadien, pr\u00e9vue le\u00a0<a href=\"https:\/\/www.rockurlife.net\/news\/three-days-grace-en-concert-au-trianon-de-paris-en-decembre-2025\/\" rel=\"nofollow noopener\" target=\"_blank\">6 d\u00e9cembre 2025 au<strong> Trianon<\/strong><\/a>, affiche d\u00e9j\u00e0\u00a0<strong>complet<\/strong>, la formation rock alternatif annonce dans la foul\u00e9e une\u00a0deuxi\u00e8me date exceptionnelle dans la capitale !<\/p>\n<p>Cette fois-ci, le rendez-vous se tiendra dans l\u2019\u00e9crin du\u00a0<strong>Bataclan<\/strong>, le\u00a0<strong>15 d\u00e9cembre prochain<\/strong>.<\/p>\n<p>Ce concert suppl\u00e9mentaire s\u2019inscrit dans la\u00a0tourn\u00e9e europ\u00e9enne du <a href=\"https:\/\/www.rockurlife.net\/news\/three-days-grace-annonce-le-retour-de-son-chanteur-originel-adam-gontier\/\" rel=\"nofollow noopener\" target=\"_blank\">grand retour d\u2019<strong>Adam Gontier<\/strong><\/a>, vocaliste originel du groupe, d\u00e9sormais \u00e9paul\u00e9 sur sc\u00e8ne par\u00a0<strong>Matt Walst<\/strong>. Une combinaison in\u00e9dite de voix et d\u2019\u00e9nergie brute qui insuffle une nouvelle dimension aux classiques comme\u00a0\u201cRiot\u201d,\u00a0\u201cPain\u201d,\u00a0\u201cNever Too Late\u201d\u00a0ou\u00a0\u201cAnimal I Have Become\u201d, tout en donnant corps \u00e0 l\u2019avenir de la formation avec des titres r\u00e9cents tels que les derniers singles \u201c<a href=\"https:\/\/www.rockurlife.net\/news\/three-days-grace-nouveau-single-mayday\/\" rel=\"nofollow noopener\" target=\"_blank\">Mayday<\/a>\u201d, \u201c<a href=\"https:\/\/www.rockurlife.net\/news\/three-days-grace-annonce-son-nouvel-album-alienation-nouveau-single-apologies\/\" rel=\"nofollow noopener\" target=\"_blank\">Apologies<\/a>\u201d et le r\u00e9cent \u201c<a href=\"https:\/\/www.rockurlife.net\/news\/three-days-grace-nouveau-single-dominate\/\" rel=\"nofollow noopener\" target=\"_blank\">Dominate<\/a>\u201d, tous extraits du nouvel album <strong><a href=\"https:\/\/www.rockurlife.net\/news\/three-days-grace-annonce-son-nouvel-album-alienation-nouveau-single-apologies\/\" rel=\"nofollow noopener\" target=\"_blank\">Alienation<\/a><\/strong> attendu pour le 22 ao\u00fbt via <strong>RCA Records<\/strong>.<\/p>\n<p>Cette deuxi\u00e8me date au\u00a0<strong>Bataclan<\/strong>, plus intime mais tout aussi \u00e9lectrique, s\u2019annonce comme une\u00a0nouvelle occasion inesp\u00e9r\u00e9e\u00a0de vibrer au rythme du comeback fulgurant de <strong>Three Days Grace<\/strong>, dans une salle mythique parisienne.<\/p>\n<p>Pr\u00e9vente exclusive\u00a0d\u00e8s le\u00a0mercredi 9 juillet \u00e0 11h, <a href=\"http:\/\/bit.ly\/ThreeDaysGrace_Bataclan25\" rel=\"nofollow noopener\" target=\"_blank\">ici<\/a>. Mise en vente g\u00e9n\u00e9rale\u00a0le\u00a0jeudi 10 juillet \u00e0 11h\u00a0dans tous les points de vente habituels.<\/p>\n<p>Deux salles, deux ambiances, une m\u00eame intensit\u00e9 : la d\u00e9ferlante <strong>Three Days Grace<\/strong> est bel et bien de retour.<\/p>\n<p><img loading=\"lazy\" decoding=\"async\" width=\"683\" height=\"1024\" src=\"https:\/\/www.europesays.com\/fr\/wp-content\/uploads\/2025\/07\/IMG_1260-683x1024.jpeg\" alt=\"\" class=\"wp-image-224003\"\/><\/p>\n","protected":false},"excerpt":{"rendered":"Les fans fran\u00e7ais de\u00a0Three Days Grace\u00a0ont r\u00e9pondu pr\u00e9sents\u2026 et m\u00eame au-del\u00e0 des esp\u00e9rances ! Alors que la premi\u00e8re&hellip;\n","protected":false},"author":2,"featured_media":234930,"comment_status":"","ping_status":"","sticky":false,"template":"","format":"standard","meta":{"footnotes":""},"categories":[1888],"tags":[11,18543,1777,674,1011,27,12,626,25,37357],"class_list":{"0":"post-234929","1":"post","2":"type-post","3":"status-publish","4":"format-standard","5":"has-post-thumbnail","7":"category-paris","8":"tag-actualites","9":"tag-bataclan","10":"tag-eu","11":"tag-europe","12":"tag-fr","13":"tag-france","14":"tag-news","15":"tag-paris","16":"tag-republique-francaise","17":"tag-three-days-grace"},"share_on_mastodon":{"url":"https:\/\/pubeurope.com\/@fr\/114817228062099353","error":""},"_links":{"self":[{"href":"https:\/\/www.europesays.com\/fr\/wp-json\/wp\/v2\/posts\/234929","targetHints":{"allow":["GET"]}}],"collection":[{"href":"https:\/\/www.europesays.com\/fr\/wp-json\/wp\/v2\/posts"}],"about":[{"href":"https:\/\/www.europesays.com\/fr\/wp-json\/wp\/v2\/types\/post"}],"author":[{"embeddable":true,"href":"https:\/\/www.europesays.com\/fr\/wp-json\/wp\/v2\/users\/2"}],"replies":[{"embeddable":true,"href":"https:\/\/www.europesays.com\/fr\/wp-json\/wp\/v2\/comments?post=234929"}],"version-history":[{"count":0,"href":"https:\/\/www.europesays.com\/fr\/wp-json\/wp\/v2\/posts\/234929\/revisions"}],"wp:featuredmedia":[{"embeddable":true,"href":"https:\/\/www.europesays.com\/fr\/wp-json\/wp\/v2\/media\/234930"}],"wp:attachment":[{"href":"https:\/\/www.europesays.com\/fr\/wp-json\/wp\/v2\/media?parent=234929"}],"wp:term":[{"taxonomy":"category","embeddable":true,"href":"https:\/\/www.europesays.com\/fr\/wp-json\/wp\/v2\/categories?post=234929"},{"taxonomy":"post_tag","embeddable":true,"href":"https:\/\/www.europesays.com\/fr\/wp-json\/wp\/v2\/tags?post=234929"}],"curies":[{"name":"wp","href":"https:\/\/api.w.org\/{rel}","templated":true}]}}