{"id":23493,"date":"2025-04-14T02:20:14","date_gmt":"2025-04-14T02:20:14","guid":{"rendered":"https:\/\/www.europesays.com\/fr\/23493\/"},"modified":"2025-04-14T02:20:14","modified_gmt":"2025-04-14T02:20:14","slug":"smartphones-limpossible-made-in-usa-journal-de-20-heures","status":"publish","type":"post","link":"https:\/\/www.europesays.com\/fr\/23493\/","title":{"rendered":"Smartphones : l&rsquo;impossible made in USA ? &#8211; Journal de 20 heures"},"content":{"rendered":"<p id=\"descriptionPanel\" aria-labelledby=\"descriptionArrow\" aria-expanded=\"false\" class=\"mr-2 line-clamp-2 pr-2.5 text-secondary overflow-visible\">Alors qu&rsquo;il y a 11 jours, Donald Trump annonce vouloir s&rsquo;attaquer \u00e0 la mondialisation en taxant \u00e0 tour de bras, l&rsquo;un des produits am\u00e9ricains les plus mondialis\u00e9s l&rsquo;oblige \u00e0 r\u00e9trop\u00e9daler. Hier, il a sorti les smartphones et les ordinateurs de la liste des produits chinois soumis \u00e0 la taxe de 145%. Les consommateurs am\u00e9ricains sont soulag\u00e9s, les iPhones auraient co\u00fbt\u00e9 30% plus cher. L&rsquo;industrie du smartphone est totalement d\u00e9localis\u00e9e depuis les ann\u00e9es 90, emp\u00eachant les \u00c9tats-Unis de se passer de l&rsquo;Asie.<\/p>\n<p>TF1 | Reportage S. PINATEL, J. JANKOWSKI <\/p>\n<p><a class=\"shrink-0\" href=\"https:\/\/www.tf1.fr\/tf1\/jt-20h\" target=\"_blank\" rel=\"noopener\"><img decoding=\"async\" src=\"https:\/\/www.europesays.com\/fr\/wp-content\/uploads\/2025\/04\/program-card-portrait-1-jt20h-btcb-f6f521-4e55c9-0@1x.jpg\" width=\"138\" height=\"184\" alt=\"Journal de 20 heures\" loading=\"eager\" fetchpriority=\"auto\" class=\"aspect-[3\/4] h-24 w-auto rounded-3px\"\/><\/a><\/p>\n","protected":false},"excerpt":{"rendered":"Alors qu&rsquo;il y a 11 jours, Donald Trump annonce vouloir s&rsquo;attaquer \u00e0 la mondialisation en taxant \u00e0 tour&hellip;\n","protected":false},"author":2,"featured_media":23494,"comment_status":"","ping_status":"","sticky":false,"template":"","format":"standard","meta":{"footnotes":""},"categories":[1589],"tags":[11,73,1866,3483,3697,3699,3698,12,3701,1864,1865,1863,308,3702,3700],"class_list":{"0":"post-23493","1":"post","2":"type-post","3":"status-publish","4":"format-standard","5":"has-post-thumbnail","7":"category-etats-unis","8":"tag-actualites","9":"tag-etats-unis","10":"tag-etats-unis-damerique","11":"tag-extrait","12":"tag-extrait-journal-de-20-heures","13":"tag-journal-de-20-heures","14":"tag-journal-de-20-heures-extrait","15":"tag-news","16":"tag-streaming-journal-de-20-heures","17":"tag-united-states","18":"tag-united-states-of-america","19":"tag-us","20":"tag-usa","21":"tag-video-en-streaming-journal-de-20-heures","22":"tag-video-journal-de-20-heures"},"share_on_mastodon":{"url":"https:\/\/pubeurope.com\/@fr\/114333930171859123","error":""},"_links":{"self":[{"href":"https:\/\/www.europesays.com\/fr\/wp-json\/wp\/v2\/posts\/23493","targetHints":{"allow":["GET"]}}],"collection":[{"href":"https:\/\/www.europesays.com\/fr\/wp-json\/wp\/v2\/posts"}],"about":[{"href":"https:\/\/www.europesays.com\/fr\/wp-json\/wp\/v2\/types\/post"}],"author":[{"embeddable":true,"href":"https:\/\/www.europesays.com\/fr\/wp-json\/wp\/v2\/users\/2"}],"replies":[{"embeddable":true,"href":"https:\/\/www.europesays.com\/fr\/wp-json\/wp\/v2\/comments?post=23493"}],"version-history":[{"count":0,"href":"https:\/\/www.europesays.com\/fr\/wp-json\/wp\/v2\/posts\/23493\/revisions"}],"wp:featuredmedia":[{"embeddable":true,"href":"https:\/\/www.europesays.com\/fr\/wp-json\/wp\/v2\/media\/23494"}],"wp:attachment":[{"href":"https:\/\/www.europesays.com\/fr\/wp-json\/wp\/v2\/media?parent=23493"}],"wp:term":[{"taxonomy":"category","embeddable":true,"href":"https:\/\/www.europesays.com\/fr\/wp-json\/wp\/v2\/categories?post=23493"},{"taxonomy":"post_tag","embeddable":true,"href":"https:\/\/www.europesays.com\/fr\/wp-json\/wp\/v2\/tags?post=23493"}],"curies":[{"name":"wp","href":"https:\/\/api.w.org\/{rel}","templated":true}]}}