{"id":234935,"date":"2025-07-08T10:52:39","date_gmt":"2025-07-08T10:52:39","guid":{"rendered":"https:\/\/www.europesays.com\/fr\/234935\/"},"modified":"2025-07-08T10:52:39","modified_gmt":"2025-07-08T10:52:39","slug":"guerre-en-ukraine-au-moins-9-morts-civils-et-81-blesses-dans-des-attaques-russes-a-travers-lukraine-ces-dernieres-24-heures","status":"publish","type":"post","link":"https:\/\/www.europesays.com\/fr\/234935\/","title":{"rendered":"Guerre en Ukraine \u2013 Au moins 9 morts civils et 81 bless\u00e9s dans des attaques russes \u00e0 travers l\u2019Ukraine ces derni\u00e8res 24 heures"},"content":{"rendered":"<p>        12:51<\/p>\n<p>      Le Kremlin juge que la livraison d\u2019armes \u00e0 Kiev favorise \u00abla poursuite des hostilit\u00e9s\u00bb, apr\u00e8s des promesses de Trump<\/p>\n<p>              <a tabindex=\"-1\" title=\"Le Temps avec l\u2019AFP\" href=\"https:\/\/www.letemps.ch\/profil\/le-temps-avec-l-afp\" rel=\"nofollow noopener\" target=\"_blank\"><\/p>\n<p>                    <img decoding=\"async\" src=\"https:\/\/www.europesays.com\/fr\/wp-content\/uploads\/2025\/04\/1744691829_537_small.jpeg\" class=\"lazy\" alt=\"\"\/><\/p>\n<p><\/a>        <\/p>\n<p>Le Kremlin a estim\u00e9 mardi que la livraison d\u2019armes occidentales \u00e0 l\u2019Ukraine favorise \u00abla poursuite des hostilit\u00e9s\u00bb, apr\u00e8s que le pr\u00e9sident am\u00e9ricain Donald Trump a promis d\u2019en envoyer davantage.<\/p>\n<p>\u00abIl est \u00e9vident que ces actions ne s\u2019inscrivent probablement pas dans le cadre des efforts visant \u00e0 promouvoir un r\u00e8glement pacifique\u00bb du conflit en Ukraine, a d\u00e9clar\u00e9 lors de son point presse quotidien le porte-parole de la pr\u00e9sidence russe Dmitri Peskov, selon l\u2019agence d\u2019Etat Ria Novosti. Toute livraison \u00abvise clairement \u00e0 favoriser par tous les moyens la poursuite des hostilit\u00e9s\u00bb, a-t-il ajout\u00e9, \u00e9voquant une ligne \u00abchoisie par les Europ\u00e9ens\u00bb sans citer le pr\u00e9sident am\u00e9ricain.<\/p>\n<p>        11:55<\/p>\n<p>      Le Kremlin se dit \u00abchoqu\u00e9\u00bb par le probable suicide d\u2019un ministre russe limog\u00e9<\/p>\n<p>              <a tabindex=\"-1\" title=\"Le Temps avec l\u2019AFP\" href=\"https:\/\/www.letemps.ch\/profil\/le-temps-avec-l-afp\" rel=\"nofollow noopener\" target=\"_blank\"><\/p>\n<p>                    <img decoding=\"async\" src=\"https:\/\/www.europesays.com\/fr\/wp-content\/uploads\/2025\/04\/1744691829_537_small.jpeg\" class=\"lazy\" alt=\"\"\/><\/p>\n<p><\/a>        <\/p>\n<p>Le Kremlin se dit \u00abchoqu\u00e9\u00bb ce mardi par le suicide apparent du ministre russe des Transports Roman Starovo\u00eft, annonc\u00e9 peu apr\u00e8s son limogeage lundi, et a appel\u00e9 \u00e0 attendre les r\u00e9sultats de l\u2019enqu\u00eate en cours.<\/p>\n<blockquote>\n<p>Cela ne peut que choquer les gens normaux. Naturellement, cela nous a \u00e9galement choqu\u00e9s<\/p>\n<\/blockquote>\n<p>, a d\u00e9clar\u00e9 le porte-parole de la pr\u00e9sidence russe, Dmitri Peskov, selon l\u2019agence d\u2019Etat Tass. \u00abUne enqu\u00eate est en cours et c\u2019est pr\u00e9cis\u00e9ment cette enqu\u00eate qui est cens\u00e9e r\u00e9pondre \u00e0 toutes les questions\u00bb, a-t-il ajout\u00e9, d\u2019apr\u00e8s l\u2019agence Ria Novosti.<\/p>\n<p>        10:52<\/p>\n<p>      Au moins 9 morts civils et 81 bless\u00e9s dans des attaques russes \u00e0 travers l\u2019Ukraine ces derni\u00e8res 24\u00a0heures <\/p>\n<p>              <a tabindex=\"-1\" title=\"Le Temps\" href=\"https:\/\/www.letemps.ch\/profil\/le-temps\" rel=\"nofollow noopener\" target=\"_blank\"><\/p>\n<p>                    <img decoding=\"async\" src=\"https:\/\/www.europesays.com\/fr\/wp-content\/uploads\/2025\/04\/1744691829_934_small.jpeg\" class=\"lazy\" alt=\"\"\/><\/p>\n<p><\/a>        <\/p>\n<p>Au moins 9 civils ont \u00e9t\u00e9 tu\u00e9s et 81 autres bless\u00e9s lors d\u2019attaques russes dans toute l\u2019Ukraine au cours des derni\u00e8res 24\u00a0heures, selon les autorit\u00e9s r\u00e9gionales rapporte <a href=\"https:\/\/kyivindependent.com\/9-killed-81-injured-in-russian-attacks-on-ukraine-over-past-day-06-2025\/\" rel=\"nofollow noopener\" target=\"_blank\">The Kyiv Independent<\/a>.<\/p>\n<p>        09:09<\/p>\n<p>      \u00abJ\u2019ai \u00e9t\u00e9 viol\u00e9e pendant trois jours\u00bb: des policiers enqu\u00eatent sur les crimes de guerre commis en Ukraine<\/p>\n<p>En novembre 2022, apr\u00e8s avoir \u00e9t\u00e9 arr\u00eat\u00e9e par la police pr\u00e8s de Melitopol, Hanna Peklo a \u00e9t\u00e9 viol\u00e9e par un soldat russe. Le D\u00e9partement des crimes de guerre ukrainien a identifi\u00e9 le violeur <a href=\"https:\/\/www.letemps.ch\/monde\/j-ai-ete-violee-pendant-trois-jours-des-policiers-enquetent-sur-les-crimes-de-guerre-commis-en-ukraine\" rel=\"nofollow noopener\" target=\"_blank\">Lire l&rsquo;article<\/a><\/p>\n<p>        07:15<\/p>\n<p>      Les villes ukrainiennes encore bombard\u00e9es par la Russie<\/p>\n<p>              <a tabindex=\"-1\" title=\"Le Temps avec l\u2019AFP\" href=\"https:\/\/www.letemps.ch\/profil\/le-temps-avec-l-afp\" rel=\"nofollow noopener\" target=\"_blank\"><\/p>\n<p>                    <img decoding=\"async\" src=\"https:\/\/www.europesays.com\/fr\/wp-content\/uploads\/2025\/04\/1744691829_537_small.jpeg\" class=\"lazy\" alt=\"\"\/><\/p>\n<p><\/a>        <\/p>\n<p>Les forces russes ont continu\u00e9 mardi \u00e0 bombarder des villes ukrainiennes. Dans la nuit de lundi \u00e0 mardi, l\u2019arm\u00e9e de l\u2019air ukrainienne a rapport\u00e9 la pr\u00e9sence de drones dans les r\u00e9gions septentrionales de Soumy et Kharkiv. Dans le sud du pays, le maire de Mykola\u00efv Oleksandre Senkevytch a fait \u00e9tat sur le r\u00e9seau social <a href=\"https:\/\/t.me\/senkevichonline\/13441\" rel=\"nofollow noopener\" target=\"_blank\">Telegram<\/a> d\u2019une explosion et averti d\u2019une menace de drone. Un homme de 51\u00a0ans a \u00e9t\u00e9 bless\u00e9 en p\u00e9riph\u00e9rie de la ville et hospitalis\u00e9, a indiqu\u00e9 le gouverneur r\u00e9gional Vitaly Kim.<\/p>\n<p>La nuit pr\u00e9c\u00e9dente, Moscou avait envoy\u00e9 101 drones et tir\u00e9 quatre missiles en direction de l\u2019Ukraine, faisant au moins quatre morts et plusieurs dizaines de bless\u00e9s au total dans diff\u00e9rentes r\u00e9gions, selon les autorit\u00e9s ukrainiennes. Deux centres de recrutement militaire, \u00e0 Kharkiv et Zaporijjia (sud) ont notamment \u00e9t\u00e9 touch\u00e9s, faisant quatre bless\u00e9s, selon Kiev.<\/p>\n<p>        04:56<\/p>\n<p>      Des drones rep\u00e9r\u00e9s en Ukraine<\/p>\n<p>              <a tabindex=\"-1\" title=\"Le Temps avec l\u2019AFP\" href=\"https:\/\/www.letemps.ch\/profil\/le-temps-avec-l-afp\" rel=\"nofollow noopener\" target=\"_blank\"><\/p>\n<p>                    <img decoding=\"async\" src=\"https:\/\/www.europesays.com\/fr\/wp-content\/uploads\/2025\/04\/1744691829_537_small.jpeg\" class=\"lazy\" alt=\"\"\/><\/p>\n<p><\/a>        <\/p>\n<p>Les forces russes continuent par ailleurs de bombarder quasi quotidiennement des villes ukrainiennes. Dans la nuit de lundi \u00e0 mardi, l&rsquo;arm\u00e9e de l&rsquo;air ukrainienne a rapport\u00e9 la pr\u00e9sence de drones dans les r\u00e9gions septentrionales de Soumy et Kharkiv.<\/p>\n<p>Dans le sud du pays, le maire de Mykola\u00efv Oleksandre Senkevytch a fait \u00e9tat sur Telegram d&rsquo;une explosion et averti d&rsquo;une menace de drone. Un homme de 51 ans a \u00e9t\u00e9 bless\u00e9 en p\u00e9riph\u00e9rie de la ville et hospitalis\u00e9, a indiqu\u00e9 le gouverneur r\u00e9gional Vitaly Kim.<\/p>\n<p>        04:33<\/p>\n<p>      Donald Trump dit qu&rsquo;il va envoyer plus d&rsquo;armes \u00abd\u00e9fensives\u00bb \u00e0 l&rsquo;Ukraine<\/p>\n<p>              <a tabindex=\"-1\" title=\"Le Temps avec l\u2019AFP\" href=\"https:\/\/www.letemps.ch\/profil\/le-temps-avec-l-afp\" rel=\"nofollow noopener\" target=\"_blank\"><\/p>\n<p>                    <img decoding=\"async\" src=\"https:\/\/www.europesays.com\/fr\/wp-content\/uploads\/2025\/04\/1744691829_537_small.jpeg\" class=\"lazy\" alt=\"\"\/><\/p>\n<p><\/a>        <\/p>\n<p>Les Etats-Unis vont envoyer des armes suppl\u00e9mentaires \u00e0 l&rsquo;Ukraine, a promis Donald Trump lundi, quelques jours apr\u00e8s l&rsquo;annonce d&rsquo;une suspension de certaines livraisons am\u00e9ricaines.<\/p>\n<p>\u00abNous allons devoir envoyer plus d&rsquo;armes, principalement des armes d\u00e9fensives\u00bb, a d\u00e9clar\u00e9 le pr\u00e9sident am\u00e9ricain, qui s&rsquo;est dit \u00abm\u00e9content\u00bb \u00e0 l&rsquo;\u00e9gard du dirigeant russe Vladimir Poutine. \u00abIls sont frapp\u00e9s de mani\u00e8re tr\u00e8s, tr\u00e8s dure.\u00bb<\/p>\n<p>        07 juillet \u00e0 17:24<\/p>\n<p>      La pr\u00e9sidente du Conseil national Maja Riniker est en Ukraine<\/p>\n<p>              <a tabindex=\"-1\" title=\"Le Temps avec l\u2019ATS\" href=\"https:\/\/www.letemps.ch\/profil\/le-temps-avec-l-ats\" rel=\"nofollow noopener\" target=\"_blank\"><\/p>\n<p>                    <img decoding=\"async\" src=\"https:\/\/www.europesays.com\/fr\/wp-content\/uploads\/2025\/04\/1744691829_537_small.jpeg\" class=\"lazy\" alt=\"\"\/><\/p>\n<p><\/a>        <\/p>\n<p>La pr\u00e9sidente du Conseil national Maja Riniker (PLR\/AG) est arriv\u00e9e lundi en Ukraine pour une visite de plusieurs jours. Elle a \u00e9t\u00e9 re\u00e7ue par son homologue ukrainien Rouslan Stefantchouk, lui-m\u00eame accueilli l\u2019an dernier en Suisse. Elle doit se rendre sur les sites de projets suisses de soutien.<\/p>\n<p>Elle est accompagn\u00e9e par le conseiller national Laurent Wehrli (PLR\/VD), pr\u00e9sident de la commission de politique ext\u00e9rieure du National. La d\u00e9l\u00e9gation suisse s\u2019informera sur place sur les projets suisses visant \u00e0 promouvoir la protection des civils, l\u2019acc\u00e8s \u00e0 l\u2019\u00e9ducation et le renforcement des structures locales au moyen de r\u00e9formes.<\/p>\n<p>        07 juillet \u00e0 15:40<\/p>\n<p>      Un ministre d\u00e9mis de ses fonctions lundi par Poutine s\u2019est suicid\u00e9<\/p>\n<p>              <a tabindex=\"-1\" title=\"Le Temps avec l\u2019AFP\" href=\"https:\/\/www.letemps.ch\/profil\/le-temps-avec-l-afp\" rel=\"nofollow noopener\" target=\"_blank\"><\/p>\n<p>                    <img decoding=\"async\" src=\"https:\/\/www.europesays.com\/fr\/wp-content\/uploads\/2025\/04\/1744691829_537_small.jpeg\" class=\"lazy\" alt=\"\"\/><\/p>\n<p><\/a>        <\/p>\n<p>Roman Starovo\u00eft, le ministre russe des Transports d\u00e9mis de ses fonctions lundi par le pr\u00e9sident Vladimir Poutine, s\u2019est suicid\u00e9 quelques heures plus tard, a annonc\u00e9 le Comit\u00e9 d\u2019enqu\u00eate russe dans un communiqu\u00e9.<\/p>\n<p>\u00abLe corps de l\u2019ancien ministre des Transports de la F\u00e9d\u00e9ration de Russie, Roman Vladimirovitch Starovo\u00eft, a \u00e9t\u00e9 retrouv\u00e9 dans sa voiture, pr\u00e9sentant une blessure par balle\u00bb, a indiqu\u00e9 le Comit\u00e9 d\u2019enqu\u00eate, assurant que \u00abla th\u00e8se principale (de sa mort, ndlr) est celle d\u2019un suicide\u00bb.<\/p>\n<p>Une enqu\u00eate a \u00e9t\u00e9 ouverte pour \u00ab\u00e9tablir\u00bb les \u00abcirconstances\u00bb exactes du d\u00e9c\u00e8s de l\u2019ancien ministre, a ajout\u00e9 cette institution charg\u00e9e des principales investigations en Russie.<\/p>\n<p>Roman Starovo\u00eft, 53 ans, avait \u00e9t\u00e9 nomm\u00e9 ministre des Transports en mai 2024, apr\u00e8s avoir \u00e9t\u00e9 gouverneur de la r\u00e9gion de Koursk entre 2019 et 2024.<\/p>\n<p>        07 juillet \u00e0 14:31<\/p>\n<p>      L\u2019Ukraine utilise des filets de p\u00eache pour stopper les drones russes<\/p>\n<p>              <a tabindex=\"-1\" title=\"Le Temps\" href=\"https:\/\/www.letemps.ch\/profil\/le-temps\" rel=\"nofollow noopener\" target=\"_blank\"><\/p>\n<p>                    <img decoding=\"async\" src=\"https:\/\/www.europesays.com\/fr\/wp-content\/uploads\/2025\/04\/1744691829_934_small.jpeg\" class=\"lazy\" alt=\"\"\/><\/p>\n<p><\/a>        <\/p>\n<p>Des filets de p\u00eache sont tendus au-dessus de cibles potentielles par l\u2019arm\u00e9e ukrainienne pour les prot\u00e9ger des drones russes, c\u2019est ce que montre le <a href=\"https:\/\/www.nytimes.com\/2025\/07\/07\/world\/europe\/ukraine-russia-drones-nets.html\" rel=\"nofollow noopener\" target=\"_blank\">New York Times dans un article<\/a> publi\u00e9 ce lundi. Ces filets sont dispos\u00e9s sur le front est pour prot\u00e9ger des checkpoints ou des positions d\u2019artillerie.<\/p>\n<p>Avec leur maillage dense, les filets bloquent les h\u00e9lices des drones et immobilisent leurs armements. C\u2019est une mesure simple contre ces drones rapides, souvent difficiles \u00e0 abattre par l\u2019arm\u00e9e ukrainienne.<\/p>\n<p>Kiev pr\u00e9voit de couvrir de filets les routes principales tout le long de la ligne de front, cr\u00e9ant ainsi des corridors qui offrent aux v\u00e9hicules un passage plus s\u00fbr. Ces filets redessinent le paysage de la ligne de front. Cette technique est aussi d\u00e9ploy\u00e9e sur certains v\u00e9hicules permettant de cr\u00e9er une cage autour de ces derniers \u00e0 la fa\u00e7on \u00abMad Max\u00bb, explique le New York Times.<\/p>\n<p>\u00abIl s\u2019agit d\u2019une contre-mesure simple mais efficace qui illustre la mani\u00e8re dont les moyens low-tech peuvent \u00e9mousser les armes high-tech dans cette guerre\u00bb, conclut le m\u00e9dia am\u00e9ricain.<\/p>\n<p>        07 juillet \u00e0 13:55<\/p>\n<p>      Zelensky a discut\u00e9 avec Trump du remplacement de l\u2019ambassadeur d\u2019Ukraine aux \u00c9tats-Unis<\/p>\n<p>              <a tabindex=\"-1\" title=\"Le Temps\" href=\"https:\/\/www.letemps.ch\/profil\/le-temps\" rel=\"nofollow noopener\" target=\"_blank\"><\/p>\n<p>                    <img decoding=\"async\" src=\"https:\/\/www.europesays.com\/fr\/wp-content\/uploads\/2025\/04\/1744691829_934_small.jpeg\" class=\"lazy\" alt=\"\"\/><\/p>\n<p><\/a>        <\/p>\n<p>Les pr\u00e9sidents Volodymyr Zelensky et Donald Trump ont discut\u00e9 du remplacement de l\u2019ambassadeur Ukrainien aux Etats-Unis, lors de leur dernier appel vendredi, rapporte <a href=\"https:\/\/www.bloomberg.com\/news\/articles\/2025-07-07\/zelenskiy-spoke-with-trump-about-replacing-ukraine-s-envoy-to-us?srnd=homepage-europe&amp;fbclid=IwZXh0bgNhZW0CMTEAAR6euK1jx57dI92XXDskBKuNAYb9cAI-pnKKmNCmOYa9tDAJFPAUX_Zz_mpjIQ_aem_v8D8mzpaaAFH6gjYt5kLtA\" rel=\"nofollow noopener\" target=\"_blank\">Bloomberg<\/a>.<\/p>\n<p>Le premier ministre Denys Shmyhal serait en t\u00eate de liste pour le poste. D\u2019autres candidats sont aussi en lice, comme la d\u00e9put\u00e9e Olha Stefanishyna, le ministre de la D\u00e9fense Rustem Umerov ou encore le ministre de l\u2019Energie German Halushchenko.<\/p>\n<p>Ce remaniement \u00e9ventuel intervient \u00e0 un moment de regain de tension entre Kiev et Washington. Le d\u00e9partement am\u00e9ricain de la d\u00e9fense a r\u00e9cemment interrompu les livraisons de syst\u00e8mes d\u2019armes essentiels, notamment de missiles Patriot et de munitions \u00e0 guidage de pr\u00e9cision, ce qui a suscit\u00e9 l\u2019inqui\u00e9tude de Kiev.<\/p>\n<p>Zelensky a qualifi\u00e9 son appel t\u00e9l\u00e9phonique de vendredi avec le pr\u00e9sident am\u00e9ricain de la \u00abmeilleure conversation depuis tout ce temps\u00bb. Trump a fait \u00e9cho \u00e0 ce sentiment, qualifiant l\u2019\u00e9change de \u00abtr\u00e8s strat\u00e9gique\u00bb, selon <a href=\"https:\/\/kyivindependent.com\/trump-says-putin-wants-to-keep-killing-people-signals-us-may-send-patriots-to-ukraine-06-2025\/\" rel=\"nofollow noopener\" target=\"_blank\">The Kyiv Independent<\/a>.<\/p>\n<p>        07 juillet \u00e0 12:17<\/p>\n<p>      Des drones ukrainiens ont cibl\u00e9 des installations chimiques pr\u00e8s de Moscou, selon le m\u00e9dia ind\u00e9pendant russe Astra <\/p>\n<p>              <a tabindex=\"-1\" title=\"Le Temps\" href=\"https:\/\/www.letemps.ch\/profil\/le-temps\" rel=\"nofollow noopener\" target=\"_blank\"><\/p>\n<p>                    <img decoding=\"async\" src=\"https:\/\/www.europesays.com\/fr\/wp-content\/uploads\/2025\/04\/1744691829_934_small.jpeg\" class=\"lazy\" alt=\"\"\/><\/p>\n<p><\/a>        <\/p>\n<p>Ce matin, des drones ukrainiens ont frapp\u00e9 Krasnozavodsk, dans l\u2019oblast russe de Moscou, visant probablement l\u2019usine chimique de la ville, a rapport\u00e9 le m\u00e9dia ind\u00e9pendant russe Astra repris par <a href=\"https:\/\/kyivindependent.com\/ukrainian-drones-reportedly-target-russian-chemical-plant-near-moscow-06-2025\/\" rel=\"nofollow noopener\" target=\"_blank\">The Kyiv Independent<\/a>.<\/p>\n<p>Le site industriel, situ\u00e9 \u00e0 88 kilom\u00e8tres au nord-est de Moscou, fabrique des produits chimiques industriels et militaires, notamment des explosifs, des composants de munitions et des syst\u00e8mes de protection des avions.<\/p>\n<blockquote class=\"twitter-tweet\" data-dnt=\"true\" align=\"center\">\n<p lang=\"en\" dir=\"ltr\">Residents of Moscow region report attack on chemical plant<\/p>\n<p>Krasnozavodsk residents report an attack on the Krasnozavodsk chemical plant in local chat groups.<\/p>\n<p>There is no official confirmation at this time.<\/p>\n<p>The plant produces protective equipment for aircraft and anti-terror\u2026 <a href=\"https:\/\/t.co\/2fkye7zCdG\" rel=\"nofollow\">pic.twitter.com\/2fkye7zCdG<\/a><\/p>\n<p>\u2014 ASTRA (@ASTRA_PRESS) <a href=\"https:\/\/twitter.com\/ASTRA_PRESS\/status\/1942110611661349128?ref_src=twsrc%5Etfw\" rel=\"nofollow noopener\" target=\"_blank\">July 7, 2025<\/a>\n<\/p><\/blockquote>\n<p>Les autorit\u00e9s de Moscou n\u2019ont pour l\u2019heure pas confirm\u00e9 cette attaque. Le ministre de la D\u00e9fense russe, Andre\u00ef Removitch Belousov a affirm\u00e9 que les d\u00e9fenses a\u00e9riennes avaient intercept\u00e9 ou d\u00e9truit 91 drones ukrainiens dans plusieurs r\u00e9gions, dont huit au-dessus de l\u2019oblast de Moscou.<\/p>\n<p>Cette attaque s\u2019inscrit dans le cadre d\u2019une campagne plus large de l\u2019Ukraine visant \u00e0 perturber la logistique, la production d\u2019armes et les lignes d\u2019approvisionnement russes loin derri\u00e8re la ligne de front.<\/p>\n<p>        07 juillet \u00e0 12:13<\/p>\n<p>      L\u2019arm\u00e9e russe revendique la prise d\u2019une premi\u00e8re localit\u00e9 dans la r\u00e9gion de Dnipropetrovsk, une premi\u00e8re dans cette zone depuis le d\u00e9but de son offensive en f\u00e9vrier 2022.<\/p>\n<p>              <a tabindex=\"-1\" title=\"Le Temps avec l\u2019AFP\" href=\"https:\/\/www.letemps.ch\/profil\/le-temps-avec-l-afp\" rel=\"nofollow noopener\" target=\"_blank\"><\/p>\n<p>                    <img decoding=\"async\" src=\"https:\/\/www.europesays.com\/fr\/wp-content\/uploads\/2025\/04\/1744691829_537_small.jpeg\" class=\"lazy\" alt=\"\"\/><\/p>\n<p><\/a>        <\/p>\n<p>L\u2019arm\u00e9e russe a revendiqu\u00e9 ce matin la prise de la petite localit\u00e9 de Datchno\u00efe, dans le centre-est de l\u2019Ukraine, une premi\u00e8re dans cette zone administrative depuis le d\u00e9but de son offensive en f\u00e9vrier 2022.<\/p>\n<p>\u00abLa localit\u00e9 de Datchno\u00efe, dans la r\u00e9gion de Dnipropetrovsk, a \u00e9t\u00e9 lib\u00e9r\u00e9e\u00bb, a annonc\u00e9 <a href=\"https:\/\/t.me\/mod_russia\/54469\" rel=\"nofollow noopener\" target=\"_blank\">dans un communiqu\u00e9 l\u2019arm\u00e9e russe<\/a>, montrant dans une vid\u00e9o ce qu\u2019elle pr\u00e9sente \u00eatre comme des soldats russes dans ce petit village.<\/p>\n<p>Plus t\u00f4t ce matin, l\u2019\u00e9tat-major de l\u2019arm\u00e9e ukrainienne avait, pour sa part, assur\u00e9 que ses hommes avaient \u00abrepouss\u00e9\u00bb la veille des assauts russes \u00abdans les environs\u00bb de Datchno\u00efe, situ\u00e9e \u00e0 environ 70 kilom\u00e8tres \u00e0 l\u2019ouest de la grande ville de Donetsk, sous contr\u00f4le russe.<\/p>\n<p>L\u2019entr\u00e9e des forces russes dans cette r\u00e9gion ukrainienne marquerait un nouveau revers symbolique pour des forces ukrainiennes, en difficult\u00e9 sur le front faute d\u2019hommes et d\u2019armements.<\/p>\n<p>        07 juillet \u00e0 11:03<\/p>\n<p>      Les forces russes ont frapp\u00e9 deux centres de recrutement militaire, selon l\u2019arm\u00e9e ukrainienne<\/p>\n<p>              <a tabindex=\"-1\" title=\"Le Temps avec l\u2019AFP\" href=\"https:\/\/www.letemps.ch\/profil\/le-temps-avec-l-afp\" rel=\"nofollow noopener\" target=\"_blank\"><\/p>\n<p>                    <img decoding=\"async\" src=\"https:\/\/www.europesays.com\/fr\/wp-content\/uploads\/2025\/04\/1744691829_537_small.jpeg\" class=\"lazy\" alt=\"\"\/><\/p>\n<p><\/a>        <\/p>\n<p>Les forces russes ont frapp\u00e9 ce matin deux centres de recrutement militaire, faisant au moins quatre bless\u00e9s selon un bilan provisoire de l\u2019arm\u00e9e ukrainienne.<\/p>\n<p>Trois personnes ont \u00e9t\u00e9 bless\u00e9es \u00e0 Kharkiv dans le nord-est du pays et un militaire dans la ville de Zaporijjia, <a href=\"https:\/\/t.me\/landforcesofukraine\/24835\" rel=\"nofollow noopener\" target=\"_blank\">a indiqu\u00e9 l\u2019arm\u00e9e ukrainienne sur Telegram<\/a>.<\/p>\n<p>Ces derniers jours, les troupes russes ont attaqu\u00e9 et touch\u00e9 \u00e0 plusieurs reprises des centres de recrutement de l\u2019arm\u00e9e ukrainienne, qui est en difficult\u00e9 pour attirer de nouvelles recrues apr\u00e8s bient\u00f4t trois ans et demi d\u2019invasion russe.<\/p>\n<p>        07 juillet \u00e0 06:35<\/p>\n<p>      Au moins 12 morts et 69 bless\u00e9s dans des attaques russes \u00e0 travers l\u2019Ukraine<\/p>\n<p>              <a tabindex=\"-1\" title=\"Le Temps\" href=\"https:\/\/www.letemps.ch\/profil\/le-temps\" rel=\"nofollow noopener\" target=\"_blank\"><\/p>\n<p>                    <img decoding=\"async\" src=\"https:\/\/www.europesays.com\/fr\/wp-content\/uploads\/2025\/04\/1744691829_934_small.jpeg\" class=\"lazy\" alt=\"\"\/><\/p>\n<p><\/a>        <\/p>\n<p>Des attaques russes contre plusieurs r\u00e9gions d\u2019Ukraine ont fait au moins 12 morts civils et 69 bless\u00e9s lundi, ont annonc\u00e9 les autorit\u00e9s locales.<\/p>\n<p>Les pertes les plus lourdes ont eu lieu dans l\u2019Oblast de Donetsk, 7 civils y ont \u00e9t\u00e9 tu\u00e9s selon le gouverneur Vadym Filashkin, rapporte <a href=\"https:\/\/kyivindependent.com\/12-killed-69-injured-in-russian-attacks-on-ukraine-over-past-day-06-2025\/\" rel=\"nofollow noopener\" target=\"_blank\">The Kyiv Independent<\/a>.<\/p>\n<p>Ces attaques ont fait au moins deux morts et deux bless\u00e9s dans la r\u00e9gion de Soumy, un mort et deux bless\u00e9s dans la r\u00e9gion de Kherson, un mort dans la r\u00e9gion d\u2019Odessa, 23 bless\u00e9s dans la r\u00e9gion de Kharkiv et cinq bless\u00e9s dans la r\u00e9gion de Dnipropetrovsk, selon les gouverneurs et maires des zones.<\/p>\n<p>        07 juillet \u00e0 05:47<\/p>\n<p>      La Russie revendique la prise de deux localit\u00e9s dans l&rsquo;est et le nord-est de l&rsquo;Ukraine<\/p>\n<p>              <a tabindex=\"-1\" title=\"Le Temps avec l\u2019AFP\" href=\"https:\/\/www.letemps.ch\/profil\/le-temps-avec-l-afp\" rel=\"nofollow noopener\" target=\"_blank\"><\/p>\n<p>                    <img decoding=\"async\" src=\"https:\/\/www.europesays.com\/fr\/wp-content\/uploads\/2025\/04\/1744691829_537_small.jpeg\" class=\"lazy\" alt=\"\"\/><\/p>\n<p><\/a>        <\/p>\n<p>La Russie poursuit son avanc\u00e9e sur le front face \u00e0 des troupes ukrainiennes qui manquent d&rsquo;armements et de recrues.<\/p>\n<p>Selon le rapport quotidien du minist\u00e8re russe de la D\u00e9fense, les troupes de Moscou ont captur\u00e9 le village de Piddoubn\u00e9 dans la r\u00e9gion orientale de Donetsk, une localit\u00e9 situ\u00e9e \u00e0 l&rsquo;ouest de la ville de Kourakhov\u00e9, prise par les Russes en d\u00e9cembre 2024. Dans la r\u00e9gion de Kharkiv (nord-est), l&rsquo;arm\u00e9e russe a revendiqu\u00e9 la prise de la localit\u00e9 de Sobolivka, dans une zone o\u00f9 les positions n&rsquo;avaient pas boug\u00e9 depuis des mois.<\/p>\n<p>  <script async src=\"https:\/\/platform.twitter.com\/widgets.js\" charset=\"utf-8\"><\/script><\/p>\n","protected":false},"excerpt":{"rendered":"12:51 Le Kremlin juge que la livraison d\u2019armes \u00e0 Kiev favorise \u00abla poursuite des hostilit\u00e9s\u00bb, apr\u00e8s des promesses&hellip;\n","protected":false},"author":2,"featured_media":234936,"comment_status":"","ping_status":"","sticky":false,"template":"","format":"standard","meta":{"footnotes":""},"categories":[1590],"tags":[11,1777,674,4438,12,132,220],"class_list":{"0":"post-234935","1":"post","2":"type-post","3":"status-publish","4":"format-standard","5":"has-post-thumbnail","7":"category-ukraine","8":"tag-actualites","9":"tag-eu","10":"tag-europe","11":"tag-free","12":"tag-news","13":"tag-russie","14":"tag-ukraine"},"share_on_mastodon":{"url":"https:\/\/pubeurope.com\/@fr\/114817240598945308","error":""},"_links":{"self":[{"href":"https:\/\/www.europesays.com\/fr\/wp-json\/wp\/v2\/posts\/234935","targetHints":{"allow":["GET"]}}],"collection":[{"href":"https:\/\/www.europesays.com\/fr\/wp-json\/wp\/v2\/posts"}],"about":[{"href":"https:\/\/www.europesays.com\/fr\/wp-json\/wp\/v2\/types\/post"}],"author":[{"embeddable":true,"href":"https:\/\/www.europesays.com\/fr\/wp-json\/wp\/v2\/users\/2"}],"replies":[{"embeddable":true,"href":"https:\/\/www.europesays.com\/fr\/wp-json\/wp\/v2\/comments?post=234935"}],"version-history":[{"count":0,"href":"https:\/\/www.europesays.com\/fr\/wp-json\/wp\/v2\/posts\/234935\/revisions"}],"wp:featuredmedia":[{"embeddable":true,"href":"https:\/\/www.europesays.com\/fr\/wp-json\/wp\/v2\/media\/234936"}],"wp:attachment":[{"href":"https:\/\/www.europesays.com\/fr\/wp-json\/wp\/v2\/media?parent=234935"}],"wp:term":[{"taxonomy":"category","embeddable":true,"href":"https:\/\/www.europesays.com\/fr\/wp-json\/wp\/v2\/categories?post=234935"},{"taxonomy":"post_tag","embeddable":true,"href":"https:\/\/www.europesays.com\/fr\/wp-json\/wp\/v2\/tags?post=234935"}],"curies":[{"name":"wp","href":"https:\/\/api.w.org\/{rel}","templated":true}]}}