{"id":234939,"date":"2025-07-08T10:54:12","date_gmt":"2025-07-08T10:54:12","guid":{"rendered":"https:\/\/www.europesays.com\/fr\/234939\/"},"modified":"2025-07-08T10:54:12","modified_gmt":"2025-07-08T10:54:12","slug":"emmanuel-macron-accueilli-au-royaume-uni-par-le-prince-william-et-la-princesse-kate-pour-une-visite-detat","status":"publish","type":"post","link":"https:\/\/www.europesays.com\/fr\/234939\/","title":{"rendered":"Emmanuel Macron accueilli au Royaume-Uni par le prince William et la princesse Kate pour une visite d&rsquo;Etat"},"content":{"rendered":"<p class=\"ap-StoryElement ap-StoryElement--mb ap-StoryText\">L&rsquo;avion pr\u00e9sidentiel s&rsquo;est pos\u00e9 peu apr\u00e8s 11h00 (12H00 HB) \u00e0 la base militaire de Northolt, \u00e0 l&rsquo;ouest de Londres, a constat\u00e9 l&rsquo;AFP.<\/p>\n<p class=\"ap-StoryElement ap-StoryElement--mb ap-StoryText\">Le prince h\u00e9ritier William et son \u00e9pouse Kate ont accueilli le couple fran\u00e7ais sur le tarmac, au sortir de l&rsquo;avion.<\/p>\n<p class=\"ap-StoryElement ap-StoryElement--mb ap-StoryText\">Une haie d&rsquo;honneur avait \u00e9t\u00e9 d\u00e9ploy\u00e9e pour l&rsquo;occasion.<\/p>\n<p class=\"ap-StoryElement ap-StoryElement--mb ap-StoryText\">C&rsquo;est \u00ab\u00a0un moment important pour nos nations\u00a0\u00bb et \u00ab\u00a0c&rsquo;est aussi un moment important pour notre Europe\u00a0\u00bb, a comment\u00e9 sur X le pr\u00e9sident fran\u00e7ais. L&rsquo;Europe et le Royaume-Uni doivent \u00ab\u00a0ouvrir de nouvelles voies de coop\u00e9ration\u00a0\u00bb face aux \u00ab\u00a0grands d\u00e9fis\u00a0\u00bb mondiaux, a-t-il ajout\u00e9.<\/p>\n","protected":false},"excerpt":{"rendered":"L&rsquo;avion pr\u00e9sidentiel s&rsquo;est pos\u00e9 peu apr\u00e8s 11h00 (12H00 HB) \u00e0 la base militaire de Northolt, \u00e0 l&rsquo;ouest de&hellip;\n","protected":false},"author":2,"featured_media":234940,"comment_status":"","ping_status":"","sticky":false,"template":"","format":"standard","meta":{"footnotes":""},"categories":[1588],"tags":[11,312,1777,674,27,12,473,1853,1851,1850,1852],"class_list":{"0":"post-234939","1":"post","2":"type-post","3":"status-publish","4":"format-standard","5":"has-post-thumbnail","7":"category-royaume-uni","8":"tag-actualites","9":"tag-diplomatie","10":"tag-eu","11":"tag-europe","12":"tag-france","13":"tag-news","14":"tag-royaume-uni","15":"tag-royaume-uni-de-grande-bretagne-et-dirlande-du-nord","16":"tag-uk","17":"tag-united-kingdom","18":"tag-united-kingdom-of-great-britain-and-northern-ireland"},"share_on_mastodon":{"url":"https:\/\/pubeurope.com\/@fr\/114817247731070719","error":""},"_links":{"self":[{"href":"https:\/\/www.europesays.com\/fr\/wp-json\/wp\/v2\/posts\/234939","targetHints":{"allow":["GET"]}}],"collection":[{"href":"https:\/\/www.europesays.com\/fr\/wp-json\/wp\/v2\/posts"}],"about":[{"href":"https:\/\/www.europesays.com\/fr\/wp-json\/wp\/v2\/types\/post"}],"author":[{"embeddable":true,"href":"https:\/\/www.europesays.com\/fr\/wp-json\/wp\/v2\/users\/2"}],"replies":[{"embeddable":true,"href":"https:\/\/www.europesays.com\/fr\/wp-json\/wp\/v2\/comments?post=234939"}],"version-history":[{"count":0,"href":"https:\/\/www.europesays.com\/fr\/wp-json\/wp\/v2\/posts\/234939\/revisions"}],"wp:featuredmedia":[{"embeddable":true,"href":"https:\/\/www.europesays.com\/fr\/wp-json\/wp\/v2\/media\/234940"}],"wp:attachment":[{"href":"https:\/\/www.europesays.com\/fr\/wp-json\/wp\/v2\/media?parent=234939"}],"wp:term":[{"taxonomy":"category","embeddable":true,"href":"https:\/\/www.europesays.com\/fr\/wp-json\/wp\/v2\/categories?post=234939"},{"taxonomy":"post_tag","embeddable":true,"href":"https:\/\/www.europesays.com\/fr\/wp-json\/wp\/v2\/tags?post=234939"}],"curies":[{"name":"wp","href":"https:\/\/api.w.org\/{rel}","templated":true}]}}