{"id":234941,"date":"2025-07-08T10:55:11","date_gmt":"2025-07-08T10:55:11","guid":{"rendered":"https:\/\/www.europesays.com\/fr\/234941\/"},"modified":"2025-07-08T10:55:11","modified_gmt":"2025-07-08T10:55:11","slug":"en-allemagne-la-justice-ordonne-la-delivrance-de-visas-promis-aux-afghans-menaces-malgre-le-gel-du-programme-daccueil-par-le-gouvernement","status":"publish","type":"post","link":"https:\/\/www.europesays.com\/fr\/234941\/","title":{"rendered":"En Allemagne, la justice ordonne la d\u00e9livrance de visas promis aux Afghans menac\u00e9s, malgr\u00e9 le gel du programme d\u2019accueil par le gouvernement"},"content":{"rendered":"<p>                          <img loading=\"lazy\" decoding=\"async\" src=\"https:\/\/www.europesays.com\/fr\/wp-content\/uploads\/2025\/07\/40d569f_ftp-import-images-1-ibwubunqfeog-2025-06-20t124857z-121924909-rc296fas3zik-rtrmadp-3-germany.jpeg\" alt=\"Des militants lors d\u2019une action de protestation symbolique visant \u00e0 demander la poursuite de la d\u00e9livrance de visas aux Afghans vuln\u00e9rables en Allemagne, \u00e0 Berlin, le 20\u00a0juin 2025. \"   width=\"664\" height=\"443\"\/>    Des militants lors d\u2019une action de protestation symbolique visant \u00e0 demander la poursuite de la d\u00e9livrance de visas aux Afghans vuln\u00e9rables en Allemagne, \u00e0 Berlin, le 20\u00a0juin 2025.  ANNEGRET HILSE \/ REUTERS                   <\/p>\n<p class=\"article__paragraph  \">Apr\u00e8s que le nouveau chancelier, Friedrich Merz, a gel\u00e9 un programme d\u2019accueil de ces r\u00e9fugi\u00e9s dans un contexte de durcissement de la politique migratoire, le tribunal administratif de Berlin a ordonn\u00e9 au gouvernement, mardi 8\u00a0juillet, de d\u00e9livrer les visas promis \u00e0 une famille afghane menac\u00e9e dans son pays. L\u2019Allemagne \u00ab\u00a0doit d\u00e9livrer les visas aux requ\u00e9rants\u00a0\u00bb apr\u00e8s s\u2019\u00eatre \u00ab\u00a0juridiquement engag\u00e9e\u00a0\u00bb envers eux, a d\u00e9cid\u00e9 le tribunal.<\/p>\n<p class=\"article__paragraph  \">Le tribunal berlinois a donn\u00e9 raison \u00e0 une ressortissante afghane et \u00e0 sa famille, qui avaient obtenu un engagement d\u2019admission en Allemagne en octobre\u00a02023 et attendaient depuis la d\u00e9livrance des visas. Cet engagement \u00ab\u00a0volontaire et toujours en vigueur ne peut pas \u00eatre annul\u00e9\u00a0\u00bb, <a href=\"https:\/\/www.berlin.de\/gerichte\/verwaltungsgericht\/presse\/pressemitteilungen\/2025\/pressemitteilung.1578126.php\" target=\"_blank\" rel=\"noopener nofollow\" title=\"Nouvelle fen\u00eatre\">a expliqu\u00e9 le tribunal dans un communiqu\u00e9 de presse<\/a>. Ces Afghans \u00ab\u00a0ont d\u00e9montr\u00e9 de mani\u00e8re cr\u00e9dible qu\u2019ils risquent une expulsion du Pakistan vers l\u2019Afghanistan, o\u00f9 leur vie et leur int\u00e9grit\u00e9 physique seraient menac\u00e9es\u00a0\u00bb, a-t-il aussi soulign\u00e9.<\/p>\n<p class=\"article__paragraph  \">Environ 2\u00a0500 Afghans qui se trouvent actuellement au Pakistan figurent encore sur les listes de ces programmes d\u2019accueil, destin\u00e9s aux anciens collaborateurs afghans de l\u2019arm\u00e9e et d\u2019autres institutions allemandes, mais aussi \u00e0 des militants des droits humains ou \u00e0 des journalistes. Mais l\u2019accord de coalition entre les conservateurs de Friedrich Merz et les sociaux-d\u00e9mocrates pr\u00e9voit de mettre fin \u00ab\u00a0dans la mesure du possible\u00a0\u00bb \u00e0 ces programmes, sur fond de restrictions croissantes \u00e0 l\u2019accueil de r\u00e9fugi\u00e9s en Allemagne.<\/p>\n<p>                                Lire aussi |  <a href=\"https:\/\/www.lemonde.fr\/international\/article\/2025\/05\/08\/allemagne-la-politique-migratoire-durcie-face-a-la-montee-de-l-extreme-droite_6603869_3210.html\" class=\"js-article-read-also catcher--favoris__link\" data-premium=\"\" id=\"article-title-3421584\" rel=\"nofollow noopener\" target=\"_blank\">Allemagne\u00a0: la politique migratoire durcie face \u00e0 la mont\u00e9e de l\u2019extr\u00eame droite<\/a>    <\/p>\n<p>   Lire plus tard  <\/p>\n<p>                   Durcissement de la politique migratoire             <\/p>\n<p class=\"article__paragraph  \">Le durcissement de la politique migratoire est une promesse majeure du gouvernement de Friedrich Merz, sur fond de progression de l\u2019extr\u00eame droite, d\u00e9sormais en t\u00eate dans certains sondages. Au cours des derniers mois, une s\u00e9rie d\u2019attaques mortelles, imput\u00e9es notamment \u00e0 des ressortissants syriens et afghans, ont \u00e9lectris\u00e9 le d\u00e9bat en Allemagne.<\/p>\n<p class=\"article__paragraph  \">Juste avant l\u2019entr\u00e9e en fonction de M.\u00a0Merz, au d\u00e9but de mai, le gouvernement de son pr\u00e9d\u00e9cesseur Olaf Scholz avait annonc\u00e9 ne pas pr\u00e9voir d\u2019organiser de nouveaux vols de rapatriement de ces Afghans. Les entr\u00e9es sont \u00ab\u00a0suspendues\u00a0\u00bb le temps d\u2019un \u00ab\u00a0examen\u00a0\u00bb du projet de la coalition, avait ensuite fait savoir le minist\u00e8re de l\u2019Int\u00e9rieur, \u00e0 la fin de juin.<\/p>\n<p class=\"article__paragraph  \">Vendredi, l\u2019ONU a critiqu\u00e9 le projet \u00e9voqu\u00e9 par Berlin de n\u00e9gocier directement avec les autorit\u00e9s talibanes au pouvoir en Afghanistan pour faciliter l\u2019expulsion de d\u00e9linquants afghans.<\/p>\n<p class=\"article__paragraph  \">Selon les derniers communiqu\u00e9s, datant d\u2019avril\u00a02024, plus de 33\u00a0000 Afghans menac\u00e9s et leurs familles ont \u00e9t\u00e9 accueillis en Allemagne dans le cadre de ce programme, lanc\u00e9 \u00e0 la fin de 2022.<\/p>\n<p>                                Lire aussi |  Article r\u00e9serv\u00e9 \u00e0 nos abonn\u00e9s  <a href=\"https:\/\/www.lemonde.fr\/international\/article\/2025\/01\/27\/en-allemagne-la-droite-se-radicalise-sur-la-question-de-l-immigration_6517956_3210.html\" class=\"js-article-read-also catcher--favoris__link\" data-premium=\"1\" id=\"article-title-3407425\" rel=\"nofollow noopener\" target=\"_blank\">En Allemagne, pendant la courte campagne \u00e9lectorale, la droite se radicalise sur la question de l\u2019immigration<\/a>    <\/p>\n<p>   Lire plus tard  <\/p>\n<p class=\"author__detail\">  Le Monde avec AFP  <\/p>\n<p>                  <a href=\"https:\/\/www.lemonde.fr\/syndication\/\" class=\"reuse__content\" title=\"R\u00e9utiliser ce contenu\" target=\"_blank\" rel=\"nofollow noopener\">R\u00e9utiliser ce contenu<\/a>      <\/p>\n","protected":false},"excerpt":{"rendered":"Des militants lors d\u2019une action de protestation symbolique visant \u00e0 demander la poursuite de la d\u00e9livrance de visas&hellip;\n","protected":false},"author":2,"featured_media":234942,"comment_status":"","ping_status":"","sticky":false,"template":"","format":"standard","meta":{"footnotes":""},"categories":[1587],"tags":[11,672,1804,1805,1803,1777,674,1801,12,1802],"class_list":{"0":"post-234941","1":"post","2":"type-post","3":"status-publish","4":"format-standard","5":"has-post-thumbnail","7":"category-allemagne","8":"tag-actualites","9":"tag-allemagne","10":"tag-bundesrepublik-deutschland","11":"tag-de","12":"tag-deutschland","13":"tag-eu","14":"tag-europe","15":"tag-germany","16":"tag-news","17":"tag-republique-federale-dallemagne"},"share_on_mastodon":{"url":"https:\/\/pubeurope.com\/@fr\/114817251902881615","error":""},"_links":{"self":[{"href":"https:\/\/www.europesays.com\/fr\/wp-json\/wp\/v2\/posts\/234941","targetHints":{"allow":["GET"]}}],"collection":[{"href":"https:\/\/www.europesays.com\/fr\/wp-json\/wp\/v2\/posts"}],"about":[{"href":"https:\/\/www.europesays.com\/fr\/wp-json\/wp\/v2\/types\/post"}],"author":[{"embeddable":true,"href":"https:\/\/www.europesays.com\/fr\/wp-json\/wp\/v2\/users\/2"}],"replies":[{"embeddable":true,"href":"https:\/\/www.europesays.com\/fr\/wp-json\/wp\/v2\/comments?post=234941"}],"version-history":[{"count":0,"href":"https:\/\/www.europesays.com\/fr\/wp-json\/wp\/v2\/posts\/234941\/revisions"}],"wp:featuredmedia":[{"embeddable":true,"href":"https:\/\/www.europesays.com\/fr\/wp-json\/wp\/v2\/media\/234942"}],"wp:attachment":[{"href":"https:\/\/www.europesays.com\/fr\/wp-json\/wp\/v2\/media?parent=234941"}],"wp:term":[{"taxonomy":"category","embeddable":true,"href":"https:\/\/www.europesays.com\/fr\/wp-json\/wp\/v2\/categories?post=234941"},{"taxonomy":"post_tag","embeddable":true,"href":"https:\/\/www.europesays.com\/fr\/wp-json\/wp\/v2\/tags?post=234941"}],"curies":[{"name":"wp","href":"https:\/\/api.w.org\/{rel}","templated":true}]}}