{"id":234943,"date":"2025-07-08T10:56:13","date_gmt":"2025-07-08T10:56:13","guid":{"rendered":"https:\/\/www.europesays.com\/fr\/234943\/"},"modified":"2025-07-08T10:56:13","modified_gmt":"2025-07-08T10:56:13","slug":"qui-a-le-plus-gros-salaire-minimum-parmi-les-pays-europeens","status":"publish","type":"post","link":"https:\/\/www.europesays.com\/fr\/234943\/","title":{"rendered":"Qui a le plus gros salaire minimum parmi les pays europ\u00e9ens\u00a0?"},"content":{"rendered":"<p>On conna\u00eet moins son nom officiel\u00a0: le salaire minimum interprofessionnel de croissance. Parlons donc plut\u00f4t du <a href=\"https:\/\/www.20minutes.fr\/dossier\/smic\" class=\"color-ultramarine c-link\" target=\"_blank\" rel=\"noopener\">Smic<\/a>, le <a href=\"https:\/\/www.20minutes.fr\/dossier\/salaire\" class=\"color-ultramarine c-link\" target=\"_blank\" rel=\"noopener\">salaire<\/a> minimum l\u00e9gal qui a cours aujourd\u2019hui en France. A l\u2019heure actuelle, il s\u2019\u00e9tablit \u00e0 1.802 euros brut par mois, et sa derni\u00e8re revalorisation remonte \u00e0 fin\u00a02024. Ce montant permet d\u2019avoir un point de d\u00e9part pour les grilles de salaires\u2026 mais aussi de faire des comparaisons avec nos voisins <a href=\"https:\/\/www.20minutes.fr\/dossier\/europe\" class=\"color-ultramarine c-link\" target=\"_blank\" rel=\"noopener\">europ\u00e9ens<\/a>.<\/p>\n<p>Le Smic fran\u00e7ais est-il avantageux par rapport \u00e0 celui de l\u2019<a href=\"https:\/\/www.20minutes.fr\/dossier\/allemagne\" class=\"color-ultramarine c-link\" target=\"_blank\" rel=\"noopener\">Allemagne<\/a>, de l\u2019<a href=\"https:\/\/www.20minutes.fr\/dossier\/espagne\" class=\"color-ultramarine c-link\" target=\"_blank\" rel=\"noopener\">Espagne<\/a>, de la Belgique\u00a0? Qui, en Europe, a le plafond minimum le plus \u00e9lev\u00e9\u00a0? Qui, au contraire, d\u00e9marre l\u00e9galement les salaires au plus bas\u00a0? Certains pays n\u2019ont-ils tout simplement pas d\u2019\u00e9quivalent au Smic\u00a0?<\/p>\n<p>Pour le savoir, vous pouvez regarder notre carte interactive ci-dessous sur les salaires minimums en Europe\u00a0:<\/p>\n<p><\/p>\n","protected":false},"excerpt":{"rendered":"On conna\u00eet moins son nom officiel\u00a0: le salaire minimum interprofessionnel de croissance. Parlons donc plut\u00f4t du Smic, le&hellip;\n","protected":false},"author":2,"featured_media":234944,"comment_status":"","ping_status":"","sticky":false,"template":"","format":"standard","meta":{"footnotes":""},"categories":[1586],"tags":[47,11,672,1261,11617,33,123,1777,674,1011,27,74,12,2922,25,14099,37358],"class_list":{"0":"post-234943","1":"post","2":"type-post","3":"status-publish","4":"format-standard","5":"has-post-thumbnail","7":"category-europe","8":"tag-actualite","9":"tag-actualites","10":"tag-allemagne","11":"tag-argent","12":"tag-carte","13":"tag-economie","14":"tag-espagne","15":"tag-eu","16":"tag-europe","17":"tag-fr","18":"tag-france","19":"tag-monde","20":"tag-news","21":"tag-pouvoir-dachat","22":"tag-republique-francaise","23":"tag-salaire","24":"tag-smic"},"share_on_mastodon":{"url":"https:\/\/pubeurope.com\/@fr\/114817255615206549","error":""},"_links":{"self":[{"href":"https:\/\/www.europesays.com\/fr\/wp-json\/wp\/v2\/posts\/234943","targetHints":{"allow":["GET"]}}],"collection":[{"href":"https:\/\/www.europesays.com\/fr\/wp-json\/wp\/v2\/posts"}],"about":[{"href":"https:\/\/www.europesays.com\/fr\/wp-json\/wp\/v2\/types\/post"}],"author":[{"embeddable":true,"href":"https:\/\/www.europesays.com\/fr\/wp-json\/wp\/v2\/users\/2"}],"replies":[{"embeddable":true,"href":"https:\/\/www.europesays.com\/fr\/wp-json\/wp\/v2\/comments?post=234943"}],"version-history":[{"count":0,"href":"https:\/\/www.europesays.com\/fr\/wp-json\/wp\/v2\/posts\/234943\/revisions"}],"wp:featuredmedia":[{"embeddable":true,"href":"https:\/\/www.europesays.com\/fr\/wp-json\/wp\/v2\/media\/234944"}],"wp:attachment":[{"href":"https:\/\/www.europesays.com\/fr\/wp-json\/wp\/v2\/media?parent=234943"}],"wp:term":[{"taxonomy":"category","embeddable":true,"href":"https:\/\/www.europesays.com\/fr\/wp-json\/wp\/v2\/categories?post=234943"},{"taxonomy":"post_tag","embeddable":true,"href":"https:\/\/www.europesays.com\/fr\/wp-json\/wp\/v2\/tags?post=234943"}],"curies":[{"name":"wp","href":"https:\/\/api.w.org\/{rel}","templated":true}]}}