{"id":234949,"date":"2025-07-08T10:59:09","date_gmt":"2025-07-08T10:59:09","guid":{"rendered":"https:\/\/www.europesays.com\/fr\/234949\/"},"modified":"2025-07-08T10:59:09","modified_gmt":"2025-07-08T10:59:09","slug":"le-xv-de-france-avec-une-equipe-b-contre-les-all-blacks-lavis-de-la-federation-neo-zelandaise","status":"publish","type":"post","link":"https:\/\/www.europesays.com\/fr\/234949\/","title":{"rendered":"le XV de France avec une \u00e9quipe B contre les All Blacks ? L\u2019avis de la f\u00e9d\u00e9ration n\u00e9o-z\u00e9landaise"},"content":{"rendered":"<p>Le directeur g\u00e9n\u00e9ral de la f\u00e9d\u00e9ration n\u00e9o-z\u00e9landaise a pris position sur la gestion d\u2019effectif de Fabien Galthi\u00e9 concernant la tourn\u00e9e d\u2019\u00e9t\u00e9 des Bleus.<\/p>\n<p class=\"fig-paragraph\"><a href=\"http:\/\/www.lefigaro.fr\/sports\/rugby\/xv-de-france\/xv-de-france-malheureusement-on-ne-peut-pas-faire-mieux-galthie-repond-aux-critiques-autour-des-bleus-presents-en-nouvelle-zelande-20250703\" data-fig-type=\"NewsFlash\" data-gtm-custom-categorie=\"navigation\" data-gtm-custom-action=\"crossclick\" data-gtm-custom-label=\"Contextuel\" data-gtm-event=\"customEventSPE\" data-fig-domain=\"LEFIGARO\" target=\"_blank\" rel=\"noopener\">Le sujet a beaucoup fait parler<\/a>\u00a0depuis l\u2019arriv\u00e9e du XV de France en Nouvelle-Z\u00e9lande. Les critiques ont fus\u00e9 de la part des anciens joueurs et commentateurs. Depuis samedi et<a href=\"http:\/\/www.lefigaro.fr\/sports\/rugby\/xv-de-france\/xv-de-france-le-bulldozer-guillard-les-eclairs-d-attissogbe-les-notes-des-bleus-apres-la-courte-defaite-face-aux-all-blacks-20250705\" data-fig-type=\"NewsFlash\" data-gtm-custom-categorie=\"navigation\" data-gtm-custom-action=\"crossclick\" data-gtm-custom-label=\"Contextuel\" data-gtm-event=\"customEventSPE\" data-fig-domain=\"LEFIGARO\" target=\"_blank\" rel=\"noopener\">\u00a0la courte d\u00e9faite des Bleus contre les Blacks (31-27)<\/a>, le ton a chang\u00e9. Le respect est plus palpable, avec des N\u00e9o-z\u00e9landais pass\u00e9s tout pr\u00e8s de se faire surprendre par l\u2019effectif remani\u00e9 de Fabien Galthi\u00e9.<\/p>\n<p class=\"fig-paragraph\">Interrog\u00e9 sur la gestion du XV de France et l\u2019absence de la plupart des habituels titulaires, le directeur g\u00e9n\u00e9ral de la f\u00e9d\u00e9ration n\u00e9o-z\u00e9landaise Mark Robinson, dans un entretien \u00e0 l\u2019AFP, a livr\u00e9 son avis sur la question.<\/p>\n<blockquote class=\"fig-quote&#10;    \">\n<p class=\"fig-quote__text\">\u00ab Nous avons toujours esp\u00e9r\u00e9 que, pour nos fans, nous verrions des joueurs connus. Mais nous devons respecter le fait que la France a certaines contraintes li\u00e9es \u00e0 son championnat\u00a0\u00bb<\/p>\n<p>            Mark Robinson, Directeur g\u00e9n\u00e9ral de la f\u00e9d\u00e9ration n\u00e9o-z\u00e9landaise\n    <\/p><\/blockquote>\n<p>                                    <a class=\"fig-a11y-skip a11y-hidden\" href=\"#fig-a11y-skip-main-inarticle\"><br \/>\n        Passer la publicit\u00e9<br \/>\n    <\/a><\/p>\n<p class=\"fig-paragraph\">\u00abLes critiques sont venues de commentateurs m\u00e9diatiques et d\u2019anciens joueurs, pas de la F\u00e9d\u00e9ration, avoue le dirigeant. Nous avons toujours esp\u00e9r\u00e9 que, pour nos fans, nous verrions des joueurs connus. Mais nous devons respecter le fait que la France a certaines contraintes li\u00e9es \u00e0 son championnat. Nous en avons discut\u00e9 en priv\u00e9 et ces discussions resteront confidentielles. Mais nous n\u2019avions aucun doute sur le fait qu\u2019il s\u2019agirait d\u2019une \u00e9quipe tr\u00e8s comp\u00e9titive.\u00bb Prochain rendez-vous entre les deux nations samedi \u00e0 9h05 (heure fran\u00e7aise).<\/p>\n","protected":false},"excerpt":{"rendered":"Le directeur g\u00e9n\u00e9ral de la f\u00e9d\u00e9ration n\u00e9o-z\u00e9landaise a pris position sur la gestion d\u2019effectif de Fabien Galthi\u00e9 concernant&hellip;\n","protected":false},"author":2,"featured_media":234950,"comment_status":"","ping_status":"","sticky":false,"template":"","format":"standard","meta":{"footnotes":""},"categories":[2],"tags":[11,2305,515,1011,27,12,25,513],"class_list":{"0":"post-234949","1":"post","2":"type-post","3":"status-publish","4":"format-standard","5":"has-post-thumbnail","7":"category-actualites","8":"tag-actualites","9":"tag-all-blacks","10":"tag-fabien-galthie","11":"tag-fr","12":"tag-france","13":"tag-news","14":"tag-republique-francaise","15":"tag-xv-de-france"},"share_on_mastodon":{"url":"https:\/\/pubeurope.com\/@fr\/114817267664353945","error":""},"_links":{"self":[{"href":"https:\/\/www.europesays.com\/fr\/wp-json\/wp\/v2\/posts\/234949","targetHints":{"allow":["GET"]}}],"collection":[{"href":"https:\/\/www.europesays.com\/fr\/wp-json\/wp\/v2\/posts"}],"about":[{"href":"https:\/\/www.europesays.com\/fr\/wp-json\/wp\/v2\/types\/post"}],"author":[{"embeddable":true,"href":"https:\/\/www.europesays.com\/fr\/wp-json\/wp\/v2\/users\/2"}],"replies":[{"embeddable":true,"href":"https:\/\/www.europesays.com\/fr\/wp-json\/wp\/v2\/comments?post=234949"}],"version-history":[{"count":0,"href":"https:\/\/www.europesays.com\/fr\/wp-json\/wp\/v2\/posts\/234949\/revisions"}],"wp:featuredmedia":[{"embeddable":true,"href":"https:\/\/www.europesays.com\/fr\/wp-json\/wp\/v2\/media\/234950"}],"wp:attachment":[{"href":"https:\/\/www.europesays.com\/fr\/wp-json\/wp\/v2\/media?parent=234949"}],"wp:term":[{"taxonomy":"category","embeddable":true,"href":"https:\/\/www.europesays.com\/fr\/wp-json\/wp\/v2\/categories?post=234949"},{"taxonomy":"post_tag","embeddable":true,"href":"https:\/\/www.europesays.com\/fr\/wp-json\/wp\/v2\/tags?post=234949"}],"curies":[{"name":"wp","href":"https:\/\/api.w.org\/{rel}","templated":true}]}}