{"id":23495,"date":"2025-04-14T02:21:10","date_gmt":"2025-04-14T02:21:10","guid":{"rendered":"https:\/\/www.europesays.com\/fr\/23495\/"},"modified":"2025-04-14T02:21:10","modified_gmt":"2025-04-14T02:21:10","slug":"la-police-antiterroriste-saisie-apres-une-attaque-sur-trois-agents-penitentiaires","status":"publish","type":"post","link":"https:\/\/www.europesays.com\/fr\/23495\/","title":{"rendered":"la police antiterroriste saisie apr\u00e8s une attaque sur trois agents p\u00e9nitentiaires"},"content":{"rendered":"<p>L&rsquo;unit\u00e9 antiterroriste de la police du nord-est de l&rsquo;Angleterre a annonc\u00e9 samedi avoir \u00e9t\u00e9 saisie de l&rsquo;enqu\u00eate sur l&rsquo;agression de trois agents p\u00e9nitentiaires par le fr\u00e8re de l&rsquo;auteur de l&rsquo;attentat de Manchester qui avait fait 22 morts en 2017.<\/p>\n<p>Samedi, trois agents de la prison de Frankland (nord-est de l&rsquo;Angleterre), deux hommes et une femme, ont \u00e9t\u00e9 attaqu\u00e9s avec de l&rsquo;huile de cuisine chaude puis poignard\u00e9s avec des armes artisanales.<\/p>\n<p>Ils ont imm\u00e9diatement \u00e9t\u00e9 transport\u00e9s \u00e0 l&rsquo;h\u00f4pital, deux dans un \u00e9tat grave. Leurs vies ne sont plus en danger mais ils restent hospitalis\u00e9s dimanche, selon un dernier communiqu\u00e9 du syndicat britannique des gardiens de prison POA.<\/p>\n<p>L&rsquo;unit\u00e9 antiterroriste de la police du nord-est de l&rsquo;Angleterre a indiqu\u00e9 \u00eatre en charge de l&rsquo;affaire \u00ab\u00a0compte tenu de la nature de l&rsquo;incident\u00a0\u00bb, pr\u00e9cisant que l&rsquo;assaillant avait \u00e9t\u00e9 arr\u00eat\u00e9.<\/p>\n<p>Elle s&rsquo;est refus\u00e9e \u00e0 plus de commentaires.<\/p>\n<p>Selon le POA, l&rsquo;assaillant en question est Hashem Abedi, condamn\u00e9 \u00e0 la prison \u00e0 perp\u00e9tuit\u00e9 pour avoir aid\u00e9 son fr\u00e8re kamikaze, Salman, \u00e0 pr\u00e9parer l&rsquo;attentat \u00e0 la bombe qui avait fait 22 morts et des centaines de bless\u00e9s \u00e0 la sortie d&rsquo;un concert, en mai 2017 \u00e0 Manchester (nord-ouest de l&rsquo;Angleterre).<\/p>\n<p>Au moment de l&rsquo;attaque, Hashem Abedi se trouvait \u00e0 des milliers de kilom\u00e8tres de Manchester, en Libye, son pays d&rsquo;origine, o\u00f9 il \u00e9tait parti un mois avant l&rsquo;attentat. Il avait finalement \u00e9t\u00e9 arr\u00eat\u00e9 le 17 juillet 2019 \u00e0 son arriv\u00e9e \u00e0 Londres, apr\u00e8s avoir \u00e9t\u00e9 extrad\u00e9 par la Libye.<\/p>\n<p>Dimanche, le minist\u00e8re de la Justice a annonc\u00e9 l&rsquo;ouverture d&rsquo;une enqu\u00eate interne.<\/p>\n<p>\u00ab\u00a0Il y aura un examen complet de la mani\u00e8re dont cette attaque a pu se produire, parall\u00e8lement \u00e0 l&rsquo;enqu\u00eate distincte de la police\u00a0\u00bb, a pr\u00e9cis\u00e9 un porte-parole du minist\u00e8re, ajoutant que le gouvernement \u00ab\u00a0fera tout\u00a0\u00bb pour assurer la s\u00e9curit\u00e9 des ses agents.<\/p>\n<p>La veille, la ministre de la Justice Shabana Mahmood s&rsquo;\u00e9tait dite \u00ab\u00a0constern\u00e9e\u00a0\u00bb par l&rsquo;attaque de Frankland, indiquant sur X qu&rsquo;elle r\u00e9clamerait \u00ab\u00a0la sanction la plus s\u00e9v\u00e8re possible\u00a0\u00bb, \u00e0 l&rsquo;encontre de l&rsquo;assaillant.<\/p>\n<p>adm\/mr<\/p>\n","protected":false},"excerpt":{"rendered":"L&rsquo;unit\u00e9 antiterroriste de la police du nord-est de l&rsquo;Angleterre a annonc\u00e9 samedi avoir \u00e9t\u00e9 saisie de l&rsquo;enqu\u00eate sur&hellip;\n","protected":false},"author":2,"featured_media":23496,"comment_status":"","ping_status":"","sticky":false,"template":"","format":"standard","meta":{"footnotes":""},"categories":[1588],"tags":[11,1777,674,3371,8550,12,8549,473,1853,1851,1850,1852],"class_list":{"0":"post-23495","1":"post","2":"type-post","3":"status-publish","4":"format-standard","5":"has-post-thumbnail","7":"category-royaume-uni","8":"tag-actualites","9":"tag-eu","10":"tag-europe","11":"tag-la-police","12":"tag-la-prison","13":"tag-news","14":"tag-prison-a-perpetuite","15":"tag-royaume-uni","16":"tag-royaume-uni-de-grande-bretagne-et-dirlande-du-nord","17":"tag-uk","18":"tag-united-kingdom","19":"tag-united-kingdom-of-great-britain-and-northern-ireland"},"share_on_mastodon":{"url":"https:\/\/pubeurope.com\/@fr\/114333934123384377","error":""},"_links":{"self":[{"href":"https:\/\/www.europesays.com\/fr\/wp-json\/wp\/v2\/posts\/23495","targetHints":{"allow":["GET"]}}],"collection":[{"href":"https:\/\/www.europesays.com\/fr\/wp-json\/wp\/v2\/posts"}],"about":[{"href":"https:\/\/www.europesays.com\/fr\/wp-json\/wp\/v2\/types\/post"}],"author":[{"embeddable":true,"href":"https:\/\/www.europesays.com\/fr\/wp-json\/wp\/v2\/users\/2"}],"replies":[{"embeddable":true,"href":"https:\/\/www.europesays.com\/fr\/wp-json\/wp\/v2\/comments?post=23495"}],"version-history":[{"count":0,"href":"https:\/\/www.europesays.com\/fr\/wp-json\/wp\/v2\/posts\/23495\/revisions"}],"wp:featuredmedia":[{"embeddable":true,"href":"https:\/\/www.europesays.com\/fr\/wp-json\/wp\/v2\/media\/23496"}],"wp:attachment":[{"href":"https:\/\/www.europesays.com\/fr\/wp-json\/wp\/v2\/media?parent=23495"}],"wp:term":[{"taxonomy":"category","embeddable":true,"href":"https:\/\/www.europesays.com\/fr\/wp-json\/wp\/v2\/categories?post=23495"},{"taxonomy":"post_tag","embeddable":true,"href":"https:\/\/www.europesays.com\/fr\/wp-json\/wp\/v2\/tags?post=23495"}],"curies":[{"name":"wp","href":"https:\/\/api.w.org\/{rel}","templated":true}]}}