{"id":234953,"date":"2025-07-08T11:01:17","date_gmt":"2025-07-08T11:01:17","guid":{"rendered":"https:\/\/www.europesays.com\/fr\/234953\/"},"modified":"2025-07-08T11:01:17","modified_gmt":"2025-07-08T11:01:17","slug":"scheffler-entre-dans-sa-148e-semaine-au-sommet-de-la-hierarchie-mondiale-victor-perez-ressort-du-top-100","status":"publish","type":"post","link":"https:\/\/www.europesays.com\/fr\/234953\/","title":{"rendered":"Scheffler entre dans sa 148e semaine au sommet de la hi\u00e9rarchie mondiale, Victor Perez ressort du top 100"},"content":{"rendered":"<p>\t\t\t\t\t\t<img width=\"770\" height=\"556\" src=\"https:\/\/www.europesays.com\/fr\/wp-content\/uploads\/2025\/04\/golf-pga-tour-hero-world-challenge-scottie-scheffler-matthieu-pavon-tiger-woods-770x556.jpg\" class=\"img-responsive wp-post-image\" alt=\"\" decoding=\"async\" fetchpriority=\"high\"  \/>\t\t\t\t\t<\/p>\n<p>\t\t\t\t\t\t Partager cet article <\/p>\n<p class=\"screen-reader-text juiz_sps_maybe_hidden_text\">Partager la publication \u00ab\u00a0Scheffler entre dans sa 148e semaine au sommet de la hi\u00e9rarchie mondiale, Victor Perez ressort du top 100\u00a0\u00bb<\/p>\n<p><strong>L\u2019Am\u00e9ricain Scottie Scheffler poss\u00e8de une telle avance sur Rory McIlroy que sa place de num\u00e9ro un mondial ne risque pas d\u2019\u00eatre menac\u00e9e avant plusieurs mois. Il reste cependant encore tr\u00e8s loin des 683 semaines de Tiger Woods.<\/strong><\/p>\n<p>\u00a0<\/p>\n<p>Combien de temps va s\u2019\u00e9tendre le r\u00e8gne de Scottie Scheffler ?<\/p>\n<p>Le Texan approche des 150 semaines \u00e0 la place de num\u00e9ro 1 mondial. Et avec plus de 7 points d\u2019avance sur son principal rival, Rory McIlroy, il devrait conserver son tr\u00f4ne encore plusieurs mois avant d\u2019\u00eatre \u00e9ventuellement inqui\u00e9t\u00e9.<\/p>\n<p>Rappelons que deux joueurs ont occup\u00e9 cette place plus longtemps que lui, <strong>Greg<\/strong> <strong>Norman<\/strong> (331 semaines) et <strong>Tiger<\/strong> <strong>Woods<\/strong> (683 semaines) et que pour \u00e9galer Woods il faudra que Scheffler \u00e9tende sa domination jusqu\u2019en 2035 !<\/p>\n<p>\t\t\t\t<img loading=\"lazy\" decoding=\"async\" src=\"data:image\/svg+xml,%3Csvg%20xmlns=\" http:=\"\" attributionsrc=\"\" border=\"0\" height=\"1\" width=\"1\" alt=\"Advertisement\" data-lazy-src=\"https:\/\/www.europesays.com\/fr\/wp-content\/uploads\/2025\/04\/B33047934.412404309;dc_trk_aid=603484932;dc_trk_cid=227659580;ord=[timestamp];dc_lat=;dc_rdid=;tag_f.gif\"\/><\/p>\n<p>\t\t\t\t\t<a id=\"158178\" href=\"https:\/\/ad.doubleclick.net\/ddm\/trackclk\/N1153799.3770024GOLFPLANATE\/B33047934.412404309;dc_trk_aid=603484932;dc_trk_cid=227659580;dc_lat=;dc_rdid=;tag_for_child_directed_treatment=;tfua=;gdpr=${GDPR};gdpr_consent=${GDPR_CONSENT_755};ltd=;dc_tdv=1\" target=\"_blank\" rel=\"sponsorised nofollow noopener\"><img decoding=\"async\" src=\"data:image\/svg+xml,%3Csvg%20xmlns=\" http:=\"\" class=\"img-responsive\" alt=\"\" data-lazy-src=\"https:\/\/www.europesays.com\/fr\/wp-content\/uploads\/2025\/04\/callaway-e01-elyte-driver-770x385-1.jpg\"\/><\/a><\/p>\n<p>Cons\u00e9cutivement le Tigre est rest\u00e9 281 semaines au sommet de la hi\u00e9rarchie ce qui constitue \u00e9galement un record.<\/p>\n<p>Dans le top 20 du classement mondial rien \u00e0 signaler cette semaine si ce n\u2019est le recul d\u2019un rang de <strong>Sepp<\/strong> <strong>Straka<\/strong> au profit de <strong>Ludvig<\/strong> <strong>\u00c5berg<\/strong>.<\/p>\n<p>\u00a0<\/p>\n<p><a href=\"https:\/\/www.golfplanete.com\/actualites\/pga-tour-john-deere-classic-brian-campbell-roi-du-play-off-simpose-pour-la-deuxieme-fois-de-la-saison-elimine-vendredi-victor-perez-recule-a-la-fedex-cup\/\" rel=\"nofollow noopener\" target=\"_blank\">Le vainqueur du John Deere Classic<\/a>, <strong>Brian Campbell<\/strong> a gagn\u00e9 60 places, passant du 115e rang \u00e0 la 55e place.<\/p>\n<p>\u00a0<\/p>\n<p>Le top 20 du classemement mondial<\/p>\n<p><img loading=\"lazy\" decoding=\"async\" class=\"alignnone wp-image-178746 size-image-largeur-770\" src=\"data:image\/svg+xml,%3Csvg%20xmlns=\" http:=\"\" alt=\"\" width=\"770\" height=\"946\" data-lazy- data-lazy- data-lazy-src=\"https:\/\/www.europesays.com\/fr\/wp-content\/uploads\/2025\/07\/capture-2025-07-08-a-05.53.54-770x946.jpg\"\/><\/p>\n<p>\u00a0<\/p>\n<p>Les Fran\u00e7ais<\/p>\n<p>Chez les Fran\u00e7ais le cut manqu\u00e9 de <strong>Victor<\/strong> <strong>Perez<\/strong> qui l\u2019a fait sortir du top 100 de la FedEx Cup a aussi des cons\u00e9quences sur son classement mondial. Le Tarbais qui avait r\u00e9int\u00e9gr\u00e9 le top 100 d\u00e9but juin perd 6 places et se retrouve 103e.<\/p>\n<p>\t\t\t\t\t<a id=\"177181\" href=\"http:\/\/charleskent-golf.com\/andalucia-majors\/\" target=\"_blank\" rel=\"sponsorised nofollow noopener\"><img decoding=\"async\" src=\"data:image\/svg+xml,%3Csvg%20xmlns=\" http:=\"\" class=\"img-responsive\" alt=\"\" data-lazy-src=\"https:\/\/www.europesays.com\/fr\/wp-content\/uploads\/2025\/06\/charleskent-e03-andalucia-majors-1170x275-1.gif\"\/><\/a><\/p>\n<p>Recul aussi de 6 place pour son ancien comp\u00e8re de la St Laurent Golf Team, <strong>Matthieu<\/strong> <strong>Pavon<\/strong> d\u00e9sormais 87e mondial. <strong>Martin<\/strong> <strong>Couvra<\/strong> perd lui 10 places mais avec le Scottish Open de cette semaine les tricolores pr\u00e9sents au Renaissance Club auront l\u2019occasion d\u2019inscrire de \u201cgros\u201d points.<\/p>\n<p>\u00a0<\/p>\n<p><img loading=\"lazy\" decoding=\"async\" class=\"alignnone wp-image-178747 size-image-largeur-770\" src=\"data:image\/svg+xml,%3Csvg%20xmlns=\" http:=\"\" alt=\"\" width=\"770\" height=\"1095\" data-lazy- data-lazy- data-lazy-src=\"https:\/\/www.europesays.com\/fr\/wp-content\/uploads\/2025\/07\/capture-2025-07-08-a-05.54.38-770x1095.jpg\"\/><\/p>\n<p>\u00a0<\/p>\n<p>Photo :\u00a0 DAVID CANNON \/ David Cannon Collection \/ Getty Images via AFP<\/p>\n","protected":false},"excerpt":{"rendered":"Partager cet article Partager la publication \u00ab\u00a0Scheffler entre dans sa 148e semaine au sommet de la hi\u00e9rarchie mondiale,&hellip;\n","protected":false},"author":2,"featured_media":30702,"comment_status":"","ping_status":"","sticky":false,"template":"","format":"standard","meta":{"footnotes":""},"categories":[1418],"tags":[1011,27,1472,60],"class_list":{"0":"post-234953","1":"post","2":"type-post","3":"status-publish","4":"format-standard","5":"has-post-thumbnail","7":"category-golf","8":"tag-fr","9":"tag-france","10":"tag-golf","11":"tag-sports"},"share_on_mastodon":{"url":"https:\/\/pubeurope.com\/@fr\/114817275485125640","error":""},"_links":{"self":[{"href":"https:\/\/www.europesays.com\/fr\/wp-json\/wp\/v2\/posts\/234953","targetHints":{"allow":["GET"]}}],"collection":[{"href":"https:\/\/www.europesays.com\/fr\/wp-json\/wp\/v2\/posts"}],"about":[{"href":"https:\/\/www.europesays.com\/fr\/wp-json\/wp\/v2\/types\/post"}],"author":[{"embeddable":true,"href":"https:\/\/www.europesays.com\/fr\/wp-json\/wp\/v2\/users\/2"}],"replies":[{"embeddable":true,"href":"https:\/\/www.europesays.com\/fr\/wp-json\/wp\/v2\/comments?post=234953"}],"version-history":[{"count":0,"href":"https:\/\/www.europesays.com\/fr\/wp-json\/wp\/v2\/posts\/234953\/revisions"}],"wp:featuredmedia":[{"embeddable":true,"href":"https:\/\/www.europesays.com\/fr\/wp-json\/wp\/v2\/media\/30702"}],"wp:attachment":[{"href":"https:\/\/www.europesays.com\/fr\/wp-json\/wp\/v2\/media?parent=234953"}],"wp:term":[{"taxonomy":"category","embeddable":true,"href":"https:\/\/www.europesays.com\/fr\/wp-json\/wp\/v2\/categories?post=234953"},{"taxonomy":"post_tag","embeddable":true,"href":"https:\/\/www.europesays.com\/fr\/wp-json\/wp\/v2\/tags?post=234953"}],"curies":[{"name":"wp","href":"https:\/\/api.w.org\/{rel}","templated":true}]}}