{"id":234954,"date":"2025-07-08T11:03:10","date_gmt":"2025-07-08T11:03:10","guid":{"rendered":"https:\/\/www.europesays.com\/fr\/234954\/"},"modified":"2025-07-08T11:03:10","modified_gmt":"2025-07-08T11:03:10","slug":"officiel-olivier-azam-fait-son-grand-retour-en-top-14","status":"publish","type":"post","link":"https:\/\/www.europesays.com\/fr\/234954\/","title":{"rendered":"OFFICIEL : Olivier Azam fait son grand retour en Top 14 !"},"content":{"rendered":"<p>C\u2019est d\u00e9sormais officiel : le technicien Fran\u00e7ais Olivier Azam d\u00e9barque en Top 14.<\/p>\n<p>En effet, Olivier Azam a \u00e9t\u00e9 nomm\u00e9 entraineur des avants du Racing 92 pour les saisons \u00e0 venir.<\/p>\n<p>Ce-dernier a sign\u00e9 un contrat avec le club Francilien jusqu\u2019au mois de juin 2027.<\/p>\n<p>Pass\u00e9 par Toulon (2011 \/ 2013), Lyon (2013 \/ 2015), Oyonnax (2015), Stade-Fran\u00e7ais (2017 \/ 2018), l\u2019Angleterre U20 (2019 \/ 2020) et Montpellier (2020 \/ 2022), Olivier Azam va donc renouer avec le Top 14 d\u00e8s cet \u00e9t\u00e9.<\/p>\n<p>Il sera l\u2019adjoint du manager Patrice Collazo pour les deux saisons \u00e0 venir.<\/p>\n","protected":false},"excerpt":{"rendered":"C\u2019est d\u00e9sormais officiel : le technicien Fran\u00e7ais Olivier Azam d\u00e9barque en Top 14. En effet, Olivier Azam a&hellip;\n","protected":false},"author":2,"featured_media":234955,"comment_status":"","ping_status":"","sticky":false,"template":"","format":"standard","meta":{"footnotes":""},"categories":[1416],"tags":[1011,27,479,1468,60],"class_list":{"0":"post-234954","1":"post","2":"type-post","3":"status-publish","4":"format-standard","5":"has-post-thumbnail","7":"category-rugby","8":"tag-fr","9":"tag-france","10":"tag-rugby","11":"tag-rugby-football","12":"tag-sports"},"share_on_mastodon":{"url":"https:\/\/pubeurope.com\/@fr\/114817283133258338","error":""},"_links":{"self":[{"href":"https:\/\/www.europesays.com\/fr\/wp-json\/wp\/v2\/posts\/234954","targetHints":{"allow":["GET"]}}],"collection":[{"href":"https:\/\/www.europesays.com\/fr\/wp-json\/wp\/v2\/posts"}],"about":[{"href":"https:\/\/www.europesays.com\/fr\/wp-json\/wp\/v2\/types\/post"}],"author":[{"embeddable":true,"href":"https:\/\/www.europesays.com\/fr\/wp-json\/wp\/v2\/users\/2"}],"replies":[{"embeddable":true,"href":"https:\/\/www.europesays.com\/fr\/wp-json\/wp\/v2\/comments?post=234954"}],"version-history":[{"count":0,"href":"https:\/\/www.europesays.com\/fr\/wp-json\/wp\/v2\/posts\/234954\/revisions"}],"wp:featuredmedia":[{"embeddable":true,"href":"https:\/\/www.europesays.com\/fr\/wp-json\/wp\/v2\/media\/234955"}],"wp:attachment":[{"href":"https:\/\/www.europesays.com\/fr\/wp-json\/wp\/v2\/media?parent=234954"}],"wp:term":[{"taxonomy":"category","embeddable":true,"href":"https:\/\/www.europesays.com\/fr\/wp-json\/wp\/v2\/categories?post=234954"},{"taxonomy":"post_tag","embeddable":true,"href":"https:\/\/www.europesays.com\/fr\/wp-json\/wp\/v2\/tags?post=234954"}],"curies":[{"name":"wp","href":"https:\/\/api.w.org\/{rel}","templated":true}]}}