{"id":234957,"date":"2025-07-08T11:05:12","date_gmt":"2025-07-08T11:05:12","guid":{"rendered":"https:\/\/www.europesays.com\/fr\/234957\/"},"modified":"2025-07-08T11:05:12","modified_gmt":"2025-07-08T11:05:12","slug":"la-retrogradation-en-ligue-regionale-confirmee-pour-deux-equipes-postup-fr","status":"publish","type":"post","link":"https:\/\/www.europesays.com\/fr\/234957\/","title":{"rendered":"La r\u00e9trogradation en ligue r\u00e9gionale confirm\u00e9e pour deux \u00e9quipes ! &#8211; Postup.fr"},"content":{"rendered":"<p><a class=\"hupso_toolbar\" href=\"https:\/\/www.hupso.com\/share\/\" data-wpel-link=\"external\" target=\"_blank\" rel=\"external noopener noreferrer\"><img decoding=\"async\" src=\"https:\/\/www.europesays.com\/fr\/wp-content\/uploads\/2025\/05\/share-small.png\" style=\"border:0px; padding-top: 5px; float:left;\" alt=\"Share Button\" \/><\/a><\/p>\n<p style=\"text-align: center;\"><img loading=\"lazy\" decoding=\"async\" class=\"alignnone wp-image-3081\" src=\"https:\/\/www.europesays.com\/fr\/wp-content\/uploads\/2025\/07\/logo-ffbb-large.jpg\" alt=\"\" width=\"150\" height=\"108\"   \/><\/p>\n<p>\u00a0<\/p>\n<p style=\"text-align: justify;\">La sentence est tomb\u00e9e cet apr\u00e8s-midi. La Chambre d\u2019Appel \u2013 Section Financi\u00e8re de la FFBB <a href=\"https:\/\/www.ffbb.com\/actualites\/les-decisions-ont-ete-prises\" data-wpel-link=\"external\" target=\"_blank\" rel=\"external noopener noreferrer\">a confirm\u00e9<\/a> la r\u00e9trogradation des \u00e9quipes de La Glacerie et de Roanne en ligue r\u00e9gionale.<\/p>\n<p style=\"text-align: justify;\">L\u2019USLG devait \u00e9voluer en NF1 tandis que les Pink Ladies avaient \u00e9t\u00e9 r\u00e9trograd\u00e9es sportivement en NF2. Les clubs concern\u00e9s peuvent contester ces d\u00e9cisions aupr\u00e8s du Tribunal Administratif mais avant cela, ils devront saisir le CNOSF dans un d\u00e9lai de 15 jours.<\/p>\n","protected":false},"excerpt":{"rendered":"\u00a0 La sentence est tomb\u00e9e cet apr\u00e8s-midi. La Chambre d\u2019Appel \u2013 Section Financi\u00e8re de la FFBB a confirm\u00e9&hellip;\n","protected":false},"author":2,"featured_media":234958,"comment_status":"","ping_status":"","sticky":false,"template":"","format":"standard","meta":{"footnotes":""},"categories":[1414],"tags":[1465,1464,37359,21403,1011,27,37360,37361,37362,9838,60],"class_list":{"0":"post-234957","1":"post","2":"type-post","3":"status-publish","4":"format-standard","5":"has-post-thumbnail","7":"category-basket","8":"tag-basket","9":"tag-basketball","10":"tag-chambre-dappel","11":"tag-cnosf","12":"tag-fr","13":"tag-france","14":"tag-la-glacerie","15":"tag-nf1","16":"tag-nf2","17":"tag-roanne","18":"tag-sports"},"share_on_mastodon":{"url":"https:\/\/pubeurope.com\/@fr\/114817291004718717","error":""},"_links":{"self":[{"href":"https:\/\/www.europesays.com\/fr\/wp-json\/wp\/v2\/posts\/234957","targetHints":{"allow":["GET"]}}],"collection":[{"href":"https:\/\/www.europesays.com\/fr\/wp-json\/wp\/v2\/posts"}],"about":[{"href":"https:\/\/www.europesays.com\/fr\/wp-json\/wp\/v2\/types\/post"}],"author":[{"embeddable":true,"href":"https:\/\/www.europesays.com\/fr\/wp-json\/wp\/v2\/users\/2"}],"replies":[{"embeddable":true,"href":"https:\/\/www.europesays.com\/fr\/wp-json\/wp\/v2\/comments?post=234957"}],"version-history":[{"count":0,"href":"https:\/\/www.europesays.com\/fr\/wp-json\/wp\/v2\/posts\/234957\/revisions"}],"wp:featuredmedia":[{"embeddable":true,"href":"https:\/\/www.europesays.com\/fr\/wp-json\/wp\/v2\/media\/234958"}],"wp:attachment":[{"href":"https:\/\/www.europesays.com\/fr\/wp-json\/wp\/v2\/media?parent=234957"}],"wp:term":[{"taxonomy":"category","embeddable":true,"href":"https:\/\/www.europesays.com\/fr\/wp-json\/wp\/v2\/categories?post=234957"},{"taxonomy":"post_tag","embeddable":true,"href":"https:\/\/www.europesays.com\/fr\/wp-json\/wp\/v2\/tags?post=234957"}],"curies":[{"name":"wp","href":"https:\/\/api.w.org\/{rel}","templated":true}]}}