{"id":234973,"date":"2025-07-08T11:13:09","date_gmt":"2025-07-08T11:13:09","guid":{"rendered":"https:\/\/www.europesays.com\/fr\/234973\/"},"modified":"2025-07-08T11:13:09","modified_gmt":"2025-07-08T11:13:09","slug":"secret-story-cette-photo-qui-prouve-quaimed-avait-deja-participe-a-lemission","status":"publish","type":"post","link":"https:\/\/www.europesays.com\/fr\/234973\/","title":{"rendered":"Secret Story : cette photo qui prouve qu\u2019A\u00efmed avait d\u00e9j\u00e0 particip\u00e9 \u00e0 l\u2019\u00e9mission\u2026"},"content":{"rendered":"<p>      R\u00e9sum\u00e9<\/p>\n<p>Un clich\u00e9 d\u00e9voile qu\u2019A\u00efmed, candidat de Secret Story 13, avait d\u00e9j\u00e0 assist\u00e9 \u00e0 une pr\u00e9c\u00e9dente saison, renfor\u00e7ant les d\u00e9bats sur son comportement et son parcours dans l\u2019\u00e9mission.<\/p>\n<p>        Sommaire<\/p>\n<p>La treizi\u00e8me saison de Secret Story bat son plein et continue d\u2019alimenter les discussions en ligne. Un mois apr\u00e8s son grand retour \u00e0 l\u2019antenne, le programme culte de la t\u00e9l\u00e9-r\u00e9alit\u00e9 fran\u00e7aise a d\u00e9j\u00e0 ses favoris\u2026 et ses candidats les plus clivants.<\/p>\n<p>Parmi eux, <strong>A\u00efmed<\/strong>, 25 ans, intrigue, agace et fait parler de lui. Et pour cause : ce nouveau visage de l\u2019\u00e9mission n\u2019est pas totalement inconnu des fans les plus attentifs.<\/p>\n<p>De fan \u00e0 participant : un parcours remarqu\u00e9<\/p>\n<p>Il y a quelques jours, les internautes ont exhum\u00e9 un clich\u00e9 datant d\u2019avril 2024 qui \u00e9claire d\u2019un jour nouveau la trajectoire d\u2019A\u00efmed. Sur une publication de <a href=\"https:\/\/www.public.fr\/home-jacking-de-christophe-beaugrand-le-montant-du-butin-devoile\" target=\"_blank\" rel=\"noopener\">l\u2019animateur Christophe Beaugrand<\/a>, on peut apercevoir le jeune homme en arri\u00e8re-plan d\u2019un selfie pris avec le public de la quotidienne d\u2019\u00e9limination. \u00c0 l\u2019\u00e9poque, la douzi\u00e8me saison battait son plein et voyait Alexis s\u2019imposer en finale.<\/p>\n<p>\u00ab\u00a0Avec les spectateurs de la quotidienne d\u2019\u00e9limination du jour\u00a0\u00bb, \u00e9crivait Beaugrand sur X (anciennement Twitter), le 26 avril 2024.<\/p>\n<p>\u00c0 la surprise g\u00e9n\u00e9rale, certains internautes ont rapidement reconnu A\u00efmed parmi les spectateurs : visiblement d\u00e9j\u00e0 passionn\u00e9 par le programme, il r\u00eavait sans doute de passer de l\u2019autre c\u00f4t\u00e9 de l\u2019\u00e9cran.<\/p>\n<p>Un candidat qui divise<\/p>\n<p>Aujourd\u2019hui, ce r\u00eave est devenu r\u00e9alit\u00e9. Mais son comportement dans la maison des secrets ne fait pas l\u2019unanimit\u00e9. Tr\u00e8s s\u00fbr de lui, strat\u00e8ge parfois \u00e0 l\u2019exc\u00e8s, <a href=\"https:\/\/www.public.fr\/secret-story-2025-drea-pimprenelle-aimed-decouvrez-les-14-candidats\" target=\"_blank\" rel=\"noopener\">A\u00efmed agace autant qu\u2019il fascine<\/a>. Sur les r\u00e9seaux sociaux, son nom revient fr\u00e9quemment, souvent associ\u00e9 \u00e0 des critiques sur son attitude jug\u00e9e \u00ab\u00a0hautaine\u00a0\u00bb, voire \u00ab\u00a0calcul\u00e9e\u00a0\u00bb.<\/p>\n<p>\u00ab\u00a0Il pense d\u00e9j\u00e0 \u00eatre en finale\u00a0\u00bb, tacle un internaute. D\u2019autres d\u00e9noncent une volont\u00e9 trop visible de \u00ab\u00a0faire le show\u00a0\u00bb, l\u00e0 o\u00f9 certains candidats misent sur la discr\u00e9tion ou l\u2019authenticit\u00e9. Le fait qu\u2019il ait d\u00e9j\u00e0 \u00e9t\u00e9 dans le public alimente les soup\u00e7ons : aurait-il \u00e9t\u00e9 rep\u00e9r\u00e9, voire favoris\u00e9 par la production ? La th\u00e9orie n\u2019a rien d\u2019exceptionnel dans l\u2019univers de la t\u00e9l\u00e9-r\u00e9alit\u00e9, o\u00f9 certains candidats sont cast\u00e9s bien avant leur \u00ab\u00a0d\u00e9couverte\u00a0\u00bb \u00e0 l\u2019\u00e9cran.<\/p>\n<p>      Mentionn\u00e9s dans cet article<\/p>\n<p>\u00c0 lire aussi<\/p>\n","protected":false},"excerpt":{"rendered":"R\u00e9sum\u00e9 Un clich\u00e9 d\u00e9voile qu\u2019A\u00efmed, candidat de Secret Story 13, avait d\u00e9j\u00e0 assist\u00e9 \u00e0 une pr\u00e9c\u00e9dente saison, renfor\u00e7ant&hellip;\n","protected":false},"author":2,"featured_media":234974,"comment_status":"","ping_status":"","sticky":false,"template":"","format":"standard","meta":{"footnotes":""},"categories":[1356],"tags":[426,58,59,1011,27,29901,252,1364],"class_list":{"0":"post-234973","1":"post","2":"type-post","3":"status-publish","4":"format-standard","5":"has-post-thumbnail","7":"category-television","8":"tag-candidat","9":"tag-divertissement","10":"tag-entertainment","11":"tag-fr","12":"tag-france","13":"tag-secret-story","14":"tag-television","15":"tag-tv"},"share_on_mastodon":{"url":"https:\/\/pubeurope.com\/@fr\/114817322719678139","error":""},"_links":{"self":[{"href":"https:\/\/www.europesays.com\/fr\/wp-json\/wp\/v2\/posts\/234973","targetHints":{"allow":["GET"]}}],"collection":[{"href":"https:\/\/www.europesays.com\/fr\/wp-json\/wp\/v2\/posts"}],"about":[{"href":"https:\/\/www.europesays.com\/fr\/wp-json\/wp\/v2\/types\/post"}],"author":[{"embeddable":true,"href":"https:\/\/www.europesays.com\/fr\/wp-json\/wp\/v2\/users\/2"}],"replies":[{"embeddable":true,"href":"https:\/\/www.europesays.com\/fr\/wp-json\/wp\/v2\/comments?post=234973"}],"version-history":[{"count":0,"href":"https:\/\/www.europesays.com\/fr\/wp-json\/wp\/v2\/posts\/234973\/revisions"}],"wp:featuredmedia":[{"embeddable":true,"href":"https:\/\/www.europesays.com\/fr\/wp-json\/wp\/v2\/media\/234974"}],"wp:attachment":[{"href":"https:\/\/www.europesays.com\/fr\/wp-json\/wp\/v2\/media?parent=234973"}],"wp:term":[{"taxonomy":"category","embeddable":true,"href":"https:\/\/www.europesays.com\/fr\/wp-json\/wp\/v2\/categories?post=234973"},{"taxonomy":"post_tag","embeddable":true,"href":"https:\/\/www.europesays.com\/fr\/wp-json\/wp\/v2\/tags?post=234973"}],"curies":[{"name":"wp","href":"https:\/\/api.w.org\/{rel}","templated":true}]}}