{"id":234975,"date":"2025-07-08T11:14:12","date_gmt":"2025-07-08T11:14:12","guid":{"rendered":"https:\/\/www.europesays.com\/fr\/234975\/"},"modified":"2025-07-08T11:14:12","modified_gmt":"2025-07-08T11:14:12","slug":"france-inter-explose-tout-rtl-se-stabilise-et-rmc-plonge-en-fin-de-saison","status":"publish","type":"post","link":"https:\/\/www.europesays.com\/fr\/234975\/","title":{"rendered":"France Inter explose tout, RTL se stabilise et RMC plonge en fin de saison"},"content":{"rendered":"<p>C\u2019est une confirmation \u00e9clatante\u00a0: <a href=\"https:\/\/www.20minutes.fr\/medias\/france_inter\/\" class=\"color-ultramarine c-link\" target=\"_blank\" rel=\"noopener\">France Inter<\/a>, qui \u00e9tait d\u00e9j\u00e0 \u2013 depuis\u00a02019\u00a0! \u2013 la radio la plus \u00e9cout\u00e9e de France, conserve sa premi\u00e8re place pour la p\u00e9riode d\u2019avril \u00e0 juin\u00a02025, confirmant sa hausse de 155.000 auditeurs (en moyenne) sur un an, selon les chiffres publi\u00e9s par <a href=\"https:\/\/www.20minutes.fr\/dossier\/mediametrie\" class=\"color-ultramarine c-link\" target=\"_blank\" rel=\"noopener\">M\u00e9diam\u00e9trie<\/a> ce mardi 8\u00a0juillet 2025 et <a href=\"https:\/\/www.ozap.com\/actu\/audiences-radio-fin-de-saison-historique-pour-france-inter-rtl-se-stabilise-rmc-plonge-et-se-fait-rattraper-par-europe-1-ici-ex-france-bleu-seffondre\/650729\" rel=\"nofollow noopener\" target=\"_blank\" class=\"color-ultramarine c-link\">relay\u00e9s par PureM\u00e9dias<\/a>.<\/p>\n<p>Le m\u00e9dia radio en chute libre<\/p>\n<p>Le bilan est donc excellent pour la radio publique dirig\u00e9e par <a href=\"https:\/\/www.20minutes.fr\/arts-stars\/medias\/3240767-20220223-adele-van-reeth-remplacera-laurence-bloch-tete-france-inter\" class=\"color-ultramarine c-link\" target=\"_blank\" rel=\"noopener\">Ad\u00e8le Van Reeth<\/a> qui, cumulant plus de 7\u00a0millions d\u2019auditeurs, n\u2019avait jamais clos une saison \u00e0 un niveau aussi \u00e9lev\u00e9\u00a0! D\u2019autant que le <a href=\"https:\/\/www.20minutes.fr\/dossier\/radio\" class=\"color-ultramarine c-link\" target=\"_blank\" rel=\"noopener\">m\u00e9dia radio<\/a> enregistre la pire fin d\u2019exercice de son histoire avec 37,66\u00a0millions d\u2019auditeurs quotidiens (soit 550.000 de moins sur un an).<\/p>\n<\/p>\n<p>Deuxi\u00e8me sur le podium, <a href=\"https:\/\/www.20minutes.fr\/medias\/rtl\/\" class=\"color-ultramarine c-link\" target=\"_blank\" rel=\"noopener\">RTL<\/a> se stabilise avec une moyenne de 5,09\u00a0millions d\u2019auditeurs (+ 50.000 par rapport \u00e0 la m\u00eame p\u00e9riode l\u2019ann\u00e9e derni\u00e8re). La station esp\u00e8re se rapprocher d\u2019Inter d\u00e8s la rentr\u00e9e de fin ao\u00fbt\u00a02025 avec une matinale remani\u00e9e \u2013 dans laquelle se succ\u00e9deront <a href=\"https:\/\/www.20minutes.fr\/arts-stars\/medias\/4161751-20250703-rtl-faustine-bollaert-alex-vizorek-radio-va-remanier-matinees-rentree\" class=\"color-ultramarine c-link\" target=\"_blank\" rel=\"noopener\">Faustine Bollaert, Julien Courbet et Alex Vizorek<\/a> \u2013 et <a href=\"https:\/\/www.20minutes.fr\/arts-stars\/television\/4158740-20250616-ecartee-20-heures-france-2-anne-sophie-lapix-rejoint-rtl-m6-rentree\" class=\"color-ultramarine c-link\" target=\"_blank\" rel=\"noopener\">l\u2019arriv\u00e9e d\u2019Anne-Sophie Lapix<\/a> dans RTL soir.<\/p>\n<p>Des \u00ab\u00a0suiveurs\u00a0\u00bb au coude \u00e0 coude<\/p>\n<p><a href=\"https:\/\/www.20minutes.fr\/dossier\/france_info\" class=\"color-ultramarine c-link\" target=\"_blank\" rel=\"noopener\">France Info<\/a> et ses 4,77\u00a0millions d\u2019auditeurs sur cet ultime trimestre occupe sereinement la troisi\u00e8me marche, suivie par <a href=\"https:\/\/www.20minutes.fr\/dossier\/nrj\" class=\"color-ultramarine c-link\" target=\"_blank\" rel=\"noopener\">NRJ<\/a>, la radio musicale la plus \u00e9cout\u00e9e de France (4,10\u00a0millions d\u2019auditeurs, mais &#8211; 237.000 auditeurs sur un an), Nostalgie (3,41\u00a0millions, &#8211; 153.000 auditeurs annuels) et <a href=\"https:\/\/www.20minutes.fr\/dossier\/skyrock\" class=\"color-ultramarine c-link\" target=\"_blank\" rel=\"noopener\">Skyrock <\/a>(3,13\u00a0millions, &#8211; 218.000).<\/p>\n<p><a href=\"https:\/\/www.20minutes.fr\/dossier\/radio\" class=\"c-link c-btn c-btn--primary\" target=\"_blank\" rel=\"noopener\">Notre dossier \u00ab Radio \u00bb<\/a><\/p>\n<p>En revanche, <a href=\"https:\/\/www.20minutes.fr\/dossier\/rmc\" class=\"color-ultramarine c-link\" target=\"_blank\" rel=\"noopener\">RMC <\/a>(2,79\u00a0millions) perd 288.000 auditeurs et sent le souffle chaud d\u2019<a href=\"https:\/\/www.20minutes.fr\/medias\/europe1\/\" class=\"color-ultramarine c-link\" target=\"_blank\" rel=\"noopener\">Europe 1<\/a> sur sa nuque\u00a0: M\u00e9diam\u00e9trie signale ainsi que la station du <a href=\"https:\/\/www.20minutes.fr\/economie\/lagardere\/\" class=\"color-ultramarine c-link\" target=\"_blank\" rel=\"noopener\">groupe Lagard\u00e8re<\/a> signe sa meilleure fin de saison depuis\u00a02019 avec 2,55\u00a0millions d\u2019auditeurs (+ 195.000 sur un an). L\u2019\u00e9cart entre les deux radios n\u2019est donc plus que 240.000 auditeurs conte\u2026 729.000 il y a un an\u00a0!<\/p>\n","protected":false},"excerpt":{"rendered":"C\u2019est une confirmation \u00e9clatante\u00a0: France Inter, qui \u00e9tait d\u00e9j\u00e0 \u2013 depuis\u00a02019\u00a0! \u2013 la radio la plus \u00e9cout\u00e9e de&hellip;\n","protected":false},"author":2,"featured_media":234976,"comment_status":"","ping_status":"","sticky":false,"template":"","format":"standard","meta":{"footnotes":""},"categories":[1355],"tags":[21313,6186,58,59,1473,1011,27,9102,10950,10159,500,1361,873,9104,1825,10319,2700,22762],"class_list":{"0":"post-234975","1":"post","2":"type-post","3":"status-publish","4":"format-standard","5":"has-post-thumbnail","7":"category-musique","8":"tag-anne-sophie-lapix","9":"tag-audience","10":"tag-divertissement","11":"tag-entertainment","12":"tag-europe-1","13":"tag-fr","14":"tag-france","15":"tag-france-inter","16":"tag-julien-courbet","17":"tag-mediametrie","18":"tag-medias","19":"tag-music","20":"tag-musique","21":"tag-nrj","22":"tag-radio","23":"tag-rmc","24":"tag-rtl","25":"tag-skyrock"},"share_on_mastodon":{"url":"https:\/\/pubeurope.com\/@fr\/114817326401017280","error":""},"_links":{"self":[{"href":"https:\/\/www.europesays.com\/fr\/wp-json\/wp\/v2\/posts\/234975","targetHints":{"allow":["GET"]}}],"collection":[{"href":"https:\/\/www.europesays.com\/fr\/wp-json\/wp\/v2\/posts"}],"about":[{"href":"https:\/\/www.europesays.com\/fr\/wp-json\/wp\/v2\/types\/post"}],"author":[{"embeddable":true,"href":"https:\/\/www.europesays.com\/fr\/wp-json\/wp\/v2\/users\/2"}],"replies":[{"embeddable":true,"href":"https:\/\/www.europesays.com\/fr\/wp-json\/wp\/v2\/comments?post=234975"}],"version-history":[{"count":0,"href":"https:\/\/www.europesays.com\/fr\/wp-json\/wp\/v2\/posts\/234975\/revisions"}],"wp:featuredmedia":[{"embeddable":true,"href":"https:\/\/www.europesays.com\/fr\/wp-json\/wp\/v2\/media\/234976"}],"wp:attachment":[{"href":"https:\/\/www.europesays.com\/fr\/wp-json\/wp\/v2\/media?parent=234975"}],"wp:term":[{"taxonomy":"category","embeddable":true,"href":"https:\/\/www.europesays.com\/fr\/wp-json\/wp\/v2\/categories?post=234975"},{"taxonomy":"post_tag","embeddable":true,"href":"https:\/\/www.europesays.com\/fr\/wp-json\/wp\/v2\/tags?post=234975"}],"curies":[{"name":"wp","href":"https:\/\/api.w.org\/{rel}","templated":true}]}}