{"id":234979,"date":"2025-07-08T11:16:10","date_gmt":"2025-07-08T11:16:10","guid":{"rendered":"https:\/\/www.europesays.com\/fr\/234979\/"},"modified":"2025-07-08T11:16:10","modified_gmt":"2025-07-08T11:16:10","slug":"la-mortalite-en-france-atteint-un-niveau-historiquement-bas-cette-etude-liste-les-causes-de-deces","status":"publish","type":"post","link":"https:\/\/www.europesays.com\/fr\/234979\/","title":{"rendered":"La mortalit\u00e9 en France atteint un niveau historiquement bas, cette \u00e9tude liste les causes de d\u00e9c\u00e8s"},"content":{"rendered":"<p>        <img decoding=\"async\" loading=\"lazy\" src=\"https:\/\/www.europesays.com\/fr\/wp-content\/uploads\/2025\/07\/fedf799_sirius-fs-upload-1-obdurawzzvs7-1736495401090-000-36t98rc.jpg\"  width=\"728\" height=\"409\" alt=\"Une vaste \u00e9tude a list\u00e9 les causes de mortalit\u00e9 en France en 2023\u00a0qui a atteint un niveau historiquement bas.\"\/>  <\/p>\n<p>MARTIN LELIEVRE \/ AFP<\/p>\n<p>Une vaste \u00e9tude a list\u00e9 les causes de mortalit\u00e9 en France en 2023\u00a0qui a atteint un niveau historiquement bas.<\/p>\n<p class=\"asset asset-text\">D\u00c9MOGRAPHIE &#8211; Un niveau historiquement bas. Le reflux voire la quasi-disparition de l\u2019\u00e9pid\u00e9mie de <a href=\"https:\/\/www.huffingtonpost.fr\/justice\/article\/gestion-du-covid-19-edouard-philippe-agnes-buzyn-et-olivier-veran-beneficient-d-un-non-lieu_252324.html\" rel=\"nofollow noopener\" target=\"_blank\">Covid-19<\/a>\u00a0a fait baisser, en 2023, la mortalit\u00e9 \u00e0 des niveaux in\u00e9dits, pointe une \u00e9tude publi\u00e9e ce mardi 8\u00a0juillet par Sant\u00e9 publique France, l\u2019Inserm et la direction des statistiques du minist\u00e8re de la Sant\u00e9 (Drees).<\/p>\n<p class=\"asset asset-text\">R\u00e9alis\u00e9e r\u00e9guli\u00e8rement, cette vaste enqu\u00eate statistique permet de lister les causes de mortalit\u00e9 en France. \u00ab\u00a0Les deux premi\u00e8res causes de d\u00e9c\u00e8s restent les tumeurs et les maladies de l\u2019appareil circulatoire\u00a0\u00bb, devant les maladies de l\u2019appareil respiratoire, r\u00e9v\u00e8le le document\u00a0qui a analys\u00e9 les 637\u00a0082 d\u00e9c\u00e8s ont \u00e9t\u00e9 enregistr\u00e9s cette ann\u00e9e-l\u00e0.<\/p>\n<p class=\"asset asset-text\">\u00ab\u00a0Apr\u00e8s trois ann\u00e9es de forte mortalit\u00e9 dues \u00e0 la pand\u00e9mie de Covid-19 et \u00e0 un regain de mortalit\u00e9 li\u00e9 aux maladies respiratoires en 2022\u00a0\u00bb, 2023 a connu une mortalit\u00e9 \u00ab\u00a0plus faible qu\u2019en 2019\u00a0\u00bb, d\u00e9taille \u00e0 l\u2019AFP \u00c9lise Coudin, directrice du C\u00e9piDc (Inserm). Comme dans la grande majorit\u00e9 des pays europ\u00e9ens, le niveau de mortalit\u00e9 a \u00e9t\u00e9 \u00ab\u00a0historiquement bas\u00a0\u00bb en France. Mais la baisse est tout de m\u00eame inf\u00e9rieure \u00e0 ce qu\u2019elle aurait \u00e9t\u00e9 si la tendance d\u2019avant-pand\u00e9mie s\u2019\u00e9tait prolong\u00e9e jusqu\u2019en 2023.<\/p>\n<p>    Un d\u00e9c\u00e8s sur quatre li\u00e9 \u00e0 un cancer    <\/p>\n<p class=\"asset asset-text\">En 2023, plus de la moiti\u00e9 des d\u00e9c\u00e8s (53\u00a0%) ont eu lieu en \u00e9tablissement de sant\u00e9 et quasiment un quart \u00e0 domicile (24\u00a0%).<\/p>\n<p class=\"asset asset-text\">Toujours premiers tueurs, chez les hommes comme chez les femmes, les cancers ont \u00e9t\u00e9 responsables d\u2019un peu plus d\u2019un quart des d\u00e9c\u00e8s (27\u00a0%). Bien qu\u2019en baisse, la mortalit\u00e9 due aux tumeurs a augment\u00e9 pour certains cancers (pancr\u00e9as, m\u00e9lanome) et, en g\u00e9n\u00e9ral, chez les femmes de plus de 85\u00a0ans.<\/p>\n<p class=\"asset asset-text\">En deuxi\u00e8me position, les maladies cardio-neurovasculaires (infarctus du myocarde, AVC, insuffisance cardiaque, etc.) ont entra\u00een\u00e9 un peu plus d\u2019un cinqui\u00e8me des d\u00e9c\u00e8s et repr\u00e9sent\u00e9 la premi\u00e8re cause de mortalit\u00e9 chez les 85\u00a0ans et plus.<\/p>\n<p> La lecture de ce contenu est susceptible d\u2019entra\u00eener un d\u00e9p\u00f4t de cookies de la part de l\u2019op\u00e9rateur tiers qui l\u2019h\u00e9berge. Compte-tenu des choix que vous avez exprim\u00e9s en mati\u00e8re de d\u00e9p\u00f4t de cookies, nous avons bloqu\u00e9 l\u2019affichage de ce contenu. Si vous souhaitez y acc\u00e9der, vous devez accepter la cat\u00e9gorie de cookies \u201cContenus tiers\u201d en cliquant sur le bouton ci-dessous. <\/p>\n<p> Lire la Vid\u00e9o        <\/p>\n<p class=\"asset asset-text\">\u00ab\u00a0En l\u00e9g\u00e8re hausse\u00a0\u00bb en 2023, les d\u00e9c\u00e8s caus\u00e9s par des maladies respiratoires autres que le Covid (pneumonies, maladies chroniques, grippe hivernale notamment), sont revenus depuis 2022 \u00e0 des niveaux pr\u00e9-Covid. Ils avaient fortement diminu\u00e9 en 2020 et 2021, au plus fort de la pand\u00e9mie. S\u2019ils ont l\u00e9g\u00e8rement diminu\u00e9 sur un an, les d\u00e9c\u00e8s par maladies endocriniennes, digestives et g\u00e9nito-urinaires restent sur une tendance \u00e0 la hausse sur plusieurs ann\u00e9es.<\/p>\n<p class=\"asset asset-text\">Cette tendance est potentiellement li\u00e9e \u00ab\u00a0\u00e0 des chocs induits par la pand\u00e9mie (prise en charge retard\u00e9e, difficult\u00e9s d\u2019acc\u00e8s aux soins, changements dans les comportements, voire dans l\u2019offre de soins)\u00a0\u00bb, jugent les chercheurs, sans savoir s\u2019il s\u2019agit d\u2019\u00ab\u00a0effets ponctuels lents \u00e0 se r\u00e9sorber ou de chocs structurels\u00a0\u00bb.<\/p>\n<p>    Le taux de mortalit\u00e9 plus \u00e9lev\u00e9 outre-mer et en zone rurale    <\/p>\n<p class=\"asset asset-text\">Autre enseignement\u00a0: la mortalit\u00e9 due aux accidents, notamment chutes et accidents de transports, a encore augment\u00e9, tandis que le taux de suicide (13,6 pour 100\u00a0000) a baiss\u00e9.<\/p>\n<p class=\"asset asset-text\">Concernant la mortalit\u00e9 infantile, \u00ab\u00a0plus de la moiti\u00e9 des d\u00e9c\u00e8s des enfants de moins d\u2019un an sont dus \u00e0 une affection dont l\u2019origine se situe dans la p\u00e9riode p\u00e9rinatale\u00a0\u00bb, devant les malformations cong\u00e9nitales et les anomalies chromosomiques, d\u00e9crit Anne Fouillet, \u00e9pid\u00e9miologiste \u00e0 Sant\u00e9 publique France.<\/p>\n<p class=\"asset asset-text\">G\u00e9ographiquement, la mortalit\u00e9 est bien plus marqu\u00e9e dans les d\u00e9partements et r\u00e9gions d\u2019Outre-mer et, dans une moindre mesure, dans le nord et l\u2019est de l\u2019Hexagone. La mortalit\u00e9 est aussi plus importante dans les territoires ruraux hors d\u2019influence des villes et plus faible dans les grandes agglom\u00e9rations, notamment pour les maladies cardio-neurovasculaires et les causes externes. \u00c0 l\u2019inverse, la mortalit\u00e9 est sensiblement plus faible en \u00cele-de-France (-15\u00a0% par rapport \u00e0 la moyenne nationale).<\/p>\n","protected":false},"excerpt":{"rendered":"MARTIN LELIEVRE \/ AFP Une vaste \u00e9tude a list\u00e9 les causes de mortalit\u00e9 en France en 2023\u00a0qui a&hellip;\n","protected":false},"author":2,"featured_media":234980,"comment_status":"","ping_status":"","sticky":false,"template":"","format":"standard","meta":{"footnotes":""},"categories":[10],"tags":[6520,6969,1011,27,72,71],"class_list":{"0":"post-234979","1":"post","2":"type-post","3":"status-publish","4":"format-standard","5":"has-post-thumbnail","7":"category-sante","8":"tag-cancers","9":"tag-demographie","10":"tag-fr","11":"tag-france","12":"tag-health","13":"tag-sante"},"share_on_mastodon":{"url":"https:\/\/pubeurope.com\/@fr\/114817334379612783","error":""},"_links":{"self":[{"href":"https:\/\/www.europesays.com\/fr\/wp-json\/wp\/v2\/posts\/234979","targetHints":{"allow":["GET"]}}],"collection":[{"href":"https:\/\/www.europesays.com\/fr\/wp-json\/wp\/v2\/posts"}],"about":[{"href":"https:\/\/www.europesays.com\/fr\/wp-json\/wp\/v2\/types\/post"}],"author":[{"embeddable":true,"href":"https:\/\/www.europesays.com\/fr\/wp-json\/wp\/v2\/users\/2"}],"replies":[{"embeddable":true,"href":"https:\/\/www.europesays.com\/fr\/wp-json\/wp\/v2\/comments?post=234979"}],"version-history":[{"count":0,"href":"https:\/\/www.europesays.com\/fr\/wp-json\/wp\/v2\/posts\/234979\/revisions"}],"wp:featuredmedia":[{"embeddable":true,"href":"https:\/\/www.europesays.com\/fr\/wp-json\/wp\/v2\/media\/234980"}],"wp:attachment":[{"href":"https:\/\/www.europesays.com\/fr\/wp-json\/wp\/v2\/media?parent=234979"}],"wp:term":[{"taxonomy":"category","embeddable":true,"href":"https:\/\/www.europesays.com\/fr\/wp-json\/wp\/v2\/categories?post=234979"},{"taxonomy":"post_tag","embeddable":true,"href":"https:\/\/www.europesays.com\/fr\/wp-json\/wp\/v2\/tags?post=234979"}],"curies":[{"name":"wp","href":"https:\/\/api.w.org\/{rel}","templated":true}]}}