{"id":234983,"date":"2025-07-08T11:18:11","date_gmt":"2025-07-08T11:18:11","guid":{"rendered":"https:\/\/www.europesays.com\/fr\/234983\/"},"modified":"2025-07-08T11:18:11","modified_gmt":"2025-07-08T11:18:11","slug":"cest-une-facade-cest-un-etre-abject-faut-le-savoir-tout-est-faux-comme-ses-dents-cyril-feraud-trahi-par-son-champion","status":"publish","type":"post","link":"https:\/\/www.europesays.com\/fr\/234983\/","title":{"rendered":"\u00ab\u00a0C\u2019est une fa\u00e7ade, c\u2019est un \u00eatre abject, faut le savoir\u00a0\u00bb, \u00ab\u00a0Tout est faux comme ses dents\u00a0\u00bb, Cyril F\u00e9raud trahi par son champion\u00a0?"},"content":{"rendered":"<p>      R\u00e9sum\u00e9<\/p>\n<p>Jo\u00ebl est l&rsquo;actuel champion de \u00ab\u00a0Tout le monde veut prendre sa place\u00a0\u00bb sur France 2 et lorsqu&rsquo;il s&rsquo;agit de taquiner Cyril F\u00e9raud, il sait y faire. <\/p>\n<p>        Sommaire<\/p>\n<p>L&rsquo;an prochain, \u00ab\u00a0Tout le monde veut prendre sa place\u00a0\u00bb f\u00eatera <strong>ses 20 ans<\/strong>\u00a0! En effet, cela fait d\u00e9j\u00e0 20 ans que <a href=\"https:\/\/www.public.fr\/cest-tres-intime-dominique-ancien-candidat-de-nagui-dans-tout-le-monde-veut-prendre-sa-place-a-fait-une-folie-avec-ses-gains-dans-un-cimetiere\" target=\"_blank\" rel=\"noopener\">le jeu de France 2<\/a> est <strong>diffus\u00e9 \u00e0 la mi-journ\u00e9e<\/strong> et r\u00e9alise de jolis scores d&rsquo;audiences. <a href=\"https:\/\/www.public.fr\/cyril-feraud-le-drame-evite-de-justesse-dans-tout-le-monde-veut-prendre-sa-place\" target=\"_blank\" rel=\"noopener\">Un programme<\/a> pr\u00e9sent\u00e9 pendant de longues ann\u00e9es par Nagui\u00a0; de 2006 \u00e0 2021. Puis, ont suivi\u00a0: <strong>Laurence Boccolini<\/strong> (jusqu&rsquo;en 2023), <strong><a href=\"https:\/\/www.public.fr\/brouillon-auto-jarry-2\" target=\"_blank\" rel=\"noopener\">Jarry <\/a><\/strong>(jusqu&rsquo;en 2024) et, enfin, <strong>Cyril F\u00e9raud<\/strong> depuis le 9\u00a0septembre 2024. <a href=\"https:\/\/www.public.fr\/diaporamas\/cyril-feraud-papa-sa-condition-imposee-a-france-televisions-pour-succeder-a-jarry-a-la-tete-de-tout-le-monde-veut-prendre-sa-place\" target=\"_blank\" rel=\"noopener\">L&rsquo;animateur de 40 ans<\/a> qui a c\u00e9d\u00e9 \u00ab\u00a0Slam\u00a0\u00bb \u00e0 Th\u00e9o Curin pour pr\u00e9senter <a href=\"https:\/\/www.public.fr\/tout-le-monde-veut-prendre-sa-place-ce-quil-sest-passe-de-tres-emouvant-au-moment-ou-jarry-a-passe-le-relais-a-cyril-feraud\" target=\"_blank\" rel=\"noopener\">cette \u00e9mission culte<\/a>.<\/p>\n<p>Une \u00e9mission au cours de laquelle plusieurs candidats viennent, chaque jour, <strong>d\u00e9fier un champion<\/strong>. Celui-ci peut rester de longues semaines dans son confortable fauteuil avant d&rsquo;\u00eatre \u00e9vinc\u00e9 par un autre candidat. Actuellement, c&rsquo;est <strong><a href=\"https:\/\/www.public.fr\/marie-christine-tout-le-monde-veut-prendre-sa-place-en-larmes-a-cause-de-nagui\" target=\"_blank\" rel=\"noopener\">Marie-Christine<\/a><\/strong> qui d\u00e9tient le record avec <strong>213 victoires \u00e0 son actif<\/strong>. Juste derri\u00e8re elle, on retrouve <strong>Jo\u00ebl<\/strong>. Arriv\u00e9 \u00e0 l&rsquo;antenne le 22\u00a0janvier dernier, ce dernier est toujours en course apr\u00e8s <strong>161 victoires <\/strong>et <strong>plus de 160\u00a0000\u00a0euros de gains.<\/strong><\/p>\n<p>Comme \u00e0 chaque d\u00e9but d&rsquo;\u00e9mission, ce 7\u00a0juillet, <a href=\"https:\/\/www.public.fr\/cyril-feraud-craque-completement-en-pleine-emission-en-evoquant-son-fils-tim\" target=\"_blank\" rel=\"noopener\">l&rsquo;interpr\u00e8te de Cyril Gossbo<\/a> dans \u00ab\u00a0Fort Boyard\u00a0\u00bb et son champion ont pris le temps d&rsquo;\u00e9changer quelques secondes. L&rsquo;occasion notamment pour Cyril F\u00e9raud de demander \u00e0 Jo\u00ebl ce que les gens lui demandent le concernant. \u00ab\u00a0<strong>Est-ce que Cyril est quelqu&rsquo;un de sympathique\u00a0?<\/strong>\u00a0\u00bb a-t-il r\u00e9v\u00e9l\u00e9 avant que <a href=\"https:\/\/www.public.fr\/france-2-olivier-minne-sen-va-cyril-feraud-pour-lui-succeder\" target=\"_blank\" rel=\"noopener\">le principal int\u00e9ress\u00e9<\/a> ne rebondisse\u00a0: \u00ab\u00a0Et l\u00e0, vous r\u00e9pondez non\u00a0!\u00a0\u00bb. Taquin, le candidat a confirm\u00e9\u00a0: \u00ab\u00a0Non, bien s\u00fbr que non, <strong>c&rsquo;est une fa\u00e7ade<\/strong>. C&rsquo;est <strong>un \u00eatre abject<\/strong>, faut le savoir [&#8230;]  \u00ab\u00a0D&rsquo;ailleurs, <strong>tout est faux comme ses dents\u00a0!<\/strong>\u00ab\u00a0, a-t-il conclu avec ironie.<\/p>\n<p>Cyril F\u00e9raud bient\u00f4t aux commandes de \u00ab\u00a0Ford Boyard\u00a0\u00bb\u00a0?<\/p>\n<p>Les cartes sont rebattues sur France T\u00e9l\u00e9visions. Delphine Ernotte a<strong> tout chamboul\u00e9<\/strong>. Pour rappel, <strong><a href=\"https:\/\/www.google.com\/url?sa=t&amp;source=web&amp;rct=j&amp;opi=89978449&amp;url=https:\/\/vsd.fr\/81211-anne-sophie-lapix-cest-fini-et-cest-officiel\/&amp;ved=2ahUKEwilw8i6-KyOAxVHVqQEHYdMMeMQFnoECB8QAQ&amp;usg=AOvVaw3ZQiDS0Gv8QOVEfe99-Ua2\" target=\"_blank\" rel=\"noopener\">Anne-Sophie Lapix<\/a> a \u00e9t\u00e9 remerci\u00e9e du JT de France 2<\/strong>. Si sa patronne pensait la garder, cette derni\u00e8re s&rsquo;est \u00e9chapp\u00e9e sur M6. <strong>Laurence Boccolini<\/strong>, elle, a \u00e9t\u00e9 remplac\u00e9e par <a href=\"https:\/\/www.google.com\/url?sa=t&amp;source=web&amp;rct=j&amp;opi=89978449&amp;url=https:\/\/vsd.fr\/77658-fais-attention-a-ce-que-tu-vas-dire-faustine-bollaert-prise-au-depourvue-par-une-invitee-sur-france-2\/&amp;ved=2ahUKEwjO7dvE-KyOAxXSVKQEHasHHcAQFnoECBYQAQ&amp;usg=AOvVaw2f2xUx7jZdqSIa45srBZFz\" target=\"_blank\" rel=\"noopener\">Faustine Bollaert<\/a> aux \u00ab\u00a0Enfants de la TV\u00a0\u00bb. Par ailleurs, Samuel \u00c9tienne ne pr\u00e9sentera plus \u00ab\u00a0Questions pour un Champion\u00a0\u00bb en semaine mais uniquement le week-end. Enfin, <strong><a href=\"https:\/\/www.google.com\/url?sa=t&amp;source=web&amp;rct=j&amp;opi=89978449&amp;url=https:\/\/vsd.fr\/79835-fort-boyard-naura-bientot-plus-danimateur-olivier-minne-claque-la-porte-apres-22-saisons\/&amp;ved=2ahUKEwiL--bL-KyOAxXkTaQEHaDyLdoQFnoECBwQAQ&amp;usg=AOvVaw36DKKLsNFmmen7JmA5VaAa\" target=\"_blank\" rel=\"noopener\">Olivier Minne<\/a><\/strong> a d\u00e9cid\u00e9 de <strong>quitter France 2 pour M6 <\/strong>o\u00f9 il prendra les r\u00eanes de plusieurs divertissements \u00e0 la rentr\u00e9e.<\/p>\n<p>L&rsquo;annonce de son d\u00e9part a suscit\u00e9 <strong>une onde de choc<\/strong>. Et pour cause, qui pour prendre les r\u00eanes de \u00ab\u00a0Fort Boyard\u00a0\u00bb, <a href=\"https:\/\/www.google.com\/url?sa=t&amp;source=web&amp;rct=j&amp;opi=89978449&amp;url=https:\/\/vsd.fr\/81901-fort-boyard-le-nom-du-remplacant-dolivier-minne-enfin-devoile\/&amp;ved=2ahUKEwjXnafU-KyOAxUMTqQEHR1BPTwQFnoECBsQAQ&amp;usg=AOvVaw07EbC5kl30Z_9-P1UMAWvn\" target=\"_blank\" rel=\"noopener\">le jeu culte des \u00e9t\u00e9s de France 2<\/a>\u00a0? \u00c0 ce stade, aucun rempla\u00e7ant n&rsquo;a officiellement \u00e9t\u00e9 annonc\u00e9 par France T\u00e9l\u00e9visions mais, il y a <strong>un nom qui circule<\/strong>. Il s&rsquo;agit de Cyril F\u00e9raud. Il faut dire que <a href=\"https:\/\/www.google.com\/url?sa=t&amp;source=web&amp;rct=j&amp;opi=89978449&amp;url=https:\/\/vsd.fr\/69838-cyril-feraud-papa-poule-ce-cliche-de-son-fils-fait-fondre-ses-abonnes\/&amp;ved=2ahUKEwiz46aw-ayOAxVpbKQEHX6NF7UQxfQBKAB6BAgPEAE&amp;usg=AOvVaw2W5_nM5jvqyaFtclznWHJy\" target=\"_blank\" rel=\"noopener\">le jeune p\u00e8re de famille<\/a> <strong>conna\u00eet le programme par c\u0153ur<\/strong>.<\/p>\n<p>En effet, en plus d&rsquo;\u00eatre Cyril Gossbo depuis 2020 pour l&rsquo;\u00e9mission,<a href=\"https:\/\/www.google.com\/url?sa=t&amp;source=web&amp;rct=j&amp;opi=89978449&amp;url=https:\/\/vsd.fr\/65269-quand-cyril-feraud-joue-les-entremetteurs-entre-deux-immenses-stars-du-paf\/&amp;ved=2ahUKEwia59DY-ayOAxXfK_sDHUpdEsQQFnoECBcQAQ&amp;usg=AOvVaw1rNx9-Qs5IJ0i6fFRqkOTO\" target=\"_blank\" rel=\"noopener\"> l&rsquo;animateur de \u00ab\u00a0La carte aux tr\u00e9sors\u00a0\u00bb<\/a> a commenc\u00e9 sa carri\u00e8re en tant que stagiaire sur le fort situ\u00e9 au large de La\u00a0Rochelle et <strong>a toujours \u00e9t\u00e9 un grand fan du travail de Patrice Laffont<\/strong>. Toutefois, \u00ab\u00a0<strong>rien n&rsquo;est fait<\/strong>\u00a0\u00bb a-t-il assur\u00e9 sur Europe 1 dans l&rsquo;\u00e9mission \u00ab\u00a0Culture M\u00e9dias\u00a0\u00bb et si cela doit se faire il promet de <strong>contacter imm\u00e9diatement son pr\u00e9d\u00e9cesseur. <\/strong><\/p>\n<p>      Mentionn\u00e9s dans cet article<\/p>\n<p>\u00c0 lire aussi<\/p>\n","protected":false},"excerpt":{"rendered":"R\u00e9sum\u00e9 Jo\u00ebl est l&rsquo;actuel champion de \u00ab\u00a0Tout le monde veut prendre sa place\u00a0\u00bb sur France 2 et lorsqu&rsquo;il&hellip;\n","protected":false},"author":2,"featured_media":234984,"comment_status":"","ping_status":"","sticky":false,"template":"","format":"standard","meta":{"footnotes":""},"categories":[8],"tags":[426,4642,37364,58,59,1011,27,2400,594,11088,12120],"class_list":{"0":"post-234983","1":"post","2":"type-post","3":"status-publish","4":"format-standard","5":"has-post-thumbnail","7":"category-divertissement","8":"tag-candidat","9":"tag-cyril-feraud","10":"tag-dent","11":"tag-divertissement","12":"tag-entertainment","13":"tag-fr","14":"tag-france","15":"tag-france-televisions","16":"tag-france-2","17":"tag-physique","18":"tag-tout-le-monde-veut-prendre-sa-place"},"share_on_mastodon":{"url":"https:\/\/pubeurope.com\/@fr\/114817342153389241","error":""},"_links":{"self":[{"href":"https:\/\/www.europesays.com\/fr\/wp-json\/wp\/v2\/posts\/234983","targetHints":{"allow":["GET"]}}],"collection":[{"href":"https:\/\/www.europesays.com\/fr\/wp-json\/wp\/v2\/posts"}],"about":[{"href":"https:\/\/www.europesays.com\/fr\/wp-json\/wp\/v2\/types\/post"}],"author":[{"embeddable":true,"href":"https:\/\/www.europesays.com\/fr\/wp-json\/wp\/v2\/users\/2"}],"replies":[{"embeddable":true,"href":"https:\/\/www.europesays.com\/fr\/wp-json\/wp\/v2\/comments?post=234983"}],"version-history":[{"count":0,"href":"https:\/\/www.europesays.com\/fr\/wp-json\/wp\/v2\/posts\/234983\/revisions"}],"wp:featuredmedia":[{"embeddable":true,"href":"https:\/\/www.europesays.com\/fr\/wp-json\/wp\/v2\/media\/234984"}],"wp:attachment":[{"href":"https:\/\/www.europesays.com\/fr\/wp-json\/wp\/v2\/media?parent=234983"}],"wp:term":[{"taxonomy":"category","embeddable":true,"href":"https:\/\/www.europesays.com\/fr\/wp-json\/wp\/v2\/categories?post=234983"},{"taxonomy":"post_tag","embeddable":true,"href":"https:\/\/www.europesays.com\/fr\/wp-json\/wp\/v2\/tags?post=234983"}],"curies":[{"name":"wp","href":"https:\/\/api.w.org\/{rel}","templated":true}]}}