{"id":234991,"date":"2025-07-08T11:22:11","date_gmt":"2025-07-08T11:22:11","guid":{"rendered":"https:\/\/www.europesays.com\/fr\/234991\/"},"modified":"2025-07-08T11:22:11","modified_gmt":"2025-07-08T11:22:11","slug":"30-hectares-parcourus-circulation-des-trains-perturbee-ce-que-lon-sait","status":"publish","type":"post","link":"https:\/\/www.europesays.com\/fr\/234991\/","title":{"rendered":"30 hectares parcourus, circulation des trains perturb\u00e9e&#8230; ce que l&rsquo;on sait"},"content":{"rendered":"<p>Un incendie s&rsquo;est d\u00e9clar\u00e9 ce mardi matin, aux <a href=\"https:\/\/www.laprovence.com\/bouches-du-rhone\/les-pennes-mirabeau-13071\" target=\"_blank\" rel=\"nofollow noopener\">Pennes-Mirabeau<\/a>, aux alentours de 10 h 50, pr\u00e8s du tunnel des 4 vents.\u00a0En cette mi-journ\u00e9e, les flammes ont d\u00e9j\u00e0 parcouru 30 hectares. L&rsquo;origine de l&rsquo;incendie est un feu de v\u00e9hicule.<\/p>\n<p>168 pompiers sur place<\/p>\n<p>Pour le moment, aucune victime n&rsquo;est \u00e0 d\u00e9plorer et une habitation a \u00e9t\u00e9 prot\u00e9g\u00e9e par les pompiers.<\/p>\n<blockquote class=\"twitter-tweet\"><p>&#13;<\/p>\n<p>\ud83d\udd25\u26a0\ufe0f Feu de for\u00eat &#8211; Pennes Mirabeau<\/p>\n<p>Attention, un feu de for\u00eat s\u2019est d\u00e9clar\u00e9 secteur la Pign\u00e9 d\u00e9marrant de l\u2019autoroute. Le feu a pris la pente ascendante et se propage dans le massif de la c\u00f4te bleue. Vent de 70 km\/h en rafale par le NW. Le feu se d\u00e9place vers le Sud Est <a href=\"https:\/\/t.co\/FdlPNEZmJo\" target=\"_blank\" rel=\"nofollow\">pic.twitter.com\/FdlPNEZmJo<\/a><\/p>\n<p>&#13;<br \/>\n\u2014 FIRE CHASER 13 (@FIRECHASER131) <a href=\"https:\/\/twitter.com\/FIRECHASER131\/status\/1942521559555747997?ref_src=twsrc%5Etfw\" target=\"_blank\" rel=\"nofollow noopener\">July 8, 2025<\/a><\/p><\/blockquote>\n<p>Sur place, 168 pompiers, accompagn\u00e9s deux h\u00e9licopt\u00e8res ainsi que 62 engins du Sdis et 6 des marins-pompiers, luttent contre les flammes pour endiguer la propagation..<\/p>\n<p><img alt=\"Le feu s'est d\u00e9clar\u00e9 ce mardi matin aux Pennes-Mirabeau.\" loading=\"lazy\" decoding=\"async\" data-nimg=\"fill\" class=\" TwicCore_img__i9TC1 undefined  undefined\" style=\"position:absolute;height:100%;width:100%;left:0;top:0;right:0;bottom:0;color:transparent;background-size:cover;background-position:50% 50%;background-repeat:no-repeat;background-image:url(&quot;data:image\/svg+xml;charset=utf-8,%3Csvg xmlns='http:\/\/www.w3.org\/2000\/svg' %3E%3Cfilter id='b' color-interpolation-filters='sRGB'%3E%3CfeGaussianBlur stdDeviation='20'\/%3E%3CfeColorMatrix values='1 0 0 0 0 0 1 0 0 0 0 0 1 0 0 0 0 0 100 -1' result='s'\/%3E%3CfeFlood x='0' y='0' width='100%25' height='100%25'\/%3E%3CfeComposite operator='out' in='s'\/%3E%3CfeComposite in2='SourceGraphic'\/%3E%3CfeGaussianBlur stdDeviation='20'\/%3E%3C\/filter%3E%3Cimage width='100%25' height='100%25' x='0' y='0' preserveAspectRatio='none' style='filter: url(%23b);' href='https:\/\/pictures.laprovence.com\/cdn-cgi\/image\/blur=250\/media\/melody\/2025\/07\/08\/incendie-1751969499_87ebc72eec686abebc72eec688febcv_.jpg'\/%3E%3C\/svg%3E&quot;)\"   src=\"https:\/\/www.europesays.com\/fr\/wp-content\/uploads\/2025\/07\/incendie-1751969499_87ebc72eec686abebc72eec688febcv_.jpg\"\/>Le feu s&rsquo;est d\u00e9clar\u00e9 ce mardi matin aux Pennes-Mirabeau. Photo X.C.<\/p>\n<p>Sous l&rsquo;effet du vent, le feu se dirige vers le sud des Pennes-Mirabeau et vers les quartiers nord de Marseille, pr\u00e9cisent les secours. Les fum\u00e9es sont visibles depuis la cit\u00e9 phoc\u00e9enne et des cendres retombent dans les rues de la ville.<\/p>\n<p>La circulation des trains interrompue<\/p>\n<p>Le feu se trouve aux abords des rails et perturbe \u00e9galement certaines lignes de train. \u00ab\u00a0La circulation est interrompue entre Miramas et l&rsquo;Estaque via la C\u00f4te Bleue\u00a0\u00bb, explique Train Zou !\u00a0 sur X.\u00a0<\/p>\n<blockquote class=\"twitter-tweet\"><p>&#13;<\/p>\n<p>\ud83d\udd34 Incendie aux abords des voies.<br \/>\u274c La circulation est interrompue entre Miramas et l&rsquo;Estaque via la C\u00f4te Bleue.<\/p>\n<p>\u26a0\ufe0f Des retards sont \u00e0 pr\u00e9voir sur votre ligne.<br \/>\u231a\ufe0f Reprise normale de la circulation estim\u00e9e \u00e0 13h30.<\/p>\n<p>&#13;<br \/>\n\u2014 Train ZOU ! Sud Provence Alpes C\u00f4te d &lsquo;Azur (@Transports_zou) <a href=\"https:\/\/twitter.com\/Transports_zou\/status\/1942529310272938038?ref_src=twsrc%5Etfw\" target=\"_blank\" rel=\"nofollow noopener\">July 8, 2025<\/a><\/p><\/blockquote>\n<p>De nombreux retards sont \u00e0 pr\u00e9voir pendant au moins une heure. La reprise \u00e0 la normale est estim\u00e9e \u00e0 13h30, au mieux.<\/p>\n<p>De plus, le pr\u00e9fet de R\u00e9gion appelle \u00e0 ne pas encombrer les num\u00e9ros d&rsquo;appels d&rsquo;urgence et d&rsquo;\u00e9viter le secteur concern\u00e9 par l&rsquo;incendie.<\/p>\n<p><img alt=\"\" loading=\"lazy\" width=\"18\" height=\"18\" decoding=\"async\" data-nimg=\"1\" class=\"mx-[8px]\" style=\"color:transparent\" src=\"https:\/\/www.laprovence.com\/_next\/static\/media\/comment.b95dda91.svg\"\/>D\u00e9marrez la conversation<\/p>\n<p class=\"text-[1.8rem] mt-[32px]\">Votre opinion compte pour nous. Rejoignez la communaut\u00e9 laprovence.com en r\u00e9agissant sur l&rsquo;article Incendie aux Pennes-Mirabeau : 30 hectares parcourus, circulation des trains perturb\u00e9e&#8230; ce que l&rsquo;on sait.<\/p>\n<p><script async src=\"https:\/\/platform.twitter.com\/widgets.js\" charset=\"utf-8\"><\/script><\/p>\n","protected":false},"excerpt":{"rendered":"Un incendie s&rsquo;est d\u00e9clar\u00e9 ce mardi matin, aux Pennes-Mirabeau, aux alentours de 10 h 50, pr\u00e8s du tunnel&hellip;\n","protected":false},"author":2,"featured_media":234992,"comment_status":"","ping_status":"","sticky":false,"template":"","format":"standard","meta":{"footnotes":""},"categories":[4],"tags":[17,11,1007,1102,3542,154,274,1011,27,3573,1310,12,37366,37365,25],"class_list":{"0":"post-234991","1":"post","2":"type-post","3":"status-publish","4":"format-standard","5":"has-post-thumbnail","7":"category-france","8":"tag-17","9":"tag-actualites","10":"tag-aux","11":"tag-breakingnews","12":"tag-circulation","13":"tag-des","14":"tag-faits-divers-justice","15":"tag-fr","16":"tag-france","17":"tag-hectares","18":"tag-incendie","19":"tag-news","20":"tag-parcourus","21":"tag-pennes-mirabeau","22":"tag-republique-francaise"},"share_on_mastodon":{"url":"https:\/\/pubeurope.com\/@fr\/114817357859607274","error":""},"_links":{"self":[{"href":"https:\/\/www.europesays.com\/fr\/wp-json\/wp\/v2\/posts\/234991","targetHints":{"allow":["GET"]}}],"collection":[{"href":"https:\/\/www.europesays.com\/fr\/wp-json\/wp\/v2\/posts"}],"about":[{"href":"https:\/\/www.europesays.com\/fr\/wp-json\/wp\/v2\/types\/post"}],"author":[{"embeddable":true,"href":"https:\/\/www.europesays.com\/fr\/wp-json\/wp\/v2\/users\/2"}],"replies":[{"embeddable":true,"href":"https:\/\/www.europesays.com\/fr\/wp-json\/wp\/v2\/comments?post=234991"}],"version-history":[{"count":0,"href":"https:\/\/www.europesays.com\/fr\/wp-json\/wp\/v2\/posts\/234991\/revisions"}],"wp:featuredmedia":[{"embeddable":true,"href":"https:\/\/www.europesays.com\/fr\/wp-json\/wp\/v2\/media\/234992"}],"wp:attachment":[{"href":"https:\/\/www.europesays.com\/fr\/wp-json\/wp\/v2\/media?parent=234991"}],"wp:term":[{"taxonomy":"category","embeddable":true,"href":"https:\/\/www.europesays.com\/fr\/wp-json\/wp\/v2\/categories?post=234991"},{"taxonomy":"post_tag","embeddable":true,"href":"https:\/\/www.europesays.com\/fr\/wp-json\/wp\/v2\/tags?post=234991"}],"curies":[{"name":"wp","href":"https:\/\/api.w.org\/{rel}","templated":true}]}}