{"id":234995,"date":"2025-07-08T11:24:11","date_gmt":"2025-07-08T11:24:11","guid":{"rendered":"https:\/\/www.europesays.com\/fr\/234995\/"},"modified":"2025-07-08T11:24:11","modified_gmt":"2025-07-08T11:24:11","slug":"saint-etienne-eclairage-stationnement-les-mesures-prises-pour-le-commerce-reconduites-pour-un-an","status":"publish","type":"post","link":"https:\/\/www.europesays.com\/fr\/234995\/","title":{"rendered":"Saint-\u00c9tienne. \u00c9clairage, stationnement\u2026 les mesures prises pour le commerce reconduites pour un an"},"content":{"rendered":"<p>Fin mars, un collectif de commer\u00e7ants tirait la sonnette d\u2019alarme. Re\u00e7us en mairie, ils avaient fait part de leurs inqui\u00e9tudes concernant le centre-ville et demandaient \u00e0 Ga\u00ebl Perdriau \u00ab\u00a0des mesures concr\u00e8tes\u00a0\u00bb. Ils les ont obtenues\u2026 et elles devraient durer.<\/p>\n<p>La municipalit\u00e9 avait notamment d\u00e9cid\u00e9 <a href=\"https:\/\/www.leprogres.fr\/economie\/2025\/03\/25\/le-stationnement-gratuit-le-week-end-et-l-eclairage-de-retour-la-nuit\" target=\"_blank\" rel=\"nofollow noopener\">de rallumer l\u2019\u00e9clairage public la nuit dans toute la ville<\/a>, de rendre gratuit le stationnement en surface d\u00e8s le vendredi \u00e0 midi et d\u2019allouer 100\u00a0000\u00a0euros \u00e0 des animations propos\u00e9es par les commer\u00e7ants.<\/p>\n<p>Le renforcement de l\u2019\u00e9quipe de cantonnier et des patrouilles p\u00e9destres de la police municipale avait \u00e9galement \u00e9t\u00e9 d\u00e9cid\u00e9. Ces mesures avaient \u00e9t\u00e9 prises pour une dur\u00e9e de quatre mois et devaient donner lieu \u00e0 des points r\u00e9guliers.<\/p>\n<p>  \u00ab\u00a0Il a \u00e9t\u00e9 convenu que ces mesures allaient dans le bon sens\u00a0\u00bb<\/p>\n<p>Apr\u00e8s un nouveau bilan r\u00e9alis\u00e9 ce lundi avec les commer\u00e7ants et les \u00e9lus, la Ville de Saint-\u00c9tienne a donc annonc\u00e9 que ces d\u00e9cisions seraient reconduites pour une dur\u00e9e d\u2019un an<\/p>\n<p>\u00ab\u00a0Il a \u00e9t\u00e9 convenu que ces mesures allaient dans le bon sens et r\u00e9pondaient aux sollicitations exprim\u00e9es, il y a quelques mois, par le collectif des commer\u00e7ants\u00a0\u00bb, indique la mairie dans un communiqu\u00e9, assurant que \u00ab\u00a0de nombreux St\u00e9phanois se sont \u00e9galement exprim\u00e9s favorablement\u00a0\u00bb.<\/p>\n<p>\u00ab\u00a0C\u2019est une r\u00e9elle satisfaction d\u2019avoir su, gr\u00e2ce \u00e0 un travail avec le collectif des commer\u00e7ants, mettre en place des mesures concr\u00e8tes et efficaces pour offrir un environnement encore plus propice \u00e0 l\u2019activit\u00e9 de nos commer\u00e7ants locaux\u00a0\u00bb, s\u2019est f\u00e9licit\u00e9 le maire, Ga\u00ebl Perdriau.<\/p>\n","protected":false},"excerpt":{"rendered":"Fin mars, un collectif de commer\u00e7ants tirait la sonnette d\u2019alarme. Re\u00e7us en mairie, ils avaient fait part de&hellip;\n","protected":false},"author":2,"featured_media":234996,"comment_status":"","ping_status":"","sticky":false,"template":"","format":"standard","meta":{"footnotes":""},"categories":[9653],"tags":[1111,11,2430,4406,33,7539,1777,674,1011,27,12,25,4001,7538],"class_list":{"0":"post-234995","1":"post","2":"type-post","3":"status-publish","4":"format-standard","5":"has-post-thumbnail","7":"category-saint-etienne","8":"tag-actu","9":"tag-actualites","10":"tag-auvergne-rhone-alpes","11":"tag-commerce-et-services","12":"tag-economie","13":"tag-edition-loire-sud","14":"tag-eu","15":"tag-europe","16":"tag-fr","17":"tag-france","18":"tag-news","19":"tag-republique-francaise","20":"tag-saint-etienne","21":"tag-saint-etienne-ville"},"share_on_mastodon":{"url":"https:\/\/pubeurope.com\/@fr\/114817365658879021","error":""},"_links":{"self":[{"href":"https:\/\/www.europesays.com\/fr\/wp-json\/wp\/v2\/posts\/234995","targetHints":{"allow":["GET"]}}],"collection":[{"href":"https:\/\/www.europesays.com\/fr\/wp-json\/wp\/v2\/posts"}],"about":[{"href":"https:\/\/www.europesays.com\/fr\/wp-json\/wp\/v2\/types\/post"}],"author":[{"embeddable":true,"href":"https:\/\/www.europesays.com\/fr\/wp-json\/wp\/v2\/users\/2"}],"replies":[{"embeddable":true,"href":"https:\/\/www.europesays.com\/fr\/wp-json\/wp\/v2\/comments?post=234995"}],"version-history":[{"count":0,"href":"https:\/\/www.europesays.com\/fr\/wp-json\/wp\/v2\/posts\/234995\/revisions"}],"wp:featuredmedia":[{"embeddable":true,"href":"https:\/\/www.europesays.com\/fr\/wp-json\/wp\/v2\/media\/234996"}],"wp:attachment":[{"href":"https:\/\/www.europesays.com\/fr\/wp-json\/wp\/v2\/media?parent=234995"}],"wp:term":[{"taxonomy":"category","embeddable":true,"href":"https:\/\/www.europesays.com\/fr\/wp-json\/wp\/v2\/categories?post=234995"},{"taxonomy":"post_tag","embeddable":true,"href":"https:\/\/www.europesays.com\/fr\/wp-json\/wp\/v2\/tags?post=234995"}],"curies":[{"name":"wp","href":"https:\/\/api.w.org\/{rel}","templated":true}]}}