{"id":234999,"date":"2025-07-08T11:26:56","date_gmt":"2025-07-08T11:26:56","guid":{"rendered":"https:\/\/www.europesays.com\/fr\/234999\/"},"modified":"2025-07-08T11:26:56","modified_gmt":"2025-07-08T11:26:56","slug":"nancy-lycee-henri-poincare-bac-2025-mention-tres-bien-lola-guillemaille-18-ans-bac-general","status":"publish","type":"post","link":"https:\/\/www.europesays.com\/fr\/234999\/","title":{"rendered":"Nancy, lyc\u00e9e Henri-Poincar\u00e9 | Bac 2025 Mention Tr\u00e8s Bien. Lola Guillemaille, 18 ans, bac g\u00e9n\u00e9ral"},"content":{"rendered":"<p>Lola Guillemaille, 18 ans, demeurant \u00e0 Nancy, a obtenu son bac g\u00e9n\u00e9ral avec mention tr\u00e8s bien. Passionn\u00e9e de lecture en fran\u00e7ais et en anglais, elle excelle \u00e9galement dans le dessin et l&rsquo;apprentissage de nouvelles langues. Lola a d\u00e9croch\u00e9 la note de 18 en AMC, sa mati\u00e8re pr\u00e9f\u00e9r\u00e9e \u00e9tant l&rsquo;anglais. Elle a \u00e9t\u00e9 agr\u00e9ablement surprise d&rsquo;apprendre sa mention tr\u00e8s bien, une nouvelle qu&rsquo;elle a partag\u00e9e avec sa famille et ses proches. Lola se destine \u00e0 une pr\u00e9pa hypokh\u00e2gne au lyc\u00e9e Henri-Poincar\u00e9, avec l&rsquo;ambition de devenir professeure d&rsquo;histoire. Cet \u00e9t\u00e9, elle pr\u00e9voit de travailler dur pour pr\u00e9parer sa rentr\u00e9e, tout en profitant de vacances dans le Sud avec ses amis et sa famille.<\/p>\n<p>\u270e R\u00e9dig\u00e9 avec l&rsquo;aide d&rsquo;outils IA et v\u00e9rifi\u00e9 par un journaliste \ud83d\udec8 En savoir plus avec la charte IA d&rsquo;Ebra.<\/p>\n","protected":false},"excerpt":{"rendered":"Lola Guillemaille, 18 ans, demeurant \u00e0 Nancy, a obtenu son bac g\u00e9n\u00e9ral avec mention tr\u00e8s bien. Passionn\u00e9e de&hellip;\n","protected":false},"author":2,"featured_media":235000,"comment_status":"","ping_status":"","sticky":false,"template":"","format":"standard","meta":{"footnotes":""},"categories":[9635],"tags":[1111,11,36609,1704,1057,1777,674,10961,1011,27,775,1702,1703,12,25],"class_list":{"0":"post-234999","1":"post","2":"type-post","3":"status-publish","4":"format-standard","5":"has-post-thumbnail","7":"category-nancy","8":"tag-actu","9":"tag-actualites","10":"tag-baccalaureat-mention-tres-bien","11":"tag-edition-nancy-et-agglomeration","12":"tag-education","13":"tag-eu","14":"tag-europe","15":"tag-examen-diplome","16":"tag-fr","17":"tag-france","18":"tag-grand-est","19":"tag-nancy","20":"tag-nancy-ville-54b","21":"tag-news","22":"tag-republique-francaise"},"share_on_mastodon":{"url":"https:\/\/pubeurope.com\/@fr\/114817377411181064","error":""},"_links":{"self":[{"href":"https:\/\/www.europesays.com\/fr\/wp-json\/wp\/v2\/posts\/234999","targetHints":{"allow":["GET"]}}],"collection":[{"href":"https:\/\/www.europesays.com\/fr\/wp-json\/wp\/v2\/posts"}],"about":[{"href":"https:\/\/www.europesays.com\/fr\/wp-json\/wp\/v2\/types\/post"}],"author":[{"embeddable":true,"href":"https:\/\/www.europesays.com\/fr\/wp-json\/wp\/v2\/users\/2"}],"replies":[{"embeddable":true,"href":"https:\/\/www.europesays.com\/fr\/wp-json\/wp\/v2\/comments?post=234999"}],"version-history":[{"count":0,"href":"https:\/\/www.europesays.com\/fr\/wp-json\/wp\/v2\/posts\/234999\/revisions"}],"wp:featuredmedia":[{"embeddable":true,"href":"https:\/\/www.europesays.com\/fr\/wp-json\/wp\/v2\/media\/235000"}],"wp:attachment":[{"href":"https:\/\/www.europesays.com\/fr\/wp-json\/wp\/v2\/media?parent=234999"}],"wp:term":[{"taxonomy":"category","embeddable":true,"href":"https:\/\/www.europesays.com\/fr\/wp-json\/wp\/v2\/categories?post=234999"},{"taxonomy":"post_tag","embeddable":true,"href":"https:\/\/www.europesays.com\/fr\/wp-json\/wp\/v2\/tags?post=234999"}],"curies":[{"name":"wp","href":"https:\/\/api.w.org\/{rel}","templated":true}]}}