{"id":235001,"date":"2025-07-08T11:29:20","date_gmt":"2025-07-08T11:29:20","guid":{"rendered":"https:\/\/www.europesays.com\/fr\/235001\/"},"modified":"2025-07-08T11:29:20","modified_gmt":"2025-07-08T11:29:20","slug":"custines-les-eleves-de-cp-decouvrent-le-musee-des-beaux-arts-de-nancy","status":"publish","type":"post","link":"https:\/\/www.europesays.com\/fr\/235001\/","title":{"rendered":"Custines. Les \u00e9l\u00e8ves de CP d\u00e9couvrent le mus\u00e9e des Beaux-Arts de Nancy"},"content":{"rendered":"<p>Les \u00e9l\u00e8ves de CP de Mme\u00a0Didelot ont visit\u00e9 le mus\u00e9e des Beaux-Arts de Nancy, d\u00e9couvrant pour la premi\u00e8re fois un lieu culturel riche en histoire. Entre peintures, sculptures, maquettes, mobilier et art du verre, les enfants ont explor\u00e9 les diff\u00e9rentes formes d\u2019expression artistique. L\u2019accent a \u00e9t\u00e9 mis sur les portraits\u00a0: de face, de profil, en pied\u2026 Une sortie p\u00e9dagogique marqu\u00e9e par la d\u00e9couverte des techniques artistiques, qui s\u2019est conclue par un passage sur la place Stanislas.<\/p>\n","protected":false},"excerpt":{"rendered":"Les \u00e9l\u00e8ves de CP de Mme\u00a0Didelot ont visit\u00e9 le mus\u00e9e des Beaux-Arts de Nancy, d\u00e9couvrant pour la premi\u00e8re&hellip;\n","protected":false},"author":2,"featured_media":235002,"comment_status":"","ping_status":"","sticky":false,"template":"","format":"standard","meta":{"footnotes":""},"categories":[9635],"tags":[1111,11,13561,37367,1704,1057,1777,674,1011,27,775,10425,1702,12,25],"class_list":{"0":"post-235001","1":"post","2":"type-post","3":"status-publish","4":"format-standard","5":"has-post-thumbnail","7":"category-nancy","8":"tag-actu","9":"tag-actualites","10":"tag-cc-du-bassin-de-pompey-54b2","11":"tag-custines","12":"tag-edition-nancy-et-agglomeration","13":"tag-education","14":"tag-eu","15":"tag-europe","16":"tag-fr","17":"tag-france","18":"tag-grand-est","19":"tag-maternelle-elementaire","20":"tag-nancy","21":"tag-news","22":"tag-republique-francaise"},"share_on_mastodon":{"url":"https:\/\/pubeurope.com\/@fr\/114817385358214681","error":""},"_links":{"self":[{"href":"https:\/\/www.europesays.com\/fr\/wp-json\/wp\/v2\/posts\/235001","targetHints":{"allow":["GET"]}}],"collection":[{"href":"https:\/\/www.europesays.com\/fr\/wp-json\/wp\/v2\/posts"}],"about":[{"href":"https:\/\/www.europesays.com\/fr\/wp-json\/wp\/v2\/types\/post"}],"author":[{"embeddable":true,"href":"https:\/\/www.europesays.com\/fr\/wp-json\/wp\/v2\/users\/2"}],"replies":[{"embeddable":true,"href":"https:\/\/www.europesays.com\/fr\/wp-json\/wp\/v2\/comments?post=235001"}],"version-history":[{"count":0,"href":"https:\/\/www.europesays.com\/fr\/wp-json\/wp\/v2\/posts\/235001\/revisions"}],"wp:featuredmedia":[{"embeddable":true,"href":"https:\/\/www.europesays.com\/fr\/wp-json\/wp\/v2\/media\/235002"}],"wp:attachment":[{"href":"https:\/\/www.europesays.com\/fr\/wp-json\/wp\/v2\/media?parent=235001"}],"wp:term":[{"taxonomy":"category","embeddable":true,"href":"https:\/\/www.europesays.com\/fr\/wp-json\/wp\/v2\/categories?post=235001"},{"taxonomy":"post_tag","embeddable":true,"href":"https:\/\/www.europesays.com\/fr\/wp-json\/wp\/v2\/tags?post=235001"}],"curies":[{"name":"wp","href":"https:\/\/api.w.org\/{rel}","templated":true}]}}