{"id":235009,"date":"2025-07-08T11:33:09","date_gmt":"2025-07-08T11:33:09","guid":{"rendered":"https:\/\/www.europesays.com\/fr\/235009\/"},"modified":"2025-07-08T11:33:09","modified_gmt":"2025-07-08T11:33:09","slug":"le-tour-de-france-version-stand-up-le-defi-ambitieux-de-deux-humoristes-locaux","status":"publish","type":"post","link":"https:\/\/www.europesays.com\/fr\/235009\/","title":{"rendered":"le Tour de France version stand-up, le d\u00e9fi ambitieux de deux humoristes locaux"},"content":{"rendered":"<p>            Par<br \/>\n        <strong><br \/>\n            <a href=\"https:\/\/actu.fr\/auteur\/j-phan\" title=\"Consulter tous les articles de Jordan Phan\" rel=\"nofollow noopener\" target=\"_blank\">Jordan Phan<\/a><br \/>\n        <\/strong><\/p>\n<p>        Publi\u00e9 le<\/p>\n<p>            8 juil. 2025 \u00e0 12h38<br \/>\n        ; mis \u00e0 jour le 8 juil. 2025 \u00e0 13h19    <\/p>\n<p><strong>Roulez jeunesse<\/strong> ! On connaissait le <strong>Tour d\u2019Espagne<\/strong>, le <strong>Tour d\u2019Italie<\/strong> et \u00e9videmment le <strong>Tour de France<\/strong>, et maintenant voici le <strong>Tour du Rire<\/strong>. Du cyclisme \u00e9galement mais pas de comp\u00e9tition, seulement un challenge fou que se lancent <strong>deux stand-uppers<\/strong> form\u00e9s sur les sc\u00e8nes de Montpellier. Du <strong>9 juillet au 12 ao\u00fbt<\/strong>,<strong> Julien Gadiou<\/strong> et <strong>Ben Tyler<\/strong> accrochent leur ambition et leur passion aux guidons de leur <strong>v\u00e9lo<\/strong> et partent sillonner la France pendant <strong>34 jours<\/strong> pour jouer\u00a0sur sc\u00e8ne dans <strong>26 villes<\/strong>.<\/p>\n<p>Un duo de choc<\/p>\n<p class=\" wall-content\">Leur <strong>p\u00e9riple<\/strong> c\u2019est donc 3 607 km, 26 villes, 34 jours et 22 spectacles. Sans voiture suiveuse ni production lourde, juste eux, leur deux-roues et leur mental. Et bien s\u00fbr, leurs jambes. Bien au-del\u00e0 de l\u2019<strong>exploit sportif<\/strong>, le duo d\u2019humoristes souhaite diffuser leur spectacle d\u2019<strong>une heure<\/strong> (30 minutes chacun) dans tout le pays et <strong>faire rire<\/strong> chaque soir. Une aventure qui n\u2019est pas inconnue \u00e0 Ben Tyler, lui qui avait d\u00e9j\u00e0 reli\u00e9 <strong>Orl\u00e9ans \u00e0 la pointe de l\u2019Afrique du Sud \u00e0 v\u00e9lo<\/strong> l\u2019ann\u00e9e pass\u00e9e. \u00ab\u00a0C\u2019est un projet de fou et je lui ai dit qu\u2019il faudrait qu\u2019il le refasse en France mais autour du <strong>stand-up<\/strong>, comme \u00e7a il allie les deux\u00a0\u00bb, explique Julien Gadiou quant \u00e0 la gen\u00e8se du projet, lui qui a rencontr\u00e9 son acolyte sur un plateau \u00e0 Montpellier mais aussi au Fridge \u00e0 Paris. \u00ab\u00a0Et de l\u00e0 je lui ai dit que j\u2019\u00e9tais partant pour le suivre, on est all\u00e9 boire un caf\u00e9 qui devait durer 20 minutes mais qui s\u2019est transform\u00e9 en 4 heures. Au final, il m\u2019a dit que c\u2019\u00e9tait bon pour moi et que je pouvais faire le tour avec lui\u00a0\u00bb, sourit l\u2019humoriste, lui qui a pratiqu\u00e9 le BMX de ses 11 \u00e0 12 ans, son seul rapport avec le <strong>cyclisme<\/strong> jusque l\u00e0.<\/p>\n<p class=\" wall-content\"><a href=\"https:\/\/www.instagram.com\/p\/DKAICIdoUCN\/embed\" title=\"Ouvrir le lien sur Instagram\" rel=\"nofollow noopener\" target=\"_blank\">Visualiser le contenu sur Instagram<\/a><\/p>\n<blockquote class=\"ac-article-quote wall-content\">\n<p>\u00ab\u00a0J&rsquo;ai achet\u00e9 mon premier v\u00e9lo il y a un mois et je me r\u00e9gale \u00e0 rouler sur des distances de 30-40 km avec un peu de d\u00e9nivel\u00e9\u00a0\u00bb<\/p>\n<p>    <strong>Julien Gadiou<\/strong><br \/>\n        Humoriste    <\/p><\/blockquote>\n<p>Pr\u00e9paration ? Organisation ?<\/p>\n<p class=\" wall-content\">\u00ab\u00a0J\u2019ai achet\u00e9 mon <strong>premier v\u00e9lo<\/strong> il y a un mois et je me r\u00e9gale \u00e0 rouler sur des distances de 30-40 km avec un peu de d\u00e9nivel\u00e9\u00a0\u00bb, souligne fi\u00e8rement Julien Gadiou avant d\u2019ajouter que le temps disponible pour s\u2019entra\u00eener \u00e9tant moindre du fait qu\u2019il faut aussi \u00ab\u00a0pr\u00e9voir l\u2019itin\u00e9raire et les lieux dans lesquels jouer, mais aussi cr\u00e9er des <a href=\"https:\/\/linktr.ee\/tourdurire?utm_source=linktree_profile_share&amp;ltsid=3600ef59-c692-4a6d-908c-f050093ffe7c\" rel=\"nofollow noopener\" target=\"_blank\">liens de billetterie<\/a> pour chaque ville, chaque comedy club, et tout \u00e7a demande \u00e9norm\u00e9ment de temps et d\u2019\u00e9nergie\u00a0\u00bb. Les jeunes hommes n\u2019ont pas encore eu l\u2019occasion de s\u2019entra\u00eener \u00e0 deux, mais ils prennent de leur temps pour rouler quotidiennement afin d\u2019\u00eatre d\u2019attaque le jour J. Durant leur itin\u00e9raire, ils passeront \u00e0 <strong>Montpellier<\/strong> le <strong>21 juillet<\/strong> o\u00f9 le public de la capitale de l\u2019H\u00e9rault pourra leur redonner de l\u2019espoir \u00e0 mi-parcours.<\/p>\n<p class=\" wall-content\">Suivez toute l\u2019actualit\u00e9 de vos villes et m\u00e9dias favoris en vous inscrivant \u00e0 <a href=\"https:\/\/moncompte.actu.fr\" title=\"D\u00e9couvez Mon Actu\" rel=\"nofollow noopener\" data-trk=\"{&quot;cta&quot;:{&quot;action&quot;:&quot;https:\\\/\\\/moncompte.actu.fr&quot;,&quot;category&quot;:&quot;mon compte&quot;,&quot;from&quot;:&quot;article footer&quot;,&quot;name&quot;:&quot;Mon actu&quot;,&quot;type&quot;:&quot;cta&quot;}}\" target=\"_blank\">Mon Actu<\/a>.<\/p>\n<p>                    <script async src=\"\/\/www.instagram.com\/embed.js\"><\/script><\/p>\n","protected":false},"excerpt":{"rendered":"Par Jordan Phan Publi\u00e9 le 8 juil. 2025 \u00e0 12h38 ; mis \u00e0 jour le 8 juil. 2025&hellip;\n","protected":false},"author":2,"featured_media":235010,"comment_status":"","ping_status":"","sticky":false,"template":"","format":"standard","meta":{"footnotes":""},"categories":[9599],"tags":[1111,11,207,1777,674,1011,27,708,2208,12,2680,25,60,2116,208],"class_list":{"0":"post-235009","1":"post","2":"type-post","3":"status-publish","4":"format-standard","5":"has-post-thumbnail","7":"category-montpellier","8":"tag-actu","9":"tag-actualites","10":"tag-cyclisme","11":"tag-eu","12":"tag-europe","13":"tag-fr","14":"tag-france","15":"tag-humour","16":"tag-montpellier","17":"tag-news","18":"tag-occitanie","19":"tag-republique-francaise","20":"tag-sports","21":"tag-tour-de-france-2025","22":"tag-velo"},"share_on_mastodon":{"url":"https:\/\/pubeurope.com\/@fr\/114817401004981797","error":""},"_links":{"self":[{"href":"https:\/\/www.europesays.com\/fr\/wp-json\/wp\/v2\/posts\/235009","targetHints":{"allow":["GET"]}}],"collection":[{"href":"https:\/\/www.europesays.com\/fr\/wp-json\/wp\/v2\/posts"}],"about":[{"href":"https:\/\/www.europesays.com\/fr\/wp-json\/wp\/v2\/types\/post"}],"author":[{"embeddable":true,"href":"https:\/\/www.europesays.com\/fr\/wp-json\/wp\/v2\/users\/2"}],"replies":[{"embeddable":true,"href":"https:\/\/www.europesays.com\/fr\/wp-json\/wp\/v2\/comments?post=235009"}],"version-history":[{"count":0,"href":"https:\/\/www.europesays.com\/fr\/wp-json\/wp\/v2\/posts\/235009\/revisions"}],"wp:featuredmedia":[{"embeddable":true,"href":"https:\/\/www.europesays.com\/fr\/wp-json\/wp\/v2\/media\/235010"}],"wp:attachment":[{"href":"https:\/\/www.europesays.com\/fr\/wp-json\/wp\/v2\/media?parent=235009"}],"wp:term":[{"taxonomy":"category","embeddable":true,"href":"https:\/\/www.europesays.com\/fr\/wp-json\/wp\/v2\/categories?post=235009"},{"taxonomy":"post_tag","embeddable":true,"href":"https:\/\/www.europesays.com\/fr\/wp-json\/wp\/v2\/tags?post=235009"}],"curies":[{"name":"wp","href":"https:\/\/api.w.org\/{rel}","templated":true}]}}