{"id":23501,"date":"2025-04-14T02:24:13","date_gmt":"2025-04-14T02:24:13","guid":{"rendered":"https:\/\/www.europesays.com\/fr\/23501\/"},"modified":"2025-04-14T02:24:13","modified_gmt":"2025-04-14T02:24:13","slug":"avec-les-edits-lunion-europeenne-devient-une-tendance-sur-tiktok","status":"publish","type":"post","link":"https:\/\/www.europesays.com\/fr\/23501\/","title":{"rendered":"Avec les \u00e9dits, l\u2019Union Europ\u00e9enne devient une tendance sur TikTok"},"content":{"rendered":"<p>Qui aurait cru que l\u2019<a href=\"https:\/\/www.20minutes.fr\/dossier\/ue\" class=\"color-ultramarine c-link\" rel=\"nofollow noopener\" target=\"_blank\">Union europ\u00e9enne<\/a> deviendrait un jour une tendance <a href=\"https:\/\/www.20minutes.fr\/high-tech\/tiktok\/\" class=\"color-ultramarine c-link\" rel=\"nofollow noopener\" target=\"_blank\">TikTok<\/a>\u00a0? Et pourtant, depuis quelques semaines, une vague de vid\u00e9os pro-Europe d\u00e9ferle sur la plateforme. Montages l\u00e9ch\u00e9s, musiques \u00e9piques, discours enflamm\u00e9s sur l\u2019unit\u00e9 europ\u00e9enne\u2026 L\u2019UE captive soudain la jeunesse.<\/p>\n<p>Un ph\u00e9nom\u00e8ne qui s\u2019inscrit dans une tendance plus large\u00a0: la politisation des \u00e9dits, ces petits montages ultra-travaill\u00e9s inspir\u00e9s des codes des fans de<a href=\"https:\/\/www.20minutes.fr\/arts-stars\/culture\/k-pop\/\" class=\"color-ultramarine c-link\" rel=\"nofollow noopener\" target=\"_blank\"> K-pop<\/a>, qui se sont impos\u00e9s comme un outil d\u2019influence sur les <a href=\"https:\/\/www.20minutes.fr\/dossier\/reseaux_sociaux\" class=\"color-ultramarine c-link\" rel=\"nofollow noopener\" target=\"_blank\">r\u00e9seaux sociaux<\/a> ces derniers mois.<\/p>\n<p>Des fans de K-pop \u00e0 la politique\u00a0: l\u2019ascension des \u00e9dits<\/p>\n<p>Montages rythm\u00e9s, musiques entra\u00eenantes, effets spectaculaires\u2026 Les \u00e9dits sont devenus incontournables sur les r\u00e9seaux sociaux. D\u2019abord utilis\u00e9s par les fans de K-pop pour sublimer leurs idoles, ils ont progressivement pris une dimension politique.<\/p>\n<p>L\u2019\u00e9t\u00e9 dernier, lors des \u00e9lections europ\u00e9ennes et des l\u00e9gislatives fran\u00e7aises, ces <a href=\"https:\/\/vm.tiktok.com\/ZNddrdmdK\/\" rel=\"nofollow noopener\" target=\"_blank\" class=\"color-ultramarine c-link\">vid\u00e9os<\/a> ont inond\u00e9 TikTok et X (ex-Twitter). D\u2019abord adopt\u00e9e par l\u2019extr\u00eame droite pour promouvoir la candidature de <a href=\"https:\/\/www.20minutes.fr\/politique\/elections-europeens\/4096022-20240613-quoi-tiktok-impact-non-negligeable-elections-europeennes\" target=\"_blank\" class=\"color-ultramarine c-link\" rel=\"nofollow noopener\">Jordan Bardella<\/a>, cette technique a rapidement \u00e9t\u00e9 <a href=\"https:\/\/www.20minutes.fr\/politique\/4096105-20240614-elections-legislatives-2024-filtres-musique-k-pop-contrer-bardella-tiktok-gauche-met-edits\" class=\"color-ultramarine c-link\" rel=\"nofollow noopener\" target=\"_blank\">r\u00e9cup\u00e9r\u00e9e par les partisans de la gauche<\/a> pour soutenir les candidats du Nouveau Front Populaire. Aujourd\u2019hui, c\u2019est l\u2019UE elle-m\u00eame qui devient l\u2019objet de ces mises en sc\u00e8ne spectaculaires.<\/p>\n<p class=\"mb-m@xs text-l@xs\">En cliquant sur\u00ab J\u2019accepte \u00bb, vous acceptez le d\u00e9p\u00f4t de cookies par des services externes et aurez ainsi acc\u00e8s aux contenus de nos partenaires.<\/p>\n<p class=\"mb-xl@xs text-s@xs\">Plus d\u2019informations sur la page<a href=\"https:\/\/www.20minutes.fr\/gestion-cookies\" class=\"mx-xxs@xs color-ultramarine\" rel=\"nofollow noopener\" target=\"_blank\">Politique de gestion des cookies<\/a><\/p>\n<p>J\u2019accepte<\/p>\n<p>Sur TikTok, le hashtag #Europe cumule d\u00e9j\u00e0 12,3\u00a0millions de publications, et certaines vid\u00e9os atteignent plus de 450.000 likes, preuve de la viralit\u00e9 de ces vid\u00e9os.<\/p>\n<p>L\u2019Union europ\u00e9enne en mode blockbuster<\/p>\n<p>\u00ab\u00a0Si tu te sens seul, tu sais que je suis l\u00e0 \u00e0 t\u2019attendre.\u00a0\u00bb En r\u00e9interpr\u00e9tant les paroles de <a href=\"https:\/\/vm.tiktok.com\/ZNddMgkPt\/\" rel=\"nofollow noopener\" target=\"_blank\" class=\"color-ultramarine c-link\">Take Me Out<\/a> de Franz Ferdinand, ces vid\u00e9os virales donnent \u00e0 l\u2019UE une image puissante et f\u00e9d\u00e9ratrice. Les chefs d\u2019\u00c9tat r\u00e9unis autour de <a href=\"https:\/\/www.20minutes.fr\/monde\/volodymyr-zelensky\/\" class=\"color-ultramarine c-link\" rel=\"nofollow noopener\" target=\"_blank\">Volodymyr Zelensky<\/a> apparaissent sous un angle presque h\u00e9ro\u00efque, le Parlement europ\u00e9en est film\u00e9 comme une forteresse du pouvoir, et des discours exalt\u00e9s sur la solidarit\u00e9 continentale ponctuent les montages.<\/p>\n<p>Dans les commentaires, l\u2019enthousiasme est au rendez-vous\u00a0: \u00ab\u00a0Fier d\u2019\u00eatre europ\u00e9en\u00a0\u00bb, \u00ab\u00a0Europ\u00e9en pour la vie\u00a0\u00bb, \u00ab\u00a0Make Europe great again\u00a0\u00bb, \u00ab\u00a0Une Europe soud\u00e9e, s\u2019il vous pla\u00eet\u00a0\u00bb. Une ferveur qui aurait \u00e9t\u00e9 difficile \u00e0 imaginer il y a encore quelques ann\u00e9es, et qui aurait sans doute co\u00fbt\u00e9 cher \u00e0 Bruxelles si elle avait \u00e9t\u00e9 orchestr\u00e9e par une agence de communication.<\/p>\n<p>Pourquoi cet engouement\u00a0?<\/p>\n<p>Derri\u00e8re ces vid\u00e9os en apparence l\u00e9g\u00e8res, un contexte g\u00e9opolitique pesant\u00a0: la guerre en Ukraine, la menace russe et les tensions avec les \u00c9tats-Unis, notamment avec Donald Trump, qui remet en cause l\u2019OTAN. Dans ce climat d\u2019incertitude, l\u2019UE semble appara\u00eetre pour certains jeunes comme un rempart de stabilit\u00e9 et de protection.<\/p>\n<\/p>\n<p>Un basculement dans le rapport \u00e0 l\u2019Europe\u00a0?<\/p>\n<p>Longtemps per\u00e7ue comme une entit\u00e9 bureaucratique lointaine, l\u2019Union europ\u00e9enne \u00e9tait rarement associ\u00e9e \u00e0 un sentiment d\u2019appartenance fort, notamment chez les jeunes. Contrairement aux \u00c9tats-Unis, o\u00f9 le patriotisme est omnipr\u00e9sent, le concept de \u201cfiert\u00e9 europ\u00e9enne\u201d semblait jusqu\u2019ici assez abstrait.<\/p>\n<p>Mais avec cette tendance TikTok, un changement semble s\u2019op\u00e9rer. L\u2019Europe devient non seulement un sujet de discussion, mais aussi un symbole valoris\u00e9 par une partie de la jeunesse sur les r\u00e9seaux. Reste \u00e0 savoir si cette vague europhile est passag\u00e8re ou si elle marque le d\u00e9but d\u2019un attachement plus profond \u00e0 l\u2019UE.<\/p>\n<p><script async src=\"\/\/www.tiktok.com\/embed.js\"><\/script><\/p>\n","protected":false},"excerpt":{"rendered":"Qui aurait cru que l\u2019Union europ\u00e9enne deviendrait un jour une tendance TikTok\u00a0? Et pourtant, depuis quelques semaines, une&hellip;\n","protected":false},"author":2,"featured_media":23502,"comment_status":"","ping_status":"","sticky":false,"template":"","format":"standard","meta":{"footnotes":""},"categories":[1586],"tags":[11,2360,7904,73,1777,674,1779,1011,27,7594,12,136,8552,25,8013,5896,8551,2439,1778,364],"class_list":{"0":"post-23501","1":"post","2":"type-post","3":"status-publish","4":"format-standard","5":"has-post-thumbnail","7":"category-europe","8":"tag-actualites","9":"tag-bruxelles","10":"tag-by-the-web","11":"tag-etats-unis","12":"tag-eu","13":"tag-europe","14":"tag-european-union","15":"tag-fr","16":"tag-france","17":"tag-k-pop","18":"tag-news","19":"tag-otan","20":"tag-parlement-europeen","21":"tag-republique-francaise","22":"tag-russe","23":"tag-tempo","24":"tag-tendance","25":"tag-tiktok","26":"tag-ue","27":"tag-union-europeenne"},"share_on_mastodon":{"url":"https:\/\/pubeurope.com\/@fr\/114333945865826580","error":""},"_links":{"self":[{"href":"https:\/\/www.europesays.com\/fr\/wp-json\/wp\/v2\/posts\/23501","targetHints":{"allow":["GET"]}}],"collection":[{"href":"https:\/\/www.europesays.com\/fr\/wp-json\/wp\/v2\/posts"}],"about":[{"href":"https:\/\/www.europesays.com\/fr\/wp-json\/wp\/v2\/types\/post"}],"author":[{"embeddable":true,"href":"https:\/\/www.europesays.com\/fr\/wp-json\/wp\/v2\/users\/2"}],"replies":[{"embeddable":true,"href":"https:\/\/www.europesays.com\/fr\/wp-json\/wp\/v2\/comments?post=23501"}],"version-history":[{"count":0,"href":"https:\/\/www.europesays.com\/fr\/wp-json\/wp\/v2\/posts\/23501\/revisions"}],"wp:featuredmedia":[{"embeddable":true,"href":"https:\/\/www.europesays.com\/fr\/wp-json\/wp\/v2\/media\/23502"}],"wp:attachment":[{"href":"https:\/\/www.europesays.com\/fr\/wp-json\/wp\/v2\/media?parent=23501"}],"wp:term":[{"taxonomy":"category","embeddable":true,"href":"https:\/\/www.europesays.com\/fr\/wp-json\/wp\/v2\/categories?post=23501"},{"taxonomy":"post_tag","embeddable":true,"href":"https:\/\/www.europesays.com\/fr\/wp-json\/wp\/v2\/tags?post=23501"}],"curies":[{"name":"wp","href":"https:\/\/api.w.org\/{rel}","templated":true}]}}