{"id":235020,"date":"2025-07-08T11:42:14","date_gmt":"2025-07-08T11:42:14","guid":{"rendered":"https:\/\/www.europesays.com\/fr\/235020\/"},"modified":"2025-07-08T11:42:14","modified_gmt":"2025-07-08T11:42:14","slug":"toute-lactu-top-music-deliveroo-recompense-les-bonnes-adresses-a-strasbourg","status":"publish","type":"post","link":"https:\/\/www.europesays.com\/fr\/235020\/","title":{"rendered":"Toute l&rsquo;actu Top Music &#8211; Deliveroo r\u00e9compense les bonnes adresses \u00e0 Strasbourg"},"content":{"rendered":"<p><img decoding=\"async\" class=\"\" style=\"width:100%\" src=\"https:\/\/www.europesays.com\/fr\/wp-content\/uploads\/2025\/07\/IMG_2673_copyrights_Alexandre_Alloul1751965525957.webp.webp\" alt=\"Les laur\u00e9ats 2025 des &quot;P\u00e9pites du quartier&quot; de Deliveroo\"\/><\/p>\n<p>Les laur\u00e9ats 2025 des \u00ab\u00a0P\u00e9pites du quartier\u00a0\u00bb de Deliveroo<\/p>\n<p>Cr\u00e9dit : DR <\/p>\n<p>Pour f\u00eater ses 10 ans, Deliveroo voit les choses en grand et r\u00e9compense <strong>60 partenaires dans six villes de France<\/strong> (Paris, Marseille, Lyon, Bordeaux, Lille et Strasbourg). Ce palmar\u00e8s permet de valoriser des restaurants mais aussi des commerces alimentaires. Ce sont les clients de Deliveroo qui ont vot\u00e9 pour leurs adresses pr\u00e9f\u00e9r\u00e9es<strong> (50 000 votes enregistr\u00e9s),<\/strong> parmi <strong>600 \u00e9tablissements en lice dans dix cat\u00e9gories.<\/strong> Et pour marquer son 10\u00e8me anniversaire, Deliveroo a aussi choisi <strong>un jury<\/strong> pour d\u00e9partager les laur\u00e9ats : l\u2019animateur TV Denis Brogniart, le Chef Mohamed Cheikh, l\u2019influenceuse food Aurore Ghigliano, et Melvina Sarfati El Grably, Directrice G\u00e9n\u00e9rale de Deliveroo France.\u00a0<\/p>\n<p><strong>La remise des troph\u00e9es<\/strong><\/p>\n<p>La c\u00e9r\u00e9monie des \u00ab P\u00e9pites du quartier 2025 \u00bb vient d\u2019avoir lieu \u00e0 Paris et voici les laur\u00e9ats r\u00e9compens\u00e9s \u00e0 Strasbourg :\u00a0<\/p>\n<p>&#8211; Meilleur burger : Starling Burger<br \/>&#8211; Meilleure pizza : Capricciosa<br \/>&#8211; Meilleur restaurant asiatique : Koa Tha\u00ef<br \/>&#8211; Meilleure street food : Pepe Chicken<br \/>&#8211; Meilleur healthy &amp; veggie : Madame Julia<br \/>&#8211; Meilleur commerce de bouche : Bottega Renzini<br \/>&#8211; Meilleure cantine locale : Le Sultan<br \/>&#8211; Meilleure pause gourmande : Wa\ufb04e Factory<br \/>&#8211; Meilleure fringale nocturne : Say Cheese<\/p>\n","protected":false},"excerpt":{"rendered":"Les laur\u00e9ats 2025 des \u00ab\u00a0P\u00e9pites du quartier\u00a0\u00bb de Deliveroo Cr\u00e9dit : DR Pour f\u00eater ses 10 ans, Deliveroo&hellip;\n","protected":false},"author":2,"featured_media":235021,"comment_status":"","ping_status":"","sticky":false,"template":"","format":"standard","meta":{"footnotes":""},"categories":[2820],"tags":[1111,11,2389,26799,215,13830,1777,674,1011,27,775,7032,12,8889,5775,25,1340,640,7420,4890,37369],"class_list":{"0":"post-235020","1":"post","2":"type-post","3":"status-publish","4":"format-standard","5":"has-post-thumbnail","7":"category-strasbourg","8":"tag-actu","9":"tag-actualites","10":"tag-alsace","11":"tag-categorie","12":"tag-commerce","13":"tag-deliveroo","14":"tag-eu","15":"tag-europe","16":"tag-fr","17":"tag-france","18":"tag-grand-est","19":"tag-livraison","20":"tag-news","21":"tag-proximite","22":"tag-quartier","23":"tag-republique-francaise","24":"tag-restaurant","25":"tag-strasbourg","26":"tag-top-music","27":"tag-topmusicfrance","28":"tag-trophees"},"share_on_mastodon":{"url":"https:\/\/pubeurope.com\/@fr\/114817436498303740","error":""},"_links":{"self":[{"href":"https:\/\/www.europesays.com\/fr\/wp-json\/wp\/v2\/posts\/235020","targetHints":{"allow":["GET"]}}],"collection":[{"href":"https:\/\/www.europesays.com\/fr\/wp-json\/wp\/v2\/posts"}],"about":[{"href":"https:\/\/www.europesays.com\/fr\/wp-json\/wp\/v2\/types\/post"}],"author":[{"embeddable":true,"href":"https:\/\/www.europesays.com\/fr\/wp-json\/wp\/v2\/users\/2"}],"replies":[{"embeddable":true,"href":"https:\/\/www.europesays.com\/fr\/wp-json\/wp\/v2\/comments?post=235020"}],"version-history":[{"count":0,"href":"https:\/\/www.europesays.com\/fr\/wp-json\/wp\/v2\/posts\/235020\/revisions"}],"wp:featuredmedia":[{"embeddable":true,"href":"https:\/\/www.europesays.com\/fr\/wp-json\/wp\/v2\/media\/235021"}],"wp:attachment":[{"href":"https:\/\/www.europesays.com\/fr\/wp-json\/wp\/v2\/media?parent=235020"}],"wp:term":[{"taxonomy":"category","embeddable":true,"href":"https:\/\/www.europesays.com\/fr\/wp-json\/wp\/v2\/categories?post=235020"},{"taxonomy":"post_tag","embeddable":true,"href":"https:\/\/www.europesays.com\/fr\/wp-json\/wp\/v2\/tags?post=235020"}],"curies":[{"name":"wp","href":"https:\/\/api.w.org\/{rel}","templated":true}]}}