{"id":235026,"date":"2025-07-08T11:47:28","date_gmt":"2025-07-08T11:47:28","guid":{"rendered":"https:\/\/www.europesays.com\/fr\/235026\/"},"modified":"2025-07-08T11:47:28","modified_gmt":"2025-07-08T11:47:28","slug":"deux-femmes-de-34-et-51-ans-meurent-dans-un-grave-accident-de-la-circulation","status":"publish","type":"post","link":"https:\/\/www.europesays.com\/fr\/235026\/","title":{"rendered":"deux femmes de 34 et 51 ans meurent dans un grave accident de la circulation"},"content":{"rendered":"<p>Cet accident, survenu lundi soir \u00e0 Petit-Mars, au nord du d\u00e9partement, est le deuxi\u00e8me en deux jours. La veille, un jeune homme de 20 ans a aussi perdu la vie dans une collision \u00e0 Pontch\u00e2teau.<\/p>\n<p class=\"fig-paragraph\">Un dramatique accident de la circulation s\u2019est produit au nord de\u00a0<a href=\"http:\/\/www.lefigaro.fr\/nantes\/nantes-avec-la-reouverture-du-pont-anne-de-bretagne-aux-voitures-les-cyclistes-craignent-de-voir-s-exacerber-les-conflits-d-usage-20250708\" target=\"_blank\" data-fig-type=\"NewsFlash\" rel=\"noopener nofollow\" data-gtm-custom-categorie=\"navigation\" data-gtm-custom-action=\"crossclick\" data-gtm-custom-label=\"Contextuel\" data-gtm-event=\"customEventSPE\" data-fig-domain=\"LEFIGARO\">Nantes<\/a>, lundi soir. Ce drame, survenu sur la d\u00e9partementale 31 au lieu-dit La Foucaudi\u00e8re, dans la commune de Petit-Mars, a \u00f4t\u00e9 la vie de deux femmes. Vers 18h20, 14 pompiers ont \u00e9t\u00e9 mobilis\u00e9s pour ce \u00abchoc frontal \u00e0 forte cin\u00e9tique\u00bb entre deux v\u00e9hicules l\u00e9gers, indique le centre op\u00e9rationnel d\u2019incendie et de secours de Loire-Atlantique.<\/p>\n<p class=\"fig-paragraph\">\u00c0 leur arriv\u00e9e, les secours ont malheureusement constat\u00e9 qu\u2019une conductrice de 34 ans \u00e9tait d\u00e9c\u00e9d\u00e9e, apr\u00e8s avoir \u00e9t\u00e9 \u00e9ject\u00e9e de sa voiture. L\u2019autre automobiliste, une femme de 51 ans, a de son c\u00f4t\u00e9 \u00e9t\u00e9 \u00abd\u00e9gag\u00e9e de son v\u00e9hicule en arr\u00eate respiratoire\u00bb. La tentative de r\u00e9animation n\u2019a pas permis de lui redonner la vie. Le maire de la commune et la gendarmerie nationale, qui m\u00e8ne des investigations pour retracer les faits, se sont \u00e9galement rendus sur les lieux.<\/p>\n<p>                                    <a class=\"fig-a11y-skip a11y-hidden\" href=\"#fig-a11y-skip-main-inarticle\"><br \/>\n        Passer la publicit\u00e9<br \/>\n    <\/a><\/p>\n<p class=\"fig-paragraph\">Ce week-end,\u00a0<a href=\"http:\/\/www.lefigaro.fr\/nantes\/loire-atlantique-choc-frontal-entre-deux-voitures-un-jeune-homme-de-20-ans-meurt-et-une-fillette-transportee-a-l-hopital-20250707\" target=\"_blank\" data-fig-type=\"NewsFlash\" rel=\"noopener nofollow\" data-gtm-custom-categorie=\"navigation\" data-gtm-custom-action=\"crossclick\" data-gtm-custom-label=\"Contextuel\" data-gtm-event=\"customEventSPE\" data-fig-domain=\"LEFIGARO\">un autre drame<\/a>\u00a0au nord-ouest de ce m\u00eame d\u00e9partement de Loire-Atlantique a eu lieu \u00e0 Pontch\u00e2teau, au cours duquel un jeune homme de 20 ans est mort. Une fillette de 7 ans, en \u00e9tat grave sur le coup, a \u00e9t\u00e9 hospitalis\u00e9e mais son pronostic vital n\u2019est plus engag\u00e9.<\/p>\n","protected":false},"excerpt":{"rendered":"Cet accident, survenu lundi soir \u00e0 Petit-Mars, au nord du d\u00e9partement, est le deuxi\u00e8me en deux jours. La&hellip;\n","protected":false},"author":2,"featured_media":235027,"comment_status":"","ping_status":"","sticky":false,"template":"","format":"standard","meta":{"footnotes":""},"categories":[2818],"tags":[119,1111,11,1777,674,1011,27,766,12,2636,25],"class_list":{"0":"post-235026","1":"post","2":"type-post","3":"status-publish","4":"format-standard","5":"has-post-thumbnail","7":"category-nantes","8":"tag-accident","9":"tag-actu","10":"tag-actualites","11":"tag-eu","12":"tag-europe","13":"tag-fr","14":"tag-france","15":"tag-nantes","16":"tag-news","17":"tag-pays-de-la-loire","18":"tag-republique-francaise"},"share_on_mastodon":{"url":"https:\/\/pubeurope.com\/@fr\/114817456130444864","error":""},"_links":{"self":[{"href":"https:\/\/www.europesays.com\/fr\/wp-json\/wp\/v2\/posts\/235026","targetHints":{"allow":["GET"]}}],"collection":[{"href":"https:\/\/www.europesays.com\/fr\/wp-json\/wp\/v2\/posts"}],"about":[{"href":"https:\/\/www.europesays.com\/fr\/wp-json\/wp\/v2\/types\/post"}],"author":[{"embeddable":true,"href":"https:\/\/www.europesays.com\/fr\/wp-json\/wp\/v2\/users\/2"}],"replies":[{"embeddable":true,"href":"https:\/\/www.europesays.com\/fr\/wp-json\/wp\/v2\/comments?post=235026"}],"version-history":[{"count":0,"href":"https:\/\/www.europesays.com\/fr\/wp-json\/wp\/v2\/posts\/235026\/revisions"}],"wp:featuredmedia":[{"embeddable":true,"href":"https:\/\/www.europesays.com\/fr\/wp-json\/wp\/v2\/media\/235027"}],"wp:attachment":[{"href":"https:\/\/www.europesays.com\/fr\/wp-json\/wp\/v2\/media?parent=235026"}],"wp:term":[{"taxonomy":"category","embeddable":true,"href":"https:\/\/www.europesays.com\/fr\/wp-json\/wp\/v2\/categories?post=235026"},{"taxonomy":"post_tag","embeddable":true,"href":"https:\/\/www.europesays.com\/fr\/wp-json\/wp\/v2\/tags?post=235026"}],"curies":[{"name":"wp","href":"https:\/\/api.w.org\/{rel}","templated":true}]}}