{"id":235034,"date":"2025-07-08T11:51:08","date_gmt":"2025-07-08T11:51:08","guid":{"rendered":"https:\/\/www.europesays.com\/fr\/235034\/"},"modified":"2025-07-08T11:51:08","modified_gmt":"2025-07-08T11:51:08","slug":"tbs-education-officialise-un-vaste-projet-immobilier-sur-deux-sites-de-toulouse-ce-qui-est-prevu","status":"publish","type":"post","link":"https:\/\/www.europesays.com\/fr\/235034\/","title":{"rendered":"TBS Education officialise un vaste projet immobilier sur deux sites de Toulouse : ce qui est pr\u00e9vu"},"content":{"rendered":"<p>            Par<br \/>\n        <strong><br \/>\n            <a href=\"https:\/\/actu.fr\/auteur\/david-saint-sernin\" title=\"Consulter tous les articles de David Saint-Sernin\" target=\"_blank\" rel=\"noopener\">David Saint-Sernin<\/a><br \/>\n        <\/strong><\/p>\n<p>        Publi\u00e9 le<\/p>\n<p>            8 juil. 2025 \u00e0 13h22        <\/p>\n<p><a href=\"https:\/\/actu.fr\/occitanie\/toulouse_31555\/toulouse-tbs-education-bondit-au-top-mondial-des-grandes-ecoles-de-management_60065306.html\" target=\"_blank\" rel=\"noopener\">TBS \u00c9ducation, l\u2019\u00e9cole de commerce de Toulouse<\/a>, a officialis\u00e9, lundi 7\u00a0juillet 2025, un<strong> vaste projet immobilier<\/strong> qui va se concr\u00e9tiser sur deux sites \u00e0 Toulouse. Deux sites o\u00f9 elle est d\u00e9j\u00e0 pr\u00e9sente, mais sur lesquels elle compte d\u00e9velopper son offre d\u00e8s les prochaines ann\u00e9es. Ce projet qu\u2019elle \u00e9value <strong>\u00e0 100\u00a0millions d\u2019euros<\/strong>, qui vise \u00e0 \u00ab\u2009revoir de fond en comble\u2009\u00bb ses campus toulousains avait-elle assur\u00e9 d\u00e9but 2024, doit lui permettre de rivaliser avec les autres \u00e9coles de commerces, en proposant des locaux plus modernes. Ce vaste projet immobilier intervient deux ans apr\u00e8s l\u2019arr\u00eat de son pr\u00e9c\u00e9dent projet qui prenait place au niveau du Palais des Sports, pr\u00e8s de la station de m\u00e9tro <a href=\"https:\/\/actu.fr\/occitanie\/toulouse_31555\/en-images-toulouse-voici-le-projet-qui-va-voir-le-jour-sur-le-site-de-l-ancienne-cite-administrative_62722377.html\" target=\"_blank\" rel=\"noopener\">Compans-Caffarelli.<\/a> Un projet abandonn\u00e9 en raison \u00ab\u2009d\u2019une hausse significative des co\u00fbts\u2009\u00bb, rappelle l\u2019\u00e9cole ce lundi qui d\u00e9voile les nouveaux am\u00e9nagements pr\u00e9vus. Les d\u00e9tails.<\/p>\n<p>Un projet immobilier \u00e0 Entiore et Compans<\/p>\n<p class=\" wall-content\">C\u2019est le 24\u00a0juin dernier que le conseil administration de l\u2019\u00e9cole a valid\u00e9 le lancement de ce projet. \u00ab\u2009Un cap d\u00e9cisif\u2009\u00bb, assure l\u2019\u00e9cole qui se pr\u00e9pare \u00e0 un d\u00e9marrage des travaux pour l\u2019ann\u00e9e 2026.<\/p>\n<p class=\" wall-content\">Comme elle l\u2019avait annonc\u00e9 en 2024, l\u2019\u00e9cole compte se d\u00e9velopper sur deux sites d\u00e9j\u00e0 bien connus de ses \u00e9tudiants\u2009: <strong>Entiore et Lascrosses<\/strong>.<\/p>\n<p class=\" wall-content\">\u00ab\u2009Le campus d\u2019Entiore, situ\u00e9 \u00e0 Quint-Fonsegrives, deviendra le c\u0153ur\u00a0op\u00e9rationnel de l\u2019\u00e9cole, avec un mod\u00e8le de campus \u00e0 l\u2019anglo-saxonne m\u00ealant infrastructures acad\u00e9miques et sportives, r\u00e9sidence \u00e9tudiante en collaboration avec la CCI Toulouse Haute-Garonne, espaces \u00e9v\u00e9nementiels et zones de vie\u2009\u00bb, explique TBS \u00c9ducation qui poursuit\u2009:<\/p>\n<p class=\" wall-content\">\u00ab\u2009Le <strong>site embl\u00e9matique de Lascrosses<\/strong>, ancr\u00e9 au c\u0153ur de Toulouse depuis 1987, sera valoris\u00e9 comme lieu central des rencontres, de l\u2019\u00e9v\u00e9nementiel et des \u00e9changes des apprenants avec les entreprises, les alumni et les acteurs du territoire. Sa transformation interviendra en derni\u00e8re phase, \u00e0 horizon 2030\u2009\u00bb.<\/p>\n<p>D\u00e9marrage du premier chantier en 2026<\/p>\n<p class=\" wall-content\">Le premier chantier sera lanc\u00e9 en 2026 selon le calendrier pr\u00e9visionnel de l\u2019\u00e9cole. Il s\u2019agira de fonder <strong>un campus sportif \u00e0 Entiore<\/strong> avec \u00ab\u2009la cr\u00e9ation d\u2019un stade mixte de football et rugby, un plateau multisports avec un city-stade et des terrains de basket 3\u00d73, des espaces de pratique sportive en ext\u00e9rieur de type Crossfit ou Hyrox, des cheminements paysagers et zones de d\u00e9tente \u00e0 ciel ouvert\u2009\u00bb. Un complexe sportif qui serait livr\u00e9 au cours de l\u2019ann\u00e9e 2026-2027.<\/p>\n<p class=\" wall-content\">\u00ab\u2009Nous pensons l\u2019\u00e9ducation au-del\u00e0 des murs et des dipl\u00f4mes. Ce campus sera un lieu d\u2019exp\u00e9riences multiples, de rencontres et de transformation. Il exprimera pleinement notre engagement pour une p\u00e9dagogie du bien-\u00eatre, de la responsabilit\u00e9 et de l\u2019ambition\u2009\u00bb, assure St\u00e9phanie Lavigne, Directrice G\u00e9n\u00e9rale de TBS \u00c9ducation, dans un communiqu\u00e9.<\/p>\n<p>Plusieurs projets depuis 15\u00a0ans<\/p>\n<p class=\" wall-content\">Avant de stabiliser ce projet, TBS \u00c9ducation a \u00e9tudi\u00e9 de nombreuses possibilit\u00e9s pour cr\u00e9er son nouveau campus. Il y a d\u2019abord eu, en 2013,<a href=\"https:\/\/actu.fr\/occitanie\/toulouse_31555\/toulouse-business-school-tbs-ne-demenagera-pas-dans-lex-prison-saint-michel_3479758.html\" target=\"_blank\" rel=\"noopener\"> l\u2019hypoth\u00e8se d\u2019une installation dans le b\u00e2timent de l\u2019ex-prison Saint-Michel,<\/a> quand l\u2019\u00c9tat s\u2019\u00e9tait d\u00e9clar\u00e9 vendeur de l\u2019infrastructure. Trop complexe et trop cher. Puis, <a href=\"https:\/\/actu.fr\/occitanie\/toulouse_31555\/decryptage-pourquoi-la-vente-de-limmense-terrain-du-ceat-a-toulouse-prend-plus-de-temps-que-prevu_3563842.html\" target=\"_blank\" rel=\"noopener\">un d\u00e9m\u00e9nagement sur les terrains du CEAT a \u00e9t\u00e9 \u00e9voqu\u00e9<\/a>. La piste a \u00e9t\u00e9 abandonn\u00e9e en 2016.<\/p>\n<p class=\" wall-content\">Puis, \u00e0 partir de novembre\u00a02018, <a href=\"https:\/\/actu.fr\/occitanie\/toulouse_31555\/toulouse-projet-campus-porte-ecole-commerce-desormais-seul-lice-compans_21386501.html\" target=\"_blank\" rel=\"noopener\">l\u2019\u00e9cole a \u00e9tudi\u00e9 la possibilit\u00e9 de la cr\u00e9ation d\u2019un campus au niveau du palais des Sports.<\/a> Un projet \u00e9tudi\u00e9 pendant plusieurs ann\u00e9es, puis finalement <a href=\"https:\/\/actu.fr\/occitanie\/toulouse_31555\/toulouse-un-enorme-projet-immobilier-abandonne-en-ville-les-raisons_60080823.html\" target=\"_blank\" rel=\"noopener\">abandonn\u00e9 en 2023.<\/a><\/p>\n<p class=\" wall-content\">Suivez toute l\u2019actualit\u00e9 de vos villes et m\u00e9dias favoris en vous inscrivant \u00e0 <a href=\"https:\/\/moncompte.actu.fr\" title=\"D\u00e9couvez Mon Actu\" rel=\"nofollow noopener\" data-trk=\"{&quot;cta&quot;:{&quot;action&quot;:&quot;https:\\\/\\\/moncompte.actu.fr&quot;,&quot;category&quot;:&quot;mon compte&quot;,&quot;from&quot;:&quot;article footer&quot;,&quot;name&quot;:&quot;Mon actu&quot;,&quot;type&quot;:&quot;cta&quot;}}\" target=\"_blank\">Mon Actu<\/a>.<\/p>\n","protected":false},"excerpt":{"rendered":"Par David Saint-Sernin Publi\u00e9 le 8 juil. 2025 \u00e0 13h22 TBS \u00c9ducation, l\u2019\u00e9cole de commerce de Toulouse, a&hellip;\n","protected":false},"author":2,"featured_media":235035,"comment_status":"","ping_status":"","sticky":false,"template":"","format":"standard","meta":{"footnotes":""},"categories":[2816],"tags":[1111,11,4019,1777,674,1011,27,12,2680,25,104,2312],"class_list":{"0":"post-235034","1":"post","2":"type-post","3":"status-publish","4":"format-standard","5":"has-post-thumbnail","7":"category-toulouse","8":"tag-actu","9":"tag-actualites","10":"tag-ecoles","11":"tag-eu","12":"tag-europe","13":"tag-fr","14":"tag-france","15":"tag-news","16":"tag-occitanie","17":"tag-republique-francaise","18":"tag-societe","19":"tag-toulouse"},"share_on_mastodon":{"url":"https:\/\/pubeurope.com\/@fr\/114817471854854172","error":""},"_links":{"self":[{"href":"https:\/\/www.europesays.com\/fr\/wp-json\/wp\/v2\/posts\/235034","targetHints":{"allow":["GET"]}}],"collection":[{"href":"https:\/\/www.europesays.com\/fr\/wp-json\/wp\/v2\/posts"}],"about":[{"href":"https:\/\/www.europesays.com\/fr\/wp-json\/wp\/v2\/types\/post"}],"author":[{"embeddable":true,"href":"https:\/\/www.europesays.com\/fr\/wp-json\/wp\/v2\/users\/2"}],"replies":[{"embeddable":true,"href":"https:\/\/www.europesays.com\/fr\/wp-json\/wp\/v2\/comments?post=235034"}],"version-history":[{"count":0,"href":"https:\/\/www.europesays.com\/fr\/wp-json\/wp\/v2\/posts\/235034\/revisions"}],"wp:featuredmedia":[{"embeddable":true,"href":"https:\/\/www.europesays.com\/fr\/wp-json\/wp\/v2\/media\/235035"}],"wp:attachment":[{"href":"https:\/\/www.europesays.com\/fr\/wp-json\/wp\/v2\/media?parent=235034"}],"wp:term":[{"taxonomy":"category","embeddable":true,"href":"https:\/\/www.europesays.com\/fr\/wp-json\/wp\/v2\/categories?post=235034"},{"taxonomy":"post_tag","embeddable":true,"href":"https:\/\/www.europesays.com\/fr\/wp-json\/wp\/v2\/tags?post=235034"}],"curies":[{"name":"wp","href":"https:\/\/api.w.org\/{rel}","templated":true}]}}